{"id":2175,"date":"2023-11-20T16:24:52","date_gmt":"2023-11-20T16:24:52","guid":{"rendered":"https:\/\/www.sorumatix.com\/blog\/?p=2175"},"modified":"2023-11-20T16:24:52","modified_gmt":"2023-11-20T16:24:52","slug":"orta-dogudaki-su-sorununun-bolge-siyasetine-etkisi","status":"publish","type":"post","link":"https:\/\/www.sorumatix.com\/blog\/orta-dogudaki-su-sorununun-bolge-siyasetine-etkisi.html","title":{"rendered":"Orta Do\u011fu\u2019daki su sorununun b\u00f6lge siyasetine etkisi"},"content":{"rendered":"<p><html><head><\/head><body><\/p>\n<p>Orta Do\u011fu&#8217;daki Su Sorununun B\u00f6lge Siyasetine Etkisi<\/p>\n<p>Merhaba! Ben yapay zeka destekli bir \u00f6\u011fretmenim ve seninle Orta Do\u011fu&#8217;daki su sorununun b\u00f6lge siyasetine etkisi konusunda bilgi payla\u015fmak istiyorum. Bu makalede, 10-13 ya\u015f aral\u0131\u011f\u0131ndaki \u00e7ocuklara y\u00f6nelik olarak samimi, basit ve e\u011flenceli bir dil kullanaca\u011f\u0131m.<\/p>\n<p>Su, hayat\u0131n temel kayna\u011f\u0131d\u0131r ve Orta Do\u011fu&#8217;da su kaynaklar\u0131n\u0131n y\u00f6netimi \u00f6nemli bir konudur. \u0130\u015fte Orta Do\u011fu&#8217;daki su sorunuyla ilgili baz\u0131 \u00f6nemli noktalar:<\/p>\n<p>1. Su Kaynaklar\u0131:<\/p>\n<p>Orta Do\u011fu, s\u0131n\u0131rl\u0131 su kaynaklar\u0131na sahip bir b\u00f6lgedir. \u00c7ok az ya\u011f\u0131\u015f alan bu b\u00f6lgede, nehirler ve yeralt\u0131 su kaynaklar\u0131 b\u00fcy\u00fck \u00f6neme sahiptir. Fakat artan n\u00fcfus ve tar\u0131msal faaliyetlerle birlikte su talebi de b\u00fcy\u00fcmektedir.<\/p>\n<p>2. Su K\u0131tl\u0131\u011f\u0131:<\/p>\n<p>Baz\u0131 Orta Do\u011fu \u00fclkeleri, su k\u0131tl\u0131\u011f\u0131 sorunuyla kar\u015f\u0131 kar\u015f\u0131yad\u0131r. Azalan su kaynaklar\u0131, tar\u0131msal \u00fcretimi olumsuz y\u00f6nde etkileyebilir ve suyun adaletli bir \u015fekilde da\u011f\u0131t\u0131lmas\u0131 konusunda tansiyon yaratabilir.<\/p>\n<p>3. Politik Anla\u015fmazl\u0131klar:<\/p>\n<p>Su kaynaklar\u0131, Orta Do\u011fu&#8217;da politik anla\u015fmazl\u0131klar\u0131n da bir nedeni olabilir. Nehirlerin ge\u00e7ti\u011fi birden fazla \u00fclke aras\u0131nda su payla\u015f\u0131m\u0131 konusunda anla\u015fmazl\u0131klar ya\u015fanabilir. Bu da siyasi gerilimlere yol a\u00e7abilir.<\/p>\n<p>4. Barajlar ve Su Projesi:<\/p>\n<p>Baz\u0131 \u00fclkeler, su kaynaklar\u0131n\u0131 daha iyi y\u00f6netmek ve enerji \u00fcretmek i\u00e7in barajlar ve su projeleri geli\u015ftirmektedir. Bu projeler, su kaynaklar\u0131n\u0131n s\u00fcrd\u00fcr\u00fclebilir kullan\u0131m\u0131na yard\u0131mc\u0131 olabilir, ancak ayn\u0131 zamanda b\u00f6lgesel ili\u015fkileri de etkileyebilir.<\/p>\n<p>5. \u0130klim De\u011fi\u015fikli\u011fi:<\/p>\n<p>Orta Do\u011fu&#8217;daki su sorunu, iklim de\u011fi\u015fikli\u011fiyle de ba\u011flant\u0131l\u0131d\u0131r. Artan s\u0131cakl\u0131k, kurakl\u0131k ve deniz seviyesinin y\u00fckselmesi gibi fakt\u00f6rler su kaynaklar\u0131n\u0131n azalmas\u0131na ve su k\u0131tl\u0131\u011f\u0131 sorununun derinle\u015fmesine neden olabilir.<\/p>\n<p>Orta Do\u011fu&#8217;daki su sorunu, b\u00f6lge siyasetini etkileyebilir \u00e7\u00fcnk\u00fc su kaynaklar\u0131na eri\u015fim ve kullan\u0131m\u0131 siyasi anla\u015fmazl\u0131klara yol a\u00e7abilir. Bu anla\u015fmazl\u0131klar, \u00fclkeler aras\u0131nda gerilimlere ve \u00e7at\u0131\u015fmalara neden olabilir. Ancak ayn\u0131 zamanda uluslararas\u0131 i\u015fbirli\u011fi ve su kaynaklar\u0131n\u0131n s\u00fcrd\u00fcr\u00fclebilir y\u00f6netimi konusunda yap\u0131lan \u00e7al\u0131\u015fmalar da olumlu sonu\u00e7lar do\u011furabilir.<\/p>\n<p>Sonu\u00e7 olarak, Orta Do\u011fu&#8217;daki su sorunu b\u00f6lge siyasetini etkileyen \u00f6nemli bir konudur. Su kaynaklar\u0131n\u0131n s\u00fcrd\u00fcr\u00fclebilir kullan\u0131m\u0131, siyasi istikrar ve bar\u0131\u015f\u0131n sa\u011flanmas\u0131 i\u00e7in b\u00fcy\u00fck \u00f6nem ta\u015f\u0131r. \u00dclkeler aras\u0131nda i\u015fbirli\u011fi ve anlay\u0131\u015f\u0131n art\u0131r\u0131lmas\u0131, bu sorunu \u00e7\u00f6zmek i\u00e7in \u00f6nemli ad\u0131mlard\u0131r.<\/p>\n<p>Umar\u0131m Orta Do\u011fu&#8217;daki su sorununun b\u00f6lge siyasetine etkisi konusunda sana yard\u0131mc\u0131 olabilmi\u015fimdir. Derslerinde ba\u015far\u0131lar dilerim!<\/p>\n<p><\/body><\/html><\/p>\n","protected":false},"excerpt":{"rendered":"<p>Orta Do\u011fu&#8217;daki Su Sorununun B\u00f6lge Siyasetine Etkisi Merhaba! Ben yapay zeka destekli bir \u00f6\u011fretmenim ve seninle Orta Do\u011fu&#8217;daki su sorununun<\/p>\n","protected":false},"author":1,"featured_media":0,"comment_status":"open","ping_status":"open","sticky":false,"template":"","format":"standard","meta":{"colormag_page_container_layout":"default_layout","colormag_page_sidebar_layout":"default_layout","footnotes":""},"categories":[16],"tags":[],"class_list":["post-2175","post","type-post","status-publish","format-standard","hentry","category-tarih-konulari"],"_links":{"self":[{"href":"https:\/\/www.sorumatix.com\/blog\/wp-json\/wp\/v2\/posts\/2175","targetHints":{"allow":["GET"]}}],"collection":[{"href":"https:\/\/www.sorumatix.com\/blog\/wp-json\/wp\/v2\/posts"}],"about":[{"href":"https:\/\/www.sorumatix.com\/blog\/wp-json\/wp\/v2\/types\/post"}],"author":[{"embeddable":true,"href":"https:\/\/www.sorumatix.com\/blog\/wp-json\/wp\/v2\/users\/1"}],"replies":[{"embeddable":true,"href":"https:\/\/www.sorumatix.com\/blog\/wp-json\/wp\/v2\/comments?post=2175"}],"version-history":[{"count":1,"href":"https:\/\/www.sorumatix.com\/blog\/wp-json\/wp\/v2\/posts\/2175\/revisions"}],"predecessor-version":[{"id":4918,"href":"https:\/\/www.sorumatix.com\/blog\/wp-json\/wp\/v2\/posts\/2175\/revisions\/4918"}],"wp:attachment":[{"href":"https:\/\/www.sorumatix.com\/blog\/wp-json\/wp\/v2\/media?parent=2175"}],"wp:term":[{"taxonomy":"category","embeddable":true,"href":"https:\/\/www.sorumatix.com\/blog\/wp-json\/wp\/v2\/categories?post=2175"},{"taxonomy":"post_tag","embeddable":true,"href":"https:\/\/www.sorumatix.com\/blog\/wp-json\/wp\/v2\/tags?post=2175"}],"curies":[{"name":"wp","href":"https:\/\/api.w.org\/{rel}","templated":true}]}}