{"id":2199,"date":"2023-09-09T09:09:52","date_gmt":"2023-09-09T09:09:52","guid":{"rendered":"https:\/\/www.sorumatix.com\/blog\/?p=2199"},"modified":"2023-09-09T09:09:52","modified_gmt":"2023-09-09T09:09:52","slug":"birinci-dunya-savasindan-sonra-orta-doguda-manda-yonetimlerinin-kurulmasi","status":"publish","type":"post","link":"https:\/\/www.sorumatix.com\/blog\/birinci-dunya-savasindan-sonra-orta-doguda-manda-yonetimlerinin-kurulmasi.html","title":{"rendered":"Birinci D\u00fcnya Sava\u015f\u0131\u2019ndan sonra Orta Do\u011fu\u2019da manda y\u00f6netimlerinin kurulmas\u0131"},"content":{"rendered":"<p><html><head><\/head><body><center><img decoding=\"async\" src=\"https:\/\/www.sorumatix.com\/blog\/wp-content\/uploads\/2023\/09\/uploaded-image-birinci-dunya-savasindan-sonra-orta-doguda-manda-yonetimlerinin-kurulmasi-1693826760805.jpg\" title=\"Birinci D\u00fcnya Sava\u015f\u0131\u2019ndan sonra Orta Do\u011fu\u2019da manda y\u00f6netimlerinin kurulmas\u0131 \" alt=\"Birinci D\u00fcnya Sava\u015f\u0131\u2019ndan sonra Orta Do\u011fu\u2019da manda y\u00f6netimlerinin kurulmas\u0131 \"><\/center><\/p>\n<p>Orta Do\u011fu&#8217;da Manda Y\u00f6netimleri: Birinci D\u00fcnya Sava\u015f\u0131 Sonras\u0131<\/p>\n<p>Birinci D\u00fcnya Sava\u015f\u0131&#8217;n\u0131n sona ermesiyle d\u00fcnya tarihinde pek \u00e7ok de\u011fi\u015fiklik ya\u015fand\u0131. Bu d\u00f6nemde Orta Do\u011fu, b\u00fcy\u00fck bir d\u00f6n\u00fc\u015f\u00fcm s\u00fcrecine girdi ve b\u00f6lgede manda y\u00f6netimleri kuruldu. Peki, Birinci D\u00fcnya Sava\u015f\u0131&#8217;ndan sonra Orta Do\u011fu&#8217;da neler oldu? \u0130\u015fte bu \u00f6nemli konuya ili\u015fkin merak etti\u011finiz detaylar:<\/p>\n<p>1. Osmanl\u0131 \u0130mparatorlu\u011fu&#8217;nun Da\u011f\u0131lmas\u0131:<\/p>\n<p><center><img decoding=\"async\" src=\"https:\/\/www.sorumatix.com\/blog\/wp-content\/uploads\/2023\/09\/uploaded-image-birinci-dunya-savasindan-sonra-orta-doguda-manda-yonetimlerinin-kurulmasi-1693826762925.jpg\" title=\"Birinci D\u00fcnya Sava\u015f\u0131\u2019ndan sonra Orta Do\u011fu\u2019da manda y\u00f6netimlerinin kurulmas\u0131 \" alt=\"Birinci D\u00fcnya Sava\u015f\u0131\u2019ndan sonra Orta Do\u011fu\u2019da manda y\u00f6netimlerinin kurulmas\u0131 \"><\/center><\/p>\n<p>Birinci D\u00fcnya Sava\u015f\u0131&#8217;nda Osmanl\u0131 \u0130mparatorlu\u011fu, Almanya ve Avusturya-Macaristan \u0130mparatorlu\u011fu&#8217;yla ittifak halinde yer ald\u0131. Ancak sava\u015f\u0131n sonucunda Osmanl\u0131 \u0130mparatorlu\u011fu yenildi ve par\u00e7aland\u0131. Bu durum, b\u00f6lgede yeni siyasi yap\u0131lar\u0131n olu\u015fmas\u0131na yol a\u00e7t\u0131.<\/p>\n<p>2. Manda Sistemi Nedir?<\/p>\n<p>Manda sistemi, Birle\u015fmi\u015f Milletler&#8217;in s\u00f6m\u00fcrgeci g\u00fc\u00e7lerin denetimi alt\u0131nda bulunan b\u00f6lgelere ge\u00e7ici bir s\u00fcre i\u00e7in y\u00f6netim ve denetim sa\u011flamas\u0131 anlam\u0131na gelir. Bu sistem, Birinci D\u00fcnya Sava\u015f\u0131 sonras\u0131 Orta Do\u011fu&#8217;da uygulanmaya ba\u015fland\u0131.<\/p>\n<p>3. Mandater Devletler:<\/p>\n<p>Birle\u015fmi\u015f Milletler, Orta Do\u011fu&#8217;da manda y\u00f6netimlerinin kurulmas\u0131 i\u00e7in baz\u0131 devletleri g\u00f6revlendirdi. \u0130ngiltere ve Fransa, b\u00f6lgedeki en etkili mandater devletler oldu. \u0130ngiltere Filistin, Irak ve \u00dcrd\u00fcn \u00fczerinde, Fransa ise Suriye ve L\u00fcbnan \u00fczerinde mandaterlik yapmaya ba\u015flad\u0131.<\/p>\n<p>4. B\u00f6lgesel Sorunlar:<\/p>\n<p>Manda y\u00f6netimleriyle birlikte Orta Do\u011fu&#8217;da baz\u0131 sorunlar ortaya \u00e7\u0131kt\u0131. \u0130ngiltere ve Fransa&#8217;n\u0131n \u00e7\u0131karlar\u0131 do\u011frultusunda s\u0131n\u0131rlar belirlendi ve etnik gruplar aras\u0131nda gerilimler ya\u015fand\u0131. Bu durum, b\u00f6lgedeki toplumsal ve siyasi dengeleri olumsuz etkiledi.<\/p>\n<p>5. Ulusal Hareketler ve Ba\u011f\u0131ms\u0131zl\u0131k M\u00fccadeleleri:<\/p>\n<p>Manda y\u00f6netimlerinin kurulmas\u0131n\u0131n ard\u0131ndan Orta Do\u011fu&#8217;da ulusal hareketler ve ba\u011f\u0131ms\u0131zl\u0131k m\u00fccadeleleri h\u0131z kazand\u0131. B\u00f6lge halklar\u0131, yabanc\u0131 egemenli\u011fe kar\u015f\u0131 direni\u015f g\u00f6stererek kendi kaderlerini tayin etme hakk\u0131n\u0131 savundu.<\/p>\n<p>6. Sonu\u00e7lar\u0131:<\/p>\n<p>Manda y\u00f6netimleri, Orta Do\u011fu&#8217;daki siyasi haritay\u0131 belirleyen \u00f6nemli bir d\u00f6n\u00fcm noktas\u0131 oldu. Bu s\u00fcre\u00e7, b\u00f6lgedeki etnik ve dini farkl\u0131l\u0131klar\u0131 derinle\u015ftirdi ve ilerleyen y\u0131llarda mezhebi \u00e7at\u0131\u015fmalara zemin haz\u0131rlad\u0131. Ayn\u0131 zamanda, ulusal hareketlerin g\u00fc\u00e7lenmesiyle birlikte ba\u011f\u0131ms\u0131z devletlerin kurulu\u015fu da h\u0131zland\u0131.<\/p>\n<p>Birinci D\u00fcnya Sava\u015f\u0131 sonras\u0131 Orta Do\u011fu&#8217;da manda y\u00f6netimlerinin kurulmas\u0131, b\u00f6lgenin tarihini derinden etkileyen \u00f6nemli bir olayd\u0131r. Bu s\u00fcre\u00e7, b\u00f6lgedeki siyasi, sosyal ve k\u00fclt\u00fcrel dinamikler \u00fczerinde uzun vadeli etkiler b\u0131rakm\u0131\u015ft\u0131r. T\u00fcm bu de\u011fi\u015fimler, Orta Do\u011fu&#8217;nun g\u00fcn\u00fcm\u00fczdeki karma\u015f\u0131k durumunu anlamak i\u00e7in \u00f6nemlidir.<\/p>\n<p>*Bu makale, wordpress tabanl\u0131 bir sistemde kullan\u0131lmak \u00fczere \u00f6zg\u00fcn olarak yaz\u0131lm\u0131\u015ft\u0131r.<\/p>\n<p><\/body><\/html><\/p>\n","protected":false},"excerpt":{"rendered":"<p>Orta Do\u011fu&#8217;da Manda Y\u00f6netimleri: Birinci D\u00fcnya Sava\u015f\u0131 Sonras\u0131 Birinci D\u00fcnya Sava\u015f\u0131&#8217;n\u0131n sona ermesiyle d\u00fcnya tarihinde pek \u00e7ok de\u011fi\u015fiklik ya\u015fand\u0131. Bu<\/p>\n","protected":false},"author":1,"featured_media":2138,"comment_status":"open","ping_status":"open","sticky":false,"template":"","format":"standard","meta":{"colormag_page_container_layout":"default_layout","colormag_page_sidebar_layout":"default_layout","footnotes":""},"categories":[16],"tags":[],"class_list":["post-2199","post","type-post","status-publish","format-standard","has-post-thumbnail","hentry","category-tarih-konulari"],"_links":{"self":[{"href":"https:\/\/www.sorumatix.com\/blog\/wp-json\/wp\/v2\/posts\/2199","targetHints":{"allow":["GET"]}}],"collection":[{"href":"https:\/\/www.sorumatix.com\/blog\/wp-json\/wp\/v2\/posts"}],"about":[{"href":"https:\/\/www.sorumatix.com\/blog\/wp-json\/wp\/v2\/types\/post"}],"author":[{"embeddable":true,"href":"https:\/\/www.sorumatix.com\/blog\/wp-json\/wp\/v2\/users\/1"}],"replies":[{"embeddable":true,"href":"https:\/\/www.sorumatix.com\/blog\/wp-json\/wp\/v2\/comments?post=2199"}],"version-history":[{"count":0,"href":"https:\/\/www.sorumatix.com\/blog\/wp-json\/wp\/v2\/posts\/2199\/revisions"}],"wp:featuredmedia":[{"embeddable":true,"href":"https:\/\/www.sorumatix.com\/blog\/wp-json\/wp\/v2\/media\/2138"}],"wp:attachment":[{"href":"https:\/\/www.sorumatix.com\/blog\/wp-json\/wp\/v2\/media?parent=2199"}],"wp:term":[{"taxonomy":"category","embeddable":true,"href":"https:\/\/www.sorumatix.com\/blog\/wp-json\/wp\/v2\/categories?post=2199"},{"taxonomy":"post_tag","embeddable":true,"href":"https:\/\/www.sorumatix.com\/blog\/wp-json\/wp\/v2\/tags?post=2199"}],"curies":[{"name":"wp","href":"https:\/\/api.w.org\/{rel}","templated":true}]}}