{"id":2203,"date":"2023-11-01T09:24:52","date_gmt":"2023-11-01T09:24:52","guid":{"rendered":"https:\/\/www.sorumatix.com\/blog\/?p=2203"},"modified":"2023-11-01T09:24:52","modified_gmt":"2023-11-01T09:24:52","slug":"yumusama-doneminde-turkiyede-meydana-gelen-siyasi-ekonomik-ve-sosyokulturel-gelismeler","status":"publish","type":"post","link":"https:\/\/www.sorumatix.com\/blog\/yumusama-doneminde-turkiyede-meydana-gelen-siyasi-ekonomik-ve-sosyokulturel-gelismeler.html","title":{"rendered":"Yumu\u015fama D\u00f6nemi\u2019nde T\u00fcrkiye\u2019de meydana gelen siyasi, ekonomik ve sosyok\u00fclt\u00fcrel geli\u015fmeler"},"content":{"rendered":"<p><html><head><\/head><body><\/p>\n<p>Yumu\u015fama D\u00f6nemi\u2019nde T\u00fcrkiye\u2019de Meydana Gelen Siyasi, Ekonomik ve Sosyok\u00fclt\u00fcrel Geli\u015fmeler<\/p>\n<p>Merhaba! Bu makalede, T\u00fcrkiye&#8217;nin Yumu\u015fama D\u00f6nemi&#8217;nde (10-13 ya\u015f aras\u0131 \u00e7ocuklar\u0131n ya\u015fad\u0131\u011f\u0131 d\u00f6nem) siyasi, ekonomik ve sosyok\u00fclt\u00fcrel geli\u015fmeleri ele alaca\u011f\u0131z. Eminim ilgin\u00e7 bulacaks\u0131n\u0131z! Haydi ba\u015flayal\u0131m!<\/p>\n<p>Siyasi Geli\u015fmeler:<\/p>\n<p>1. Se\u00e7imler ve Demokrasi: Yumu\u015fama D\u00f6nemi boyunca, T\u00fcrkiye&#8217;de se\u00e7imler d\u00fczenlendi ve demokratik s\u00fcre\u00e7ler g\u00fc\u00e7lendirildi. Halk\u0131n oy kullanma hakk\u0131 ve demokrasiye olan inanc\u0131n artmas\u0131yla birlikte, siyasi kat\u0131l\u0131m da \u00f6nem kazand\u0131.<\/p>\n<p>2. Bar\u0131\u015f S\u00fcreci: Yumu\u015fama D\u00f6nemi&#8217;nde, T\u00fcrkiye&#8217;nin i\u00e7inde bulundu\u011fu \u00e7at\u0131\u015fma ve ter\u00f6r sorunlar\u0131na bar\u0131\u015f\u00e7\u0131l \u00e7\u00f6z\u00fcmler aranmaya ba\u015fland\u0131. Bu d\u00f6nemde, devletin ter\u00f6rle m\u00fccadele y\u00f6ntemleri de\u011fi\u015fti ve anla\u015fmazl\u0131klar\u0131n bar\u0131\u015f\u00e7\u0131l yollarla \u00e7\u00f6z\u00fclmesine odaklan\u0131ld\u0131.<\/p>\n<p>Ekonomik Geli\u015fmeler:<\/p>\n<p><center><img decoding=\"async\" src=\"https:\/\/www.sorumatix.com\/blog\/wp-content\/uploads\/2023\/09\/uploaded-image-yumusama-doneminde-turkiyede-meydana-gelen-siyasi-ekonomik-ve-sosyokulturel-gelismeler-1693826760331.jpg\" title=\"Yumu\u015fama D\u00f6nemi\u2019nde T\u00fcrkiye\u2019de meydana gelen siyasi, ekonomik ve sosyok\u00fclt\u00fcrel geli\u015fmeler \" alt=\"Yumu\u015fama D\u00f6nemi\u2019nde T\u00fcrkiye\u2019de meydana gelen siyasi, ekonomik ve sosyok\u00fclt\u00fcrel geli\u015fmeler \"><\/center><\/p>\n<p>1. \u0130stikrarl\u0131 B\u00fcy\u00fcme: Yumu\u015fama D\u00f6nemi&#8217;nde T\u00fcrkiye ekonomisi istikrarl\u0131 bir b\u00fcy\u00fcme g\u00f6sterdi. Ekonomik reformlar ve yat\u0131r\u0131m ortam\u0131n\u0131n iyile\u015ftirilmesiyle birlikte, i\u015f imkanlar\u0131 artt\u0131 ve gelir d\u00fczeyleri y\u00fckseldi.<\/p>\n<p>2. Yenilik\u00e7ilik ve Giri\u015fimcilik: Yumu\u015fama D\u00f6nemi&#8217;nde teknolojik ilerlemeler ve yenilik\u00e7ilik te\u015fvik edildi. Gen\u00e7ler aras\u0131nda giri\u015fimcilik ruhu yayg\u0131nla\u015ft\u0131 ve yeni i\u015f f\u0131rsatlar\u0131 do\u011fdu. Bu d\u00f6nemde start-up \u015firketlerinin say\u0131s\u0131 da artt\u0131.<\/p>\n<p>Sosyok\u00fclt\u00fcrel Geli\u015fmeler:<\/p>\n<p>1. E\u011fitim F\u0131rsatlar\u0131: Yumu\u015fama D\u00f6nemi&#8217;nde T\u00fcrkiye&#8217;de e\u011fitim f\u0131rsatlar\u0131 geni\u015fledi. \u00d6\u011frencilere daha fazla kaynak, teknoloji ve \u00f6\u011frenme imkan\u0131 sunuldu. Bilimsel ara\u015ft\u0131rmalar ve sanatsal faaliyetlere destek verildi.<\/p>\n<p><center><img decoding=\"async\" src=\"https:\/\/www.sorumatix.com\/blog\/wp-content\/uploads\/2023\/09\/uploaded-image-yumusama-doneminde-turkiyede-meydana-gelen-siyasi-ekonomik-ve-sosyokulturel-gelismeler-1693826763312.jpg\" title=\"Yumu\u015fama D\u00f6nemi\u2019nde T\u00fcrkiye\u2019de meydana gelen siyasi, ekonomik ve sosyok\u00fclt\u00fcrel geli\u015fmeler \" alt=\"Yumu\u015fama D\u00f6nemi\u2019nde T\u00fcrkiye\u2019de meydana gelen siyasi, ekonomik ve sosyok\u00fclt\u00fcrel geli\u015fmeler \"><\/center><\/p>\n<p>2. K\u00fclt\u00fcrel \u00c7e\u015fitlilik ve Tolerans: Yumu\u015fama D\u00f6nemi&#8217;nde toplumda k\u00fclt\u00fcrel \u00e7e\u015fitlilik ve ho\u015fg\u00f6r\u00fc anlay\u0131\u015f\u0131 artt\u0131. Farkl\u0131 k\u00fclt\u00fcrlere ve inan\u00e7lara sahip bireyler aras\u0131ndaki diyalog ve i\u015fbirli\u011fi g\u00fc\u00e7lendi.<\/p>\n<p>Bu makalede, T\u00fcrkiye&#8217;nin Yumu\u015fama D\u00f6nemi&#8217;nde ya\u015fanan siyasi, ekonomik ve sosyok\u00fclt\u00fcrel geli\u015fmelere de\u011findik. Bu d\u00f6nemde T\u00fcrkiye&#8217;nin h\u0131zla ilerledi\u011fini ve olumlu de\u011fi\u015fikliklerin ger\u00e7ekle\u015fti\u011fini g\u00f6rebiliriz. Siz de bu d\u00f6nemdeki geli\u015fmelere katk\u0131da bulunmak i\u00e7in \u00e7e\u015fitli alanlarda kendinizi geli\u015ftirebilirsiniz. Umar\u0131m bu makale ilginizi \u00e7ekmi\u015ftir!<\/p>\n<p>Kaynaklar:<\/p>\n<p>&#8211; T\u00fcrkiye \u0130statistik Kurumu (T\u00dc\u0130K)<\/p>\n<p>&#8211; T\u00fcrkiye Ekonomi Politikalar\u0131 Ara\u015ft\u0131rma Vakf\u0131 (TEPAV)<\/p>\n<p><\/body><\/html><\/p>\n","protected":false},"excerpt":{"rendered":"<p>Yumu\u015fama D\u00f6nemi\u2019nde T\u00fcrkiye\u2019de Meydana Gelen Siyasi, Ekonomik ve Sosyok\u00fclt\u00fcrel Geli\u015fmeler Merhaba! Bu makalede, T\u00fcrkiye&#8217;nin Yumu\u015fama D\u00f6nemi&#8217;nde (10-13 ya\u015f aras\u0131 \u00e7ocuklar\u0131n<\/p>\n","protected":false},"author":1,"featured_media":2144,"comment_status":"open","ping_status":"open","sticky":false,"template":"","format":"standard","meta":{"colormag_page_container_layout":"default_layout","colormag_page_sidebar_layout":"default_layout","footnotes":""},"categories":[16],"tags":[],"class_list":["post-2203","post","type-post","status-publish","format-standard","has-post-thumbnail","hentry","category-tarih-konulari"],"_links":{"self":[{"href":"https:\/\/www.sorumatix.com\/blog\/wp-json\/wp\/v2\/posts\/2203","targetHints":{"allow":["GET"]}}],"collection":[{"href":"https:\/\/www.sorumatix.com\/blog\/wp-json\/wp\/v2\/posts"}],"about":[{"href":"https:\/\/www.sorumatix.com\/blog\/wp-json\/wp\/v2\/types\/post"}],"author":[{"embeddable":true,"href":"https:\/\/www.sorumatix.com\/blog\/wp-json\/wp\/v2\/users\/1"}],"replies":[{"embeddable":true,"href":"https:\/\/www.sorumatix.com\/blog\/wp-json\/wp\/v2\/comments?post=2203"}],"version-history":[{"count":0,"href":"https:\/\/www.sorumatix.com\/blog\/wp-json\/wp\/v2\/posts\/2203\/revisions"}],"wp:featuredmedia":[{"embeddable":true,"href":"https:\/\/www.sorumatix.com\/blog\/wp-json\/wp\/v2\/media\/2144"}],"wp:attachment":[{"href":"https:\/\/www.sorumatix.com\/blog\/wp-json\/wp\/v2\/media?parent=2203"}],"wp:term":[{"taxonomy":"category","embeddable":true,"href":"https:\/\/www.sorumatix.com\/blog\/wp-json\/wp\/v2\/categories?post=2203"},{"taxonomy":"post_tag","embeddable":true,"href":"https:\/\/www.sorumatix.com\/blog\/wp-json\/wp\/v2\/tags?post=2203"}],"curies":[{"name":"wp","href":"https:\/\/api.w.org\/{rel}","templated":true}]}}