{"id":2207,"date":"2023-11-28T17:19:52","date_gmt":"2023-11-28T17:19:52","guid":{"rendered":"https:\/\/www.sorumatix.com\/blog\/?p=2207"},"modified":"2023-11-28T17:19:52","modified_gmt":"2023-11-28T17:19:52","slug":"2013-gezi-parki-olaylarinin-arkasinda-yer-alan-ic-ve-dis-guclerin-amac-ve-hedefleri","status":"publish","type":"post","link":"https:\/\/www.sorumatix.com\/blog\/2013-gezi-parki-olaylarinin-arkasinda-yer-alan-ic-ve-dis-guclerin-amac-ve-hedefleri.html","title":{"rendered":"2013 gezi park\u0131 olaylar\u0131n\u0131n arkas\u0131nda yer alan i\u00e7 ve d\u0131\u015f g\u00fc\u00e7lerin ama\u00e7 ve hedefleri"},"content":{"rendered":"<p><html><head><\/head><body><\/p>\n<p>Gezi Park\u0131 olaylar\u0131, 2013 y\u0131l\u0131nda T\u00fcrkiye&#8217;de b\u00fcy\u00fck bir sosyal hareketin ba\u015flad\u0131\u011f\u0131 ve \u00fclke genelinde \u00f6nemli de\u011fi\u015fimlere yol a\u00e7an bir d\u00f6neme i\u015faret etmektedir. Bu olaylar\u0131n arkas\u0131nda ise i\u00e7 ve d\u0131\u015f g\u00fc\u00e7lerin etkisi oldu\u011fu s\u00f6ylenmektedir. \u0130\u015fte, Gezi Park\u0131 olaylar\u0131n\u0131n arkas\u0131ndaki ama\u00e7 ve hedefleri anlamak i\u00e7in dikkate alman\u0131z gereken baz\u0131 \u00f6nemli noktalar:<\/p>\n<p>1. Toplumsal Talepler: Gezi Park\u0131 olaylar\u0131, ba\u015flang\u0131\u00e7ta \u0130stanbul&#8217;un Taksim Meydan\u0131&#8217;ndaki Gezi Park\u0131&#8217;n\u0131n yeniden d\u00fczenlenmesi plan\u0131na kar\u015f\u0131 \u00e7\u0131kan bir protesto hareketiydi. Ancak daha sonra h\u00fck\u00fcmetin politikalar\u0131na, demokrasiye ve ifade \u00f6zg\u00fcrl\u00fc\u011f\u00fcne y\u00f6nelik genel bir tepkiye d\u00f6n\u00fc\u015ft\u00fc. \u00d6zellikle gen\u00e7ler aras\u0131nda b\u00fcy\u00fck destek g\u00f6ren bu hareket, toplumsal taleplerin dile getirilmesine olanak sa\u011flad\u0131.<\/p>\n<p>2. Ekonomik Endi\u015feler: Olaylar\u0131n arkas\u0131nda ekonomik fakt\u00f6rler de bulunmaktad\u0131r. \u0130nsanlar, artan gelir e\u015fitsizli\u011fi, y\u00fcksek i\u015fsizlik oranlar\u0131 ve mali zorluklar nedeniyle ekonomik olarak bask\u0131 alt\u0131nda hissediyorlard\u0131. Gezi Park\u0131 olaylar\u0131, ekonomik adaletsizliklere ve h\u00fck\u00fcmetin ekonomi politikalar\u0131na kar\u015f\u0131 bir tepki olarak da g\u00f6r\u00fclebilir.<\/p>\n<p>3. Siyasi M\u00fccadele: Gezi Park\u0131 olaylar\u0131, siyasi bir m\u00fccadelenin de bir par\u00e7as\u0131yd\u0131. Protestocular, h\u00fck\u00fcmetin otoriter e\u011filimlerini ve demokratik ilkelere olan sayg\u0131s\u0131zl\u0131\u011f\u0131n\u0131 ele\u015ftiriyorlard\u0131. Olaylar, toplumdaki siyasi gerilimleri a\u00e7\u0131\u011fa \u00e7\u0131kard\u0131 ve farkl\u0131 politik gruplar aras\u0131nda bir birle\u015fme noktas\u0131 haline geldi.<\/p>\n<p><center><img decoding=\"async\" src=\"https:\/\/www.sorumatix.com\/blog\/wp-content\/uploads\/2023\/09\/uploaded-image-2013-gezi-parki-olaylarinin-arkasinda-yer-alan-ic-ve-dis-guclerin-amac-ve-hedefleri-1693826761577.jpg\" title=\"2013 gezi park\u0131 olaylar\u0131n\u0131n arkas\u0131nda yer alan i\u00e7 ve d\u0131\u015f g\u00fc\u00e7lerin ama\u00e7 ve hedefleri \" alt=\"2013 gezi park\u0131 olaylar\u0131n\u0131n arkas\u0131nda yer alan i\u00e7 ve d\u0131\u015f g\u00fc\u00e7lerin ama\u00e7 ve hedefleri \"><\/center><\/p>\n<p>4. D\u0131\u015f Etkiler: Gezi Park\u0131 olaylar\u0131n\u0131n arkas\u0131nda d\u0131\u015f g\u00fc\u00e7lerin etkisi oldu\u011fu iddialar\u0131 da bulunmaktad\u0131r. Ancak bu iddialar kesin bir kan\u0131tla desteklenememi\u015ftir ve spek\u00fclasyonlar \u00fczerine kuruludur. Bu t\u00fcr iddialar genellikle siyasi tart\u0131\u015fma ve manip\u00fclasyon amac\u0131yla yay\u0131lmaktad\u0131r.<\/p>\n<p>Gezi Park\u0131 olaylar\u0131n\u0131n arkas\u0131ndaki ama\u00e7 ve hedefler konusunda net bir sonuca varmak zor olsa da, genel olarak toplumsal taleplerin dile getirilmesi, demokrasiye vurgu yap\u0131lmas\u0131, ekonomik adaletin sa\u011flanmas\u0131 ve siyasi de\u011fi\u015fikliklerin talep edilmesi gibi fakt\u00f6rler \u00f6n plana \u00e7\u0131kmaktad\u0131r.<\/p>\n<p><center><img decoding=\"async\" src=\"https:\/\/www.sorumatix.com\/blog\/wp-content\/uploads\/2023\/09\/uploaded-image-2013-gezi-parki-olaylarinin-arkasinda-yer-alan-ic-ve-dis-guclerin-amac-ve-hedefleri-1693826763703.jpg\" title=\"2013 gezi park\u0131 olaylar\u0131n\u0131n arkas\u0131nda yer alan i\u00e7 ve d\u0131\u015f g\u00fc\u00e7lerin ama\u00e7 ve hedefleri \" alt=\"2013 gezi park\u0131 olaylar\u0131n\u0131n arkas\u0131nda yer alan i\u00e7 ve d\u0131\u015f g\u00fc\u00e7lerin ama\u00e7 ve hedefleri \"><\/center><\/p>\n<p>Sonu\u00e7 olarak, Gezi Park\u0131 olaylar\u0131 T\u00fcrkiye&#8217;nin yak\u0131n tarihinde \u00f6nemli bir d\u00f6n\u00fcm noktas\u0131 olmu\u015ftur. Bu olaylar\u0131n arkas\u0131nda i\u00e7 ve d\u0131\u015f etkilerin bulundu\u011fu s\u00f6ylense de, hareketin temelinde toplumsal taleplerin dile getirilmesi ve demokratik de\u011ferlere vurgu yap\u0131lmas\u0131 yatmaktad\u0131r. Gezi Park\u0131 olaylar\u0131n\u0131n ard\u0131ndan \u00fclkede bir\u00e7ok de\u011fi\u015fim ya\u015fanm\u0131\u015f ve toplumda \u00f6nemli bir uyan\u0131\u015f ba\u015flam\u0131\u015ft\u0131r.<\/p>\n<p><\/body><\/html><\/p>\n","protected":false},"excerpt":{"rendered":"<p>Gezi Park\u0131 olaylar\u0131, 2013 y\u0131l\u0131nda T\u00fcrkiye&#8217;de b\u00fcy\u00fck bir sosyal hareketin ba\u015flad\u0131\u011f\u0131 ve \u00fclke genelinde \u00f6nemli de\u011fi\u015fimlere yol a\u00e7an bir d\u00f6neme<\/p>\n","protected":false},"author":1,"featured_media":2147,"comment_status":"open","ping_status":"open","sticky":false,"template":"","format":"standard","meta":{"colormag_page_container_layout":"default_layout","colormag_page_sidebar_layout":"default_layout","footnotes":""},"categories":[16],"tags":[],"class_list":["post-2207","post","type-post","status-publish","format-standard","has-post-thumbnail","hentry","category-tarih-konulari"],"_links":{"self":[{"href":"https:\/\/www.sorumatix.com\/blog\/wp-json\/wp\/v2\/posts\/2207","targetHints":{"allow":["GET"]}}],"collection":[{"href":"https:\/\/www.sorumatix.com\/blog\/wp-json\/wp\/v2\/posts"}],"about":[{"href":"https:\/\/www.sorumatix.com\/blog\/wp-json\/wp\/v2\/types\/post"}],"author":[{"embeddable":true,"href":"https:\/\/www.sorumatix.com\/blog\/wp-json\/wp\/v2\/users\/1"}],"replies":[{"embeddable":true,"href":"https:\/\/www.sorumatix.com\/blog\/wp-json\/wp\/v2\/comments?post=2207"}],"version-history":[{"count":1,"href":"https:\/\/www.sorumatix.com\/blog\/wp-json\/wp\/v2\/posts\/2207\/revisions"}],"predecessor-version":[{"id":4996,"href":"https:\/\/www.sorumatix.com\/blog\/wp-json\/wp\/v2\/posts\/2207\/revisions\/4996"}],"wp:featuredmedia":[{"embeddable":true,"href":"https:\/\/www.sorumatix.com\/blog\/wp-json\/wp\/v2\/media\/2147"}],"wp:attachment":[{"href":"https:\/\/www.sorumatix.com\/blog\/wp-json\/wp\/v2\/media?parent=2207"}],"wp:term":[{"taxonomy":"category","embeddable":true,"href":"https:\/\/www.sorumatix.com\/blog\/wp-json\/wp\/v2\/categories?post=2207"},{"taxonomy":"post_tag","embeddable":true,"href":"https:\/\/www.sorumatix.com\/blog\/wp-json\/wp\/v2\/tags?post=2207"}],"curies":[{"name":"wp","href":"https:\/\/api.w.org\/{rel}","templated":true}]}}