{"id":2210,"date":"2023-09-28T16:09:52","date_gmt":"2023-09-28T16:09:52","guid":{"rendered":"https:\/\/www.sorumatix.com\/blog\/?p=2210"},"modified":"2023-09-28T16:09:52","modified_gmt":"2023-09-28T16:09:52","slug":"asya-ve-afrikadaki-somurgecilik-faaliyetleri-ve-bagimsizlik-mucadeleleri-cercevesinde-meydana-gelen-olaylar","status":"publish","type":"post","link":"https:\/\/www.sorumatix.com\/blog\/asya-ve-afrikadaki-somurgecilik-faaliyetleri-ve-bagimsizlik-mucadeleleri-cercevesinde-meydana-gelen-olaylar.html","title":{"rendered":"Asya ve Afrika\u2019daki s\u00f6m\u00fcrgecilik faaliyetleri ve ba\u011f\u0131ms\u0131zl\u0131k m\u00fccadeleleri \u00e7er\u00e7evesinde meydana gelen olaylar"},"content":{"rendered":"<p><html><head><\/head><body><\/p>\n<p>S\u00f6m\u00fcrgecilik ve Ba\u011f\u0131ms\u0131zl\u0131k M\u00fccadelesi: Asya ve Afrika&#8217;da Meydana Gelen Olaylar<\/p>\n<p>Merhaba! Ben buraday\u0131m, senin ortaokul \u00f6\u011frencilerine derslerinde yard\u0131mc\u0131 olmak i\u00e7in e\u011fitilmi\u015f bir yapay zeka olarak kar\u015f\u0131nday\u0131m. Bug\u00fcn, Asya ve Afrika&#8217;daki s\u00f6m\u00fcrgecilik faaliyetleri ve ba\u011f\u0131ms\u0131zl\u0131k m\u00fccadeleleri \u00e7er\u00e7evesinde meydana gelen olaylardan bahsedece\u011fim. Konuyu samimi ve basit bir dille anlatmak i\u00e7in elimden geleni yapaca\u011f\u0131m, hadi ba\u015flayal\u0131m!<\/p>\n<p>1. S\u00f6m\u00fcrgecilik D\u00f6nemi:<\/p>\n<p>Asya ve Afrika&#8217;n\u0131n tarihinde s\u00f6m\u00fcrgecilik d\u00f6nemi \u00f6nemli bir yer tutar. Avrupal\u0131 g\u00fc\u00e7ler, 16. y\u00fczy\u0131ldan itibaren bu b\u00f6lgelere koloniler kurmaya ba\u015flad\u0131lar. Bu kolonilerde yerli halk, ekonomik kaynaklar\u0131n\u0131n s\u00f6m\u00fcr\u00fclmesi ve k\u00fclt\u00fcrel bask\u0131 alt\u0131nda ya\u015fad\u0131.<\/p>\n<p>2. Yabanc\u0131 \u0130stilalar:<\/p>\n<p>19. y\u00fczy\u0131lda, Avrupa devletleri Asya ve Afrika&#8217;n\u0131n i\u00e7lerine ilerleyerek daha fazla toprak ele ge\u00e7irdi. \u00d6rne\u011fin, Britanya Hindistan&#8217;\u0131 kontrol alt\u0131na al\u0131rken Fransa da Cezayir&#8217;i i\u015fgal etti. Bu istilalar, yerel halklar\u0131n ba\u011f\u0131ms\u0131zl\u0131k iste\u011fini k\u00f6r\u00fckledi.<\/p>\n<p>3. Ba\u011f\u0131ms\u0131zl\u0131k M\u00fccadeleleri:<\/p>\n<p>Asya ve Afrika&#8217;da s\u00f6m\u00fcrgecilik kar\u015f\u0131t\u0131 hareketler h\u0131z kazand\u0131. \u00d6nderler, \u00f6zg\u00fcrl\u00fcklerini geri kazanmak i\u00e7in m\u00fccadele ettiler. Mahatma Gandi, Hindistan&#8217;\u0131n ba\u011f\u0131ms\u0131zl\u0131k m\u00fccadelesinde \u00f6nemli bir rol oynad\u0131. Ayr\u0131ca, Kenyal\u0131 lider Jomo Kenyatta da kolonistlere kar\u015f\u0131 direni\u015f g\u00f6sterdi.<\/p>\n<p>4. S\u00f6m\u00fcrgecilikten Kurtulu\u015f:<\/p>\n<p><center><img decoding=\"async\" src=\"https:\/\/www.sorumatix.com\/blog\/wp-content\/uploads\/2023\/09\/uploaded-image-asya-ve-afrikadaki-somurgecilik-faaliyetleri-ve-bagimsizlik-mucadeleleri-cercevesinde-meydana-gelen-olaylar-1693826761797.jpg\" title=\"Asya ve Afrika\u2019daki s\u00f6m\u00fcrgecilik faaliyetleri ve ba\u011f\u0131ms\u0131zl\u0131k m\u00fccadeleleri \u00e7er\u00e7evesinde meydana gelen olaylar \" alt=\"Asya ve Afrika\u2019daki s\u00f6m\u00fcrgecilik faaliyetleri ve ba\u011f\u0131ms\u0131zl\u0131k m\u00fccadeleleri \u00e7er\u00e7evesinde meydana gelen olaylar \"><\/center><\/p>\n<p>\u0130kinci D\u00fcnya Sava\u015f\u0131 sonras\u0131nda s\u00f6m\u00fcrgecilik sistemine olan tepkiler artt\u0131. Uluslararas\u0131 bask\u0131lar ve yerel direni\u015fler, s\u00f6m\u00fcrgeci g\u00fc\u00e7leri geri \u00e7ekilmeye zorlad\u0131. 20. y\u00fczy\u0131l\u0131n ortalar\u0131ndan itibaren bir\u00e7ok Asya ve Afrika \u00fclkesi ba\u011f\u0131ms\u0131zl\u0131\u011f\u0131n\u0131 elde etti.<\/p>\n<p>5. Miras ve Gelecek:<\/p>\n<p>Ba\u011f\u0131ms\u0131zl\u0131k sonras\u0131 d\u00f6nemde, Asya ve Afrika \u00fclkeleri kendi toplumsal ve ekonomik yap\u0131lar\u0131n\u0131 yeniden in\u015fa etmek zorunda kald\u0131lar. Bu s\u00fcre\u00e7te baz\u0131 sorunlar ya\u015fand\u0131, ancak bu \u00fclkeler kendi kaderlerini tayin etme f\u0131rsat\u0131n\u0131 yakalad\u0131lar.<\/p>\n<p>Sonu\u00e7 olarak, Asya ve Afrika&#8217;da s\u00f6m\u00fcrgecilik faaliyetleri ve ba\u011f\u0131ms\u0131zl\u0131k m\u00fccadeleleri \u00e7er\u00e7evesinde bir\u00e7ok \u00f6nemli olay ya\u015fand\u0131. Bu olaylar, yerel halklar\u0131n \u00f6zg\u00fcrl\u00fcklerini elde etmek i\u00e7in verdikleri m\u00fccadeleyi ve s\u0131k\u0131nt\u0131lar\u0131 g\u00f6stermektedir. Ge\u00e7mi\u015ften ders alarak, gelecekte daha adil bir d\u00fcnya in\u015fa etmeyi hedeflemeliyiz.<\/p>\n<p><center><img decoding=\"async\" src=\"https:\/\/www.sorumatix.com\/blog\/wp-content\/uploads\/2023\/09\/uploaded-image-asya-ve-afrikadaki-somurgecilik-faaliyetleri-ve-bagimsizlik-mucadeleleri-cercevesinde-meydana-gelen-olaylar-1693826763933.jpg\" title=\"Asya ve Afrika\u2019daki s\u00f6m\u00fcrgecilik faaliyetleri ve ba\u011f\u0131ms\u0131zl\u0131k m\u00fccadeleleri \u00e7er\u00e7evesinde meydana gelen olaylar \" alt=\"Asya ve Afrika\u2019daki s\u00f6m\u00fcrgecilik faaliyetleri ve ba\u011f\u0131ms\u0131zl\u0131k m\u00fccadeleleri \u00e7er\u00e7evesinde meydana gelen olaylar \"><\/center><\/p>\n<p>Umar\u0131m bu makale, senin dersine yard\u0131mc\u0131 olur ve ilgin\u00e7 bilgiler sunar. Konuyu sade ve anla\u015f\u0131l\u0131r bir dilde anlatmaya \u00e7al\u0131\u015ft\u0131m. Ba\u015fka konularda da yard\u0131mc\u0131 olabilirim, her zaman buraday\u0131m. Keyifli \u00f6\u011frenmeler dilerim!<\/p>\n<p><\/body><\/html><\/p>\n","protected":false},"excerpt":{"rendered":"<p>S\u00f6m\u00fcrgecilik ve Ba\u011f\u0131ms\u0131zl\u0131k M\u00fccadelesi: Asya ve Afrika&#8217;da Meydana Gelen Olaylar Merhaba! Ben buraday\u0131m, senin ortaokul \u00f6\u011frencilerine derslerinde yard\u0131mc\u0131 olmak i\u00e7in<\/p>\n","protected":false},"author":1,"featured_media":2149,"comment_status":"open","ping_status":"open","sticky":false,"template":"","format":"standard","meta":{"colormag_page_container_layout":"default_layout","colormag_page_sidebar_layout":"default_layout","footnotes":""},"categories":[16],"tags":[],"class_list":["post-2210","post","type-post","status-publish","format-standard","has-post-thumbnail","hentry","category-tarih-konulari"],"_links":{"self":[{"href":"https:\/\/www.sorumatix.com\/blog\/wp-json\/wp\/v2\/posts\/2210","targetHints":{"allow":["GET"]}}],"collection":[{"href":"https:\/\/www.sorumatix.com\/blog\/wp-json\/wp\/v2\/posts"}],"about":[{"href":"https:\/\/www.sorumatix.com\/blog\/wp-json\/wp\/v2\/types\/post"}],"author":[{"embeddable":true,"href":"https:\/\/www.sorumatix.com\/blog\/wp-json\/wp\/v2\/users\/1"}],"replies":[{"embeddable":true,"href":"https:\/\/www.sorumatix.com\/blog\/wp-json\/wp\/v2\/comments?post=2210"}],"version-history":[{"count":0,"href":"https:\/\/www.sorumatix.com\/blog\/wp-json\/wp\/v2\/posts\/2210\/revisions"}],"wp:featuredmedia":[{"embeddable":true,"href":"https:\/\/www.sorumatix.com\/blog\/wp-json\/wp\/v2\/media\/2149"}],"wp:attachment":[{"href":"https:\/\/www.sorumatix.com\/blog\/wp-json\/wp\/v2\/media?parent=2210"}],"wp:term":[{"taxonomy":"category","embeddable":true,"href":"https:\/\/www.sorumatix.com\/blog\/wp-json\/wp\/v2\/categories?post=2210"},{"taxonomy":"post_tag","embeddable":true,"href":"https:\/\/www.sorumatix.com\/blog\/wp-json\/wp\/v2\/tags?post=2210"}],"curies":[{"name":"wp","href":"https:\/\/api.w.org\/{rel}","templated":true}]}}