{"id":2214,"date":"2023-10-30T18:49:52","date_gmt":"2023-10-30T18:49:52","guid":{"rendered":"https:\/\/www.sorumatix.com\/blog\/?p=2214"},"modified":"2023-10-30T18:49:52","modified_gmt":"2023-10-30T18:49:52","slug":"kibris-baris-harekati-ve-harekatin-sonrasinda-turkiyeye-karsi-uygulanan-ambargonun-ulke-ekonomisindeki-olumsuz-etkileri","status":"publish","type":"post","link":"https:\/\/www.sorumatix.com\/blog\/kibris-baris-harekati-ve-harekatin-sonrasinda-turkiyeye-karsi-uygulanan-ambargonun-ulke-ekonomisindeki-olumsuz-etkileri.html","title":{"rendered":"K\u0131br\u0131s Bar\u0131\u015f Harek\u00e2t\u0131 ve Harek\u00e2t\u0131n sonras\u0131nda T\u00fcrkiye\u2019ye kar\u015f\u0131 uygulanan ambargonun \u00fclke ekonomisindeki olumsuz etkileri"},"content":{"rendered":"<p><html><head><\/head><body><center><img decoding=\"async\" src=\"https:\/\/www.sorumatix.com\/blog\/wp-content\/uploads\/2023\/09\/uploaded-image-kibris-baris-harekati-ve-harekatin-sonrasinda-turkiyeye-karsi-uygulanan-ambargonun-ulke-ekonomisindeki-olumsuz-etkileri-1693826762252.jpg\" title=\"K\u0131br\u0131s Bar\u0131\u015f Harek\u00e2t\u0131 ve Harek\u00e2t\u0131n sonras\u0131nda T\u00fcrkiye\u2019ye kar\u015f\u0131 uygulanan ambargonun \u00fclke ekonomisindeki olumsuz etkileri \" alt=\"K\u0131br\u0131s Bar\u0131\u015f Harek\u00e2t\u0131 ve Harek\u00e2t\u0131n sonras\u0131nda T\u00fcrkiye\u2019ye kar\u015f\u0131 uygulanan ambargonun \u00fclke ekonomisindeki olumsuz etkileri \"><\/center><\/p>\n<p>K\u0131br\u0131s Bar\u0131\u015f Harek\u00e2t\u0131 ve Harek\u00e2t\u0131n Sonras\u0131nda T\u00fcrkiye&#8217;ye Kar\u015f\u0131 Uygulanan Ambargonun \u00dclke Ekonomisindeki Olumsuz Etkileri<\/p>\n<p>Merhaba! Bug\u00fcn sana K\u0131br\u0131s Bar\u0131\u015f Harek\u00e2t\u0131 ve harek\u00e2t\u0131n sonras\u0131nda T\u00fcrkiye&#8217;ye kar\u015f\u0131 uygulanan ambargonun \u00fclke ekonomisinde yaratt\u0131\u011f\u0131 olumsuz etkilerden bahsedece\u011fim. Bu konu, tarihimize damga vuran \u00f6nemli olaylardan biridir.<\/p>\n<p>1. K\u0131br\u0131s Bar\u0131\u015f Harek\u00e2t\u0131:<\/p>\n<p><center><img decoding=\"async\" src=\"https:\/\/www.sorumatix.com\/blog\/wp-content\/uploads\/2023\/09\/uploaded-image-kibris-baris-harekati-ve-harekatin-sonrasinda-turkiyeye-karsi-uygulanan-ambargonun-ulke-ekonomisindeki-olumsuz-etkileri-1693826764409.jpg\" title=\"K\u0131br\u0131s Bar\u0131\u015f Harek\u00e2t\u0131 ve Harek\u00e2t\u0131n sonras\u0131nda T\u00fcrkiye\u2019ye kar\u015f\u0131 uygulanan ambargonun \u00fclke ekonomisindeki olumsuz etkileri \" alt=\"K\u0131br\u0131s Bar\u0131\u015f Harek\u00e2t\u0131 ve Harek\u00e2t\u0131n sonras\u0131nda T\u00fcrkiye\u2019ye kar\u015f\u0131 uygulanan ambargonun \u00fclke ekonomisindeki olumsuz etkileri \"><\/center><\/p>\n<p>K\u0131br\u0131s Bar\u0131\u015f Harek\u00e2t\u0131, 20 Temmuz 1974 tarihinde ger\u00e7ekle\u015fti. T\u00fcrkiye, adada meydana gelen \u00e7at\u0131\u015fmalar\u0131 sonland\u0131rmak ve K\u0131br\u0131s T\u00fcrk halk\u0131n\u0131 korumak amac\u0131yla m\u00fcdahalede bulundu. Harek\u00e2t, T\u00fcrk Silahl\u0131 Kuvvetleri&#8217;nin K\u0131br\u0131s&#8217;a askeri m\u00fcdahalesini i\u00e7eriyordu.<\/p>\n<p>2. Ambargo Uygulamalar\u0131:<\/p>\n<p>Harek\u00e2t sonras\u0131nda baz\u0131 \u00fclkeler, T\u00fcrkiye&#8217;yi uluslararas\u0131 alanda izole etmek amac\u0131yla ambargo uygulamaya ba\u015flad\u0131. Bu ambargolar, T\u00fcrkiye&#8217;nin d\u0131\u015f ticaretine ve ekonomisine ciddi zarar verdi. \u00d6zellikle silah ve teknoloji transferi gibi alanlarda k\u0131s\u0131tlamalar getirildi.<\/p>\n<p>3. Ekonomik Etkiler:<\/p>\n<p>Ambargo, T\u00fcrkiye&#8217;nin d\u0131\u015f ticaretini olumsuz etkiledi. \u0130hracat ve ithalat faaliyetleri azald\u0131, b\u00fcy\u00fcme h\u0131z\u0131 d\u00fc\u015ft\u00fc. \u00dclkenin ekonomik kalk\u0131nmas\u0131 yava\u015flad\u0131 ve i\u015fsizlik oran\u0131 artt\u0131. T\u00fcrkiye&#8217;nin uluslararas\u0131 alanda rekabet g\u00fcc\u00fc azald\u0131 ve d\u0131\u015f yat\u0131r\u0131mlar azald\u0131.<\/p>\n<p>4. Tar\u0131m ve Sanayi Sekt\u00f6r\u00fc:<\/p>\n<p>Ambargo, tar\u0131m ve sanayi sekt\u00f6rlerini de etkiledi. Tar\u0131m \u00fcr\u00fcnlerinin ihracat\u0131nda ya\u015fanan s\u0131k\u0131nt\u0131lar, tar\u0131m gelirlerinin azalmas\u0131na neden oldu. Sanayi sekt\u00f6r\u00fcnde ise teknolojik k\u0131s\u0131tlamalar nedeniyle yenilik\u00e7i \u00fcr\u00fcn geli\u015ftirme ve ihracat yapma imkanlar\u0131 s\u0131n\u0131rl\u0131 hale geldi.<\/p>\n<p>5. Enerji Kaynaklar\u0131:<\/p>\n<p>K\u0131br\u0131s, \u00f6nemli enerji kaynaklar\u0131na sahip bir adad\u0131r. Ambargo uygulayan \u00fclkeler, T\u00fcrkiye&#8217;nin enerji kaynaklar\u0131na eri\u015fimini k\u0131s\u0131tlamaya \u00e7al\u0131\u015ft\u0131. Bu durum, enerji arz g\u00fcvenli\u011fini olumsuz etkiledi ve enerji maliyetlerinin artmas\u0131na yol a\u00e7t\u0131.<\/p>\n<p>Sonu\u00e7 olarak, K\u0131br\u0131s Bar\u0131\u015f Harek\u00e2t\u0131 sonras\u0131 T\u00fcrkiye&#8217;ye kar\u015f\u0131 uygulanan ambargonun \u00fclke ekonomisine ciddi zararlar verdi\u011fi a\u00e7\u0131kt\u0131r. Ambargo, d\u0131\u015f ticaretin azalmas\u0131na, ekonomik b\u00fcy\u00fcmenin yava\u015flamas\u0131na, i\u015fsizlik oran\u0131n\u0131n artmas\u0131na ve sekt\u00f6rlerin geli\u015fmesinin engellenmesine neden oldu. Ancak T\u00fcrkiye, bu zorlu d\u00f6nemden ba\u015far\u0131yla \u00e7\u0131karak ekonomisini g\u00fc\u00e7lendirmeyi ba\u015fard\u0131.<\/p>\n<p>Umar\u0131m bu makale, K\u0131br\u0131s Bar\u0131\u015f Harek\u00e2t\u0131 ve ambargonun ekonomik etkileri konusunda sana yard\u0131mc\u0131 olmu\u015ftur. E\u011fer ba\u015fka sorular\u0131n varsa, her zaman buraday\u0131m!<\/p>\n<p><\/body><\/html><\/p>\n","protected":false},"excerpt":{"rendered":"<p>K\u0131br\u0131s Bar\u0131\u015f Harek\u00e2t\u0131 ve Harek\u00e2t\u0131n Sonras\u0131nda T\u00fcrkiye&#8217;ye Kar\u015f\u0131 Uygulanan Ambargonun \u00dclke Ekonomisindeki Olumsuz Etkileri Merhaba! Bug\u00fcn sana K\u0131br\u0131s Bar\u0131\u015f Harek\u00e2t\u0131<\/p>\n","protected":false},"author":1,"featured_media":2153,"comment_status":"open","ping_status":"open","sticky":false,"template":"","format":"standard","meta":{"colormag_page_container_layout":"default_layout","colormag_page_sidebar_layout":"default_layout","footnotes":""},"categories":[16],"tags":[],"class_list":["post-2214","post","type-post","status-publish","format-standard","has-post-thumbnail","hentry","category-tarih-konulari"],"_links":{"self":[{"href":"https:\/\/www.sorumatix.com\/blog\/wp-json\/wp\/v2\/posts\/2214","targetHints":{"allow":["GET"]}}],"collection":[{"href":"https:\/\/www.sorumatix.com\/blog\/wp-json\/wp\/v2\/posts"}],"about":[{"href":"https:\/\/www.sorumatix.com\/blog\/wp-json\/wp\/v2\/types\/post"}],"author":[{"embeddable":true,"href":"https:\/\/www.sorumatix.com\/blog\/wp-json\/wp\/v2\/users\/1"}],"replies":[{"embeddable":true,"href":"https:\/\/www.sorumatix.com\/blog\/wp-json\/wp\/v2\/comments?post=2214"}],"version-history":[{"count":0,"href":"https:\/\/www.sorumatix.com\/blog\/wp-json\/wp\/v2\/posts\/2214\/revisions"}],"wp:featuredmedia":[{"embeddable":true,"href":"https:\/\/www.sorumatix.com\/blog\/wp-json\/wp\/v2\/media\/2153"}],"wp:attachment":[{"href":"https:\/\/www.sorumatix.com\/blog\/wp-json\/wp\/v2\/media?parent=2214"}],"wp:term":[{"taxonomy":"category","embeddable":true,"href":"https:\/\/www.sorumatix.com\/blog\/wp-json\/wp\/v2\/categories?post=2214"},{"taxonomy":"post_tag","embeddable":true,"href":"https:\/\/www.sorumatix.com\/blog\/wp-json\/wp\/v2\/tags?post=2214"}],"curies":[{"name":"wp","href":"https:\/\/api.w.org\/{rel}","templated":true}]}}