{"id":2217,"date":"2023-09-14T04:54:52","date_gmt":"2023-09-14T04:54:52","guid":{"rendered":"https:\/\/www.sorumatix.com\/blog\/?p=2217"},"modified":"2023-09-14T04:54:52","modified_gmt":"2023-09-14T04:54:52","slug":"iki-dunya-savasi-arasindaki-donemde-dunyada-meydana-gelen-sosyokulturel-olaylar-ve-bilimsel-gelismeler","status":"publish","type":"post","link":"https:\/\/www.sorumatix.com\/blog\/iki-dunya-savasi-arasindaki-donemde-dunyada-meydana-gelen-sosyokulturel-olaylar-ve-bilimsel-gelismeler.html","title":{"rendered":"\u0130ki d\u00fcnya sava\u015f\u0131 aras\u0131ndaki d\u00f6nemde d\u00fcnyada meydana gelen sosyok\u00fclt\u00fcrel olaylar ve bilimsel geli\u015fmeler"},"content":{"rendered":"<p><html><head><\/head><body><\/p>\n<p>Ortaokul \u00d6\u011frencilerine \u0130ki D\u00fcnya Sava\u015f\u0131 Aras\u0131ndaki D\u00f6nemde Meydana Gelen Sosyok\u00fclt\u00fcrel Olaylar ve Bilimsel Geli\u015fmeler Hakk\u0131nda<\/p>\n<p>Merhaba! Bu makalede, sizi iki d\u00fcnya sava\u015f\u0131 aras\u0131ndaki d\u00f6neme g\u00f6t\u00fcrerek, bu d\u00f6nemde d\u00fcnyada meydana gelen sosyok\u00fclt\u00fcrel olaylar ve bilimsel geli\u015fmeler hakk\u0131nda bilgilendirece\u011fim. Haz\u0131rsan\u0131z, yolculu\u011fumuza ba\u015flayal\u0131m!<\/p>\n<p>1. Teknolojideki B\u00fcy\u00fck Ad\u0131mlar<\/p>\n<p>Bu d\u00f6nemde, bilim ve teknoloji alan\u0131nda bir\u00e7ok \u00f6nemli geli\u015fme ya\u015fand\u0131. Elektronik end\u00fcstrisinin y\u00fckseli\u015fiyle birlikte radyo ve televizyon gibi ileti\u015fim ara\u00e7lar\u0131 evlere girmeye ba\u015flad\u0131. \u0130nsanlar\u0131n haber almas\u0131 ve e\u011flenmesi art\u0131k daha kolay ve eri\u015filebilir hale geldi.<\/p>\n<p>2. Sanayi Devrimi Sonras\u0131 Toplumsal De\u011fi\u015fimler<\/p>\n<p>Sanayi Devrimi sonras\u0131nda toplumda k\u00f6kl\u00fc de\u011fi\u015fiklikler ya\u015fand\u0131. Artan \u00fcretim g\u00fcc\u00fc ve ekonomik b\u00fcy\u00fcme, \u015fehirlerde n\u00fcfus art\u0131\u015f\u0131na yol a\u00e7t\u0131. Tar\u0131m toplumundan end\u00fcstri toplumuna ge\u00e7i\u015fle birlikte i\u015f\u00e7i s\u0131n\u0131f\u0131n\u0131n ortaya \u00e7\u0131k\u0131\u015f\u0131 da \u00f6nemli bir sosyal de\u011fi\u015fimi temsil etti.<\/p>\n<p><center><img decoding=\"async\" src=\"https:\/\/www.sorumatix.com\/blog\/wp-content\/uploads\/2023\/09\/uploaded-image-iki-dunya-savasi-arasindaki-donemde-dunyada-meydana-gelen-sosyokulturel-olaylar-ve-bilimsel-gelismeler-1693826761801.jpg\" title=\"\u0130ki d\u00fcnya sava\u015f\u0131 aras\u0131ndaki d\u00f6nemde d\u00fcnyada meydana gelen sosyok\u00fclt\u00fcrel olaylar ve bilimsel geli\u015fmeler \" alt=\"\u0130ki d\u00fcnya sava\u015f\u0131 aras\u0131ndaki d\u00f6nemde d\u00fcnyada meydana gelen sosyok\u00fclt\u00fcrel olaylar ve bilimsel geli\u015fmeler \"><\/center><\/p>\n<p>3. Kad\u0131n Haklar\u0131 ve Toplumsal Cinsiyet E\u015fitli\u011fi M\u00fccadelesi<\/p>\n<p>Bu d\u00f6nemde kad\u0131nlar i\u00e7in \u00f6nemli ilerlemeler kaydedildi. Bir\u00e7ok \u00fclkede, kad\u0131nlara se\u00e7me ve se\u00e7ilme hakk\u0131 tan\u0131nd\u0131. Kad\u0131nlar, e\u011fitim ve i\u015f hayat\u0131nda daha fazla yer almaya ba\u015flad\u0131. Bu s\u00fcre\u00e7, toplumsal cinsiyet e\u015fitli\u011fi m\u00fccadelesinin temel ta\u015flar\u0131ndan birini olu\u015fturdu.<\/p>\n<p>4. Sanatsal ve K\u00fclt\u00fcrel Ak\u0131mlar<\/p>\n<p><center><img decoding=\"async\" src=\"https:\/\/www.sorumatix.com\/blog\/wp-content\/uploads\/2023\/09\/uploaded-image-iki-dunya-savasi-arasindaki-donemde-dunyada-meydana-gelen-sosyokulturel-olaylar-ve-bilimsel-gelismeler-1693826765107.jpg\" title=\"\u0130ki d\u00fcnya sava\u015f\u0131 aras\u0131ndaki d\u00f6nemde d\u00fcnyada meydana gelen sosyok\u00fclt\u00fcrel olaylar ve bilimsel geli\u015fmeler \" alt=\"\u0130ki d\u00fcnya sava\u015f\u0131 aras\u0131ndaki d\u00f6nemde d\u00fcnyada meydana gelen sosyok\u00fclt\u00fcrel olaylar ve bilimsel geli\u015fmeler \"><\/center><\/p>\n<p>\u0130ki d\u00fcnya sava\u015f\u0131 aras\u0131ndaki d\u00f6nem, sanatta ve k\u00fclt\u00fcrde \u00e7e\u015fitli ak\u0131mlar\u0131n ortaya \u00e7\u0131kt\u0131\u011f\u0131 bir zamand\u0131. Modernizm, avangart ve dadaizm gibi sanatsal ak\u0131mlar sanat d\u00fcnyas\u0131nda yenilik\u00e7i ve radikal yakla\u015f\u0131mlar\u0131yla dikkat \u00e7ekti. Ayn\u0131 zamanda caz m\u00fczi\u011fi de pop\u00fclerlik kazand\u0131 ve 20. y\u00fczy\u0131l\u0131n en \u00f6nemli m\u00fczik t\u00fcrlerinden biri oldu.<\/p>\n<p>5. Bilimsel Ke\u015fifler ve \u0130catlar<\/p>\n<p>Bu d\u00f6nemde bilim d\u00fcnyas\u0131 da b\u00fcy\u00fck ilerlemeler kaydetti. Albert Einstein&#8217;\u0131n g\u00f6relilik teorisi gibi devrim niteli\u011findeki ke\u015fifler yap\u0131ld\u0131. T\u0131p alan\u0131nda antibiyotiklerin ke\u015ffi ve kullan\u0131ma girmesi de hastal\u0131klarla m\u00fccadelede b\u00fcy\u00fck bir ilerleme sa\u011flad\u0131.<\/p>\n<p>6. \u0130nsan Haklar\u0131 ve D\u00fcnya Bar\u0131\u015f\u0131 M\u00fccadelesi<\/p>\n<p>\u0130ki d\u00fcnya sava\u015f\u0131 aras\u0131ndaki d\u00f6nem, insan haklar\u0131 ve d\u00fcnya bar\u0131\u015f\u0131 m\u00fccadelesinin \u00f6nemli bir evresiydi. Birle\u015fmi\u015f Milletler gibi uluslararas\u0131 kurulu\u015flar\u0131n kurulmas\u0131yla, \u00fclkeler aras\u0131nda diplomasi ve i\u015fbirli\u011fi daha da \u00f6nem kazand\u0131.<\/p>\n<p>Bu makalede, iki d\u00fcnya sava\u015f\u0131 aras\u0131ndaki d\u00f6nemde d\u00fcnyada meydana gelen sosyok\u00fclt\u00fcrel olaylar ve bilimsel geli\u015fmeler hakk\u0131nda \u00f6zet bir yolculuk yapt\u0131k. Bu d\u00f6nemde ya\u015fanan de\u011fi\u015fimler, g\u00fcn\u00fcm\u00fcz d\u00fcnyas\u0131n\u0131n temellerini atm\u0131\u015ft\u0131r. Tarih boyunca ya\u015fanan olaylardan ders \u00e7\u0131karmak ve ge\u00e7mi\u015fi anlamak, gelece\u011fe daha iyi haz\u0131rlanmam\u0131za yard\u0131mc\u0131 olur.<\/p>\n<p><\/body><\/html><\/p>\n","protected":false},"excerpt":{"rendered":"<p>Ortaokul \u00d6\u011frencilerine \u0130ki D\u00fcnya Sava\u015f\u0131 Aras\u0131ndaki D\u00f6nemde Meydana Gelen Sosyok\u00fclt\u00fcrel Olaylar ve Bilimsel Geli\u015fmeler Hakk\u0131nda Merhaba! Bu makalede, sizi iki<\/p>\n","protected":false},"author":1,"featured_media":2150,"comment_status":"open","ping_status":"open","sticky":false,"template":"","format":"standard","meta":{"colormag_page_container_layout":"default_layout","colormag_page_sidebar_layout":"default_layout","footnotes":""},"categories":[16],"tags":[],"class_list":["post-2217","post","type-post","status-publish","format-standard","has-post-thumbnail","hentry","category-tarih-konulari"],"_links":{"self":[{"href":"https:\/\/www.sorumatix.com\/blog\/wp-json\/wp\/v2\/posts\/2217","targetHints":{"allow":["GET"]}}],"collection":[{"href":"https:\/\/www.sorumatix.com\/blog\/wp-json\/wp\/v2\/posts"}],"about":[{"href":"https:\/\/www.sorumatix.com\/blog\/wp-json\/wp\/v2\/types\/post"}],"author":[{"embeddable":true,"href":"https:\/\/www.sorumatix.com\/blog\/wp-json\/wp\/v2\/users\/1"}],"replies":[{"embeddable":true,"href":"https:\/\/www.sorumatix.com\/blog\/wp-json\/wp\/v2\/comments?post=2217"}],"version-history":[{"count":0,"href":"https:\/\/www.sorumatix.com\/blog\/wp-json\/wp\/v2\/posts\/2217\/revisions"}],"wp:featuredmedia":[{"embeddable":true,"href":"https:\/\/www.sorumatix.com\/blog\/wp-json\/wp\/v2\/media\/2150"}],"wp:attachment":[{"href":"https:\/\/www.sorumatix.com\/blog\/wp-json\/wp\/v2\/media?parent=2217"}],"wp:term":[{"taxonomy":"category","embeddable":true,"href":"https:\/\/www.sorumatix.com\/blog\/wp-json\/wp\/v2\/categories?post=2217"},{"taxonomy":"post_tag","embeddable":true,"href":"https:\/\/www.sorumatix.com\/blog\/wp-json\/wp\/v2\/tags?post=2217"}],"curies":[{"name":"wp","href":"https:\/\/api.w.org\/{rel}","templated":true}]}}