{"id":2222,"date":"2023-11-04T14:34:52","date_gmt":"2023-11-04T14:34:52","guid":{"rendered":"https:\/\/www.sorumatix.com\/blog\/?p=2222"},"modified":"2023-11-04T14:34:52","modified_gmt":"2023-11-04T14:34:52","slug":"12-mart-askeri-muhtirasi-detaylari","status":"publish","type":"post","link":"https:\/\/www.sorumatix.com\/blog\/12-mart-askeri-muhtirasi-detaylari.html","title":{"rendered":"12 Mart Asker\u00ee Muht\u0131ras\u0131 Detaylar\u0131"},"content":{"rendered":"<p><html><head><\/head><body><\/p>\n<p>12 Mart Asker\u00ee Muht\u0131ras\u0131 Detaylar\u0131<\/p>\n<p>Merhaba! Ben, senin derslerinde yard\u0131mc\u0131 olmak i\u00e7in buraday\u0131m. Bug\u00fcn konu\u015faca\u011f\u0131m\u0131z konu 12 Mart Asker\u00ee Muht\u0131ras\u0131&#8217;n\u0131n detaylar\u0131. Hadi ba\u015flayal\u0131m!<\/p>\n<p><center><img decoding=\"async\" src=\"https:\/\/www.sorumatix.com\/blog\/wp-content\/uploads\/2023\/09\/uploaded-image-12-mart-askeri-muhtirasi-detaylari-1693826762378.jpg\" title=\"12 Mart Asker\u00ee Muht\u0131ras\u0131 Detaylar\u0131 \" alt=\"12 Mart Asker\u00ee Muht\u0131ras\u0131 Detaylar\u0131 \"><\/center><\/p>\n<p>1. Ne oldu?<\/p>\n<p>12 Mart Asker\u00ee Muht\u0131ras\u0131, T\u00fcrkiye&#8217;de askeri bir muht\u0131ra olarak bilinen olayd\u0131r. 12 Mart 1971 tarihinde ger\u00e7ekle\u015fti. Bu d\u00f6nemde \u00fclkede siyasi ve ekonomik sorunlar vard\u0131. Asker\u00ee g\u00fc\u00e7ler, h\u00fck\u00fcmetin durumu d\u00fczeltmek i\u00e7in ad\u0131mlar atmas\u0131n\u0131 istedi.<\/p>\n<p>2. Neden oldu?<\/p>\n<p>Muht\u0131ran\u0131n ba\u015fl\u0131ca nedenleri aras\u0131nda siyasi \u00e7alkant\u0131lar, toplumsal huzursuzluk ve ekonomik kriz yer al\u0131yordu. \u00dclke \u00e7ap\u0131nda protestolar ve grevler ya\u015fan\u0131yordu ve bu durum h\u00fck\u00fcmeti zor durumda b\u0131rakt\u0131.<\/p>\n<p>3. Muht\u0131ra s\u00fcreci nas\u0131l geli\u015fti?<\/p>\n<p>12 Mart Asker\u00ee Muht\u0131ras\u0131, T\u00fcrk Silahl\u0131 Kuvvetleri&#8217;nin General Memduh Ta\u011fma\u00e7 liderli\u011findeki bir heyet taraf\u0131ndan yay\u0131nlanan bir bildiri ile ger\u00e7ekle\u015fti. Bildiri, h\u00fck\u00fcmete y\u00f6nelik ele\u015ftiriler i\u00e7eriyordu ve h\u00fck\u00fcmetin istifas\u0131n\u0131 talep ediyordu. H\u00fck\u00fcmet, askeri m\u00fcdahaleyi \u00f6nlemek amac\u0131yla istifa etti.<\/p>\n<p>4. Muht\u0131ran\u0131n sonu\u00e7lar\u0131 nelerdi?<\/p>\n<p>Muht\u0131ran\u0131n ard\u0131ndan T\u00fcrkiye&#8217;de h\u00fck\u00fcmet de\u011fi\u015fiklikleri ya\u015fand\u0131. Milli Birlik Komitesi ad\u0131nda bir y\u00f6netim kurulu olu\u015fturuldu ve anayasa ask\u0131ya al\u0131nd\u0131. S\u00fcre\u00e7te \u00e7ok say\u0131da ki\u015fi tutukland\u0131, siyasi parti faaliyetleri yasakland\u0131 ve gazeteciler hapsedildi. Bu d\u00f6nemde \u00fclkede bask\u0131c\u0131 bir ortam olu\u015ftu.<\/p>\n<p>5. \u00d6nemi nedir?<\/p>\n<p>12 Mart Asker\u00ee Muht\u0131ras\u0131, T\u00fcrkiye&#8217;nin siyasi tarihinde \u00f6nemli bir d\u00f6n\u00fcm noktas\u0131 olarak kabul edilir. Bu olay, askeri m\u00fcdahalelerin T\u00fcrkiye&#8217;deki siyasi ya\u015fama etkisini g\u00f6stermesi a\u00e7\u0131s\u0131ndan \u00f6nemlidir. Ayn\u0131 zamanda bu d\u00f6nemde ya\u015fanan olaylar demokratik s\u00fcre\u00e7lere zarar vermi\u015ftir.<\/p>\n<p>Sonu\u00e7 olarak, 12 Mart Asker\u00ee Muht\u0131ras\u0131 T\u00fcrkiye&#8217;nin tarihindeki \u00f6nemli olaylardan biridir. Bu muht\u0131ra, h\u00fck\u00fcmetin istifas\u0131 ve askeri m\u00fcdahaleyle sonu\u00e7land\u0131. Muht\u0131ran\u0131n ard\u0131ndan \u00fclkede siyasi ve sosyal de\u011fi\u015fiklikler ya\u015fand\u0131. Bu d\u00f6nem, T\u00fcrkiye&#8217;nin demokrasisinin zorlu bir s\u0131navdan ge\u00e7ti\u011fi bir d\u00f6nem olarak hat\u0131rlan\u0131r.<\/p>\n<p><center><img decoding=\"async\" src=\"https:\/\/www.sorumatix.com\/blog\/wp-content\/uploads\/2023\/09\/uploaded-image-12-mart-askeri-muhtirasi-detaylari-1693826765726.jpg\" title=\"12 Mart Asker\u00ee Muht\u0131ras\u0131 Detaylar\u0131 \" alt=\"12 Mart Asker\u00ee Muht\u0131ras\u0131 Detaylar\u0131 \"><\/center><\/p>\n<p>Benimle bu konuda herhangi bir sorun varsa, sana yard\u0131mc\u0131 olmaktan mutluluk duyar\u0131m. Ba\u015fka bir konuda da sana yard\u0131mc\u0131 olabilirim!<\/p>\n<p><\/body><\/html><\/p>\n","protected":false},"excerpt":{"rendered":"<p>12 Mart Asker\u00ee Muht\u0131ras\u0131 Detaylar\u0131 Merhaba! Ben, senin derslerinde yard\u0131mc\u0131 olmak i\u00e7in buraday\u0131m. Bug\u00fcn konu\u015faca\u011f\u0131m\u0131z konu 12 Mart Asker\u00ee Muht\u0131ras\u0131&#8217;n\u0131n<\/p>\n","protected":false},"author":1,"featured_media":2154,"comment_status":"open","ping_status":"open","sticky":false,"template":"","format":"standard","meta":{"colormag_page_container_layout":"default_layout","colormag_page_sidebar_layout":"default_layout","footnotes":""},"categories":[16],"tags":[],"class_list":["post-2222","post","type-post","status-publish","format-standard","has-post-thumbnail","hentry","category-tarih-konulari"],"_links":{"self":[{"href":"https:\/\/www.sorumatix.com\/blog\/wp-json\/wp\/v2\/posts\/2222","targetHints":{"allow":["GET"]}}],"collection":[{"href":"https:\/\/www.sorumatix.com\/blog\/wp-json\/wp\/v2\/posts"}],"about":[{"href":"https:\/\/www.sorumatix.com\/blog\/wp-json\/wp\/v2\/types\/post"}],"author":[{"embeddable":true,"href":"https:\/\/www.sorumatix.com\/blog\/wp-json\/wp\/v2\/users\/1"}],"replies":[{"embeddable":true,"href":"https:\/\/www.sorumatix.com\/blog\/wp-json\/wp\/v2\/comments?post=2222"}],"version-history":[{"count":0,"href":"https:\/\/www.sorumatix.com\/blog\/wp-json\/wp\/v2\/posts\/2222\/revisions"}],"wp:featuredmedia":[{"embeddable":true,"href":"https:\/\/www.sorumatix.com\/blog\/wp-json\/wp\/v2\/media\/2154"}],"wp:attachment":[{"href":"https:\/\/www.sorumatix.com\/blog\/wp-json\/wp\/v2\/media?parent=2222"}],"wp:term":[{"taxonomy":"category","embeddable":true,"href":"https:\/\/www.sorumatix.com\/blog\/wp-json\/wp\/v2\/categories?post=2222"},{"taxonomy":"post_tag","embeddable":true,"href":"https:\/\/www.sorumatix.com\/blog\/wp-json\/wp\/v2\/tags?post=2222"}],"curies":[{"name":"wp","href":"https:\/\/api.w.org\/{rel}","templated":true}]}}