{"id":2226,"date":"2023-10-21T04:19:52","date_gmt":"2023-10-21T04:19:52","guid":{"rendered":"https:\/\/www.sorumatix.com\/blog\/?p=2226"},"modified":"2023-10-21T04:19:52","modified_gmt":"2023-10-21T04:19:52","slug":"afro-amerikan-sivil-hareketi","status":"publish","type":"post","link":"https:\/\/www.sorumatix.com\/blog\/afro-amerikan-sivil-hareketi.html","title":{"rendered":"Afro-Amerikan Sivil Hareketi"},"content":{"rendered":"<p><html><head><\/head><body><\/p>\n<p>Afro-Amerikan Sivil Hareketi: \u00d6zg\u00fcrl\u00fc\u011f\u00fcn M\u00fccadelesi<\/p>\n<p>Merhaba! Bu makalede, 10-13 ya\u015f aras\u0131 \u00f6\u011frencilerin derslerinde yard\u0131mc\u0131 olmak i\u00e7in Afro-Amerikan Sivil Hareketi hakk\u0131nda bilgi verece\u011fim. Heyecanl\u0131 m\u0131s\u0131n\u0131z? O zaman ba\u015flayal\u0131m!<\/p>\n<p>Afro-Amerikan Sivil Hareketi, ABD tarihinde \u00f6nemli bir d\u00f6n\u00fcm noktas\u0131d\u0131r. Bu hareket, Afro-Amerikan toplumunun e\u015fitlik ve adalet i\u00e7in verdi\u011fi m\u00fccadeleyi temsil eder. \u0130nsanlar\u0131n cinsiyetleri, \u0131rklar\u0131 veya renkleri ne olursa olsun, herkesin e\u015fit haklara sahip olmas\u0131 fikrine dayan\u0131r.<\/p>\n<p>1. Neden Ba\u015flad\u0131?<\/p>\n<p><center><img decoding=\"async\" src=\"https:\/\/www.sorumatix.com\/blog\/wp-content\/uploads\/2023\/09\/uploaded-image-afro-amerikan-sivil-hareketi-1693826762391.jpg\" title=\"Afro-Amerikan Sivil Hareketi \" alt=\"Afro-Amerikan Sivil Hareketi \"><\/center><\/p>\n<p>Afro-Amerikan Sivil Hareketi, 1950&#8217;ler ve 1960&#8217;larda b\u00fcy\u00fck bir ivme kazand\u0131. Pek \u00e7ok insan, Afro-Amerikan toplumunun maruz kald\u0131\u011f\u0131 ayr\u0131mc\u0131l\u0131\u011f\u0131 ve \u0131rk\u00e7\u0131l\u0131\u011f\u0131 de\u011fi\u015ftirmek i\u00e7in bir araya geldi. Jim Crow yasalar\u0131 ad\u0131 verilen ayr\u0131mc\u0131 politikalar, Afro-Amerikanlar\u0131n ya\u015famlar\u0131n\u0131 k\u0131s\u0131tl\u0131yordu. Bu nedenle, insanlar e\u015fitlik ve adalet talepleriyle sokaklara \u00e7\u0131kt\u0131.<\/p>\n<p>2. \u00d6nemli Fig\u00fcrler<\/p>\n<p>Afro-Amerikan Sivil Hareketi&#8217;nde bir\u00e7ok etkileyici lider vard\u0131. Martin Luther King Jr., bar\u0131\u015f\u00e7\u0131 protestolar\u0131 ve \u00fcnl\u00fc Hayalimdeki Amerika konu\u015fmas\u0131yla tan\u0131n\u0131r. Rosa Parks ise otob\u00fcs boykotuyla hareketin ilerlemesine b\u00fcy\u00fck katk\u0131 sa\u011flad\u0131. Bu liderler, sivil haklar\u0131n elde edilmesi i\u00e7in cesur ad\u0131mlar att\u0131lar.<\/p>\n<p>3. Bar\u0131\u015f\u00e7\u0131l M\u00fccadele<\/p>\n<p>Afro-Amerikan Sivil Hareketi, bar\u0131\u015f\u00e7\u0131l protestolarla tan\u0131n\u0131r. insanlar sokaklara \u00e7\u0131karak, oturma eylemleri d\u00fczenleyerek ve bar\u0131\u015f\u00e7\u0131l y\u00fcr\u00fcy\u00fc\u015fler yaparak seslerini duyurdu. Onlar i\u00e7in \u015fiddet \u00e7\u00f6z\u00fcm de\u011fildi; hedefleri, ho\u015fg\u00f6r\u00fc ve anlay\u0131\u015f temelinde de\u011fi\u015fim yaratmakt\u0131.<\/p>\n<p>4. Kazan\u0131mlar ve Miras<\/p>\n<p>Afro-Amerikan Sivil Hareketi sonucunda, 1964&#8217;te Medeni Haklar Yasas\u0131 kabul edildi. Bu yasa, ayr\u0131mc\u0131l\u0131\u011f\u0131 yasaklayarak Afro-Amerikanlar\u0131n oy kullanma hakk\u0131n\u0131 g\u00fcvence alt\u0131na ald\u0131. Ayr\u0131ca, okullarda \u0131rklar aras\u0131 ayr\u0131mc\u0131l\u0131\u011f\u0131n sona erdirilmesi i\u00e7in \u00f6nemli ad\u0131mlar at\u0131ld\u0131. Bu hareket, daha sonra di\u011fer toplumlar\u0131 da etkileyen bir dalgaya d\u00f6n\u00fc\u015ft\u00fc.<\/p>\n<p>Sonu\u00e7 olarak, Afro-Amerikan Sivil Hareketi, tarihin en \u00f6nemli sosyal hareketlerinden biridir. Bu hareket sayesinde, e\u015fitlik ve adalet i\u00e7in m\u00fccadele eden insanlar\u0131 tan\u0131d\u0131k\u00e7a ilham alabiliriz. Herkesin ba\u015far\u0131lara ula\u015fabilece\u011fi bir d\u00fcnyay\u0131 in\u015fa etmek i\u00e7in birlikte \u00e7al\u0131\u015fal\u0131m.<\/p>\n<p><center><img decoding=\"async\" src=\"https:\/\/www.sorumatix.com\/blog\/wp-content\/uploads\/2023\/09\/uploaded-image-afro-amerikan-sivil-hareketi-1693826766020.jpg\" title=\"Afro-Amerikan Sivil Hareketi \" alt=\"Afro-Amerikan Sivil Hareketi \"><\/center><\/p>\n<p>Umar\u0131m bu makale, Afro-Amerikan Sivil Hareketi hakk\u0131nda anlaml\u0131 bir anlay\u0131\u015f sa\u011flam\u0131\u015ft\u0131r. E\u011fitici i\u00e7eri\u011fimizden faydaland\u0131\u011f\u0131n\u0131z umuduyla size ba\u015far\u0131lar dilerim!<\/p>\n<p><\/body><\/html><\/p>\n","protected":false},"excerpt":{"rendered":"<p>Afro-Amerikan Sivil Hareketi: \u00d6zg\u00fcrl\u00fc\u011f\u00fcn M\u00fccadelesi Merhaba! Bu makalede, 10-13 ya\u015f aras\u0131 \u00f6\u011frencilerin derslerinde yard\u0131mc\u0131 olmak i\u00e7in Afro-Amerikan Sivil Hareketi hakk\u0131nda<\/p>\n","protected":false},"author":1,"featured_media":2155,"comment_status":"open","ping_status":"open","sticky":false,"template":"","format":"standard","meta":{"colormag_page_container_layout":"default_layout","colormag_page_sidebar_layout":"default_layout","footnotes":""},"categories":[16],"tags":[],"class_list":["post-2226","post","type-post","status-publish","format-standard","has-post-thumbnail","hentry","category-tarih-konulari"],"_links":{"self":[{"href":"https:\/\/www.sorumatix.com\/blog\/wp-json\/wp\/v2\/posts\/2226","targetHints":{"allow":["GET"]}}],"collection":[{"href":"https:\/\/www.sorumatix.com\/blog\/wp-json\/wp\/v2\/posts"}],"about":[{"href":"https:\/\/www.sorumatix.com\/blog\/wp-json\/wp\/v2\/types\/post"}],"author":[{"embeddable":true,"href":"https:\/\/www.sorumatix.com\/blog\/wp-json\/wp\/v2\/users\/1"}],"replies":[{"embeddable":true,"href":"https:\/\/www.sorumatix.com\/blog\/wp-json\/wp\/v2\/comments?post=2226"}],"version-history":[{"count":0,"href":"https:\/\/www.sorumatix.com\/blog\/wp-json\/wp\/v2\/posts\/2226\/revisions"}],"wp:featuredmedia":[{"embeddable":true,"href":"https:\/\/www.sorumatix.com\/blog\/wp-json\/wp\/v2\/media\/2155"}],"wp:attachment":[{"href":"https:\/\/www.sorumatix.com\/blog\/wp-json\/wp\/v2\/media?parent=2226"}],"wp:term":[{"taxonomy":"category","embeddable":true,"href":"https:\/\/www.sorumatix.com\/blog\/wp-json\/wp\/v2\/categories?post=2226"},{"taxonomy":"post_tag","embeddable":true,"href":"https:\/\/www.sorumatix.com\/blog\/wp-json\/wp\/v2\/tags?post=2226"}],"curies":[{"name":"wp","href":"https:\/\/api.w.org\/{rel}","templated":true}]}}