{"id":2227,"date":"2023-10-22T18:54:52","date_gmt":"2023-10-22T18:54:52","guid":{"rendered":"https:\/\/www.sorumatix.com\/blog\/?p=2227"},"modified":"2023-10-22T18:54:52","modified_gmt":"2023-10-22T18:54:52","slug":"malcolm-x-kimdir","status":"publish","type":"post","link":"https:\/\/www.sorumatix.com\/blog\/malcolm-x-kimdir.html","title":{"rendered":"Malcolm X Kimdir?"},"content":{"rendered":"<p><html><head><\/head><body><\/p>\n<p>Malcolm X Kimdir?<\/p>\n<p>Merhaba! Bu makalede, senin i\u00e7in Malcolm X&#8217;in kim oldu\u011funu anlataca\u011f\u0131m. Malcolm X, 20. y\u00fczy\u0131l\u0131n \u00f6nemli siyasi liderlerinden biridir. Hayat\u0131 ve fikirleriyle \u0131rk\u00e7\u0131l\u0131kla m\u00fccadelede b\u00fcy\u00fck etki yaratm\u0131\u015ft\u0131r.<\/p>\n<p>1. \u0130lk Y\u0131llar\u0131:<\/p>\n<p>Malcolm X, 19 May\u0131s 1925&#8217;te Nebraska&#8217;de do\u011fdu. As\u0131l ad\u0131 Malcolm Little&#8217;d\u0131r. Babas\u0131 \u00e7ift\u00e7ilik yaparken ailesi taraf\u0131ndan ayr\u0131mc\u0131l\u0131\u011fa maruz kald\u0131lar. Bu durum, Malcolm&#8217;\u0131n daha sonra adalet aray\u0131\u015f\u0131na y\u00f6nelmesinde etkili oldu.<\/p>\n<p><center><img decoding=\"async\" src=\"https:\/\/www.sorumatix.com\/blog\/wp-content\/uploads\/2023\/09\/uploaded-image-malcolm-x-kimdir-1693826763078.jpg\" title=\"Malcolm X Kimdir? \" alt=\"Malcolm X Kimdir? \"><\/center><\/p>\n<p>2. Gen\u00e7lik Y\u0131llar\u0131:<\/p>\n<p>Malcolm, gen\u00e7ken okulda ba\u015far\u0131l\u0131yd\u0131, ancak \u0131rk\u00e7\u0131l\u0131\u011f\u0131n kurban\u0131 oldu. Okuldaki \u00f6\u011fretmenlerinin gelece\u011fi i\u00e7in umut verici s\u00f6zlerine ra\u011fmen, beyazlar\u0131n siyahlar\u0131 a\u015fa\u011f\u0131lad\u0131\u011f\u0131 bir d\u00f6nemde yeti\u015fti. Bu da onu su\u00e7 d\u00fcnyas\u0131na s\u00fcr\u00fckledi.<\/p>\n<p>3. D\u00f6n\u00fc\u015f\u00fcm\u00fc:<\/p>\n<p>Malcolm, h\u0131rs\u0131zl\u0131k ve uyu\u015fturucu ticareti gibi su\u00e7larla ilgilenirken 1946&#8217;da hapse girdi. Hapishanede, \u0130slam&#8217;a d\u00f6n\u00fc\u015f\u00fcm s\u00fcrecine girdi ve Malcolm X ad\u0131n\u0131 ald\u0131. \u0130slam Malcolm&#8217;\u0131n hayat\u0131nda d\u00f6n\u00fcm noktas\u0131 oldu ve adalet ve e\u015fitlik i\u00e7in sava\u015fmaya karar verdi.<\/p>\n<p>4. \u0130nsan Haklar\u0131 M\u00fccadelesi:<\/p>\n<p>Malcolm X, \u0131rk ayr\u0131mc\u0131l\u0131\u011f\u0131na kar\u015f\u0131 aktif bir \u015fekilde m\u00fccadele etti. Siyah haklar\u0131n\u0131 savunan ve Siyahlar\u0131n Milli S\u00f6zc\u00fcs\u00fc olarak bilinen Elijah Muhammad&#8217;\u0131n \u00f6nderli\u011findeki Uluslararas\u0131 \u0130slam Cemaati&#8217;ne kat\u0131ld\u0131. Malcolm, siyahlar\u0131n kendilerini savunmalar\u0131 gerekti\u011fine inan\u0131yordu.<\/p>\n<p>5. Medya ve Konu\u015fmalar\u0131:<\/p>\n<p>Malcolm X, g\u00fc\u00e7l\u00fc bir hatip ve medya fig\u00fcr\u00fcyd\u00fc. Televizyon programlar\u0131na ve radyo r\u00f6portajlar\u0131na kat\u0131larak kitleleri etkiledi. Siyahlar\u0131 kendi de\u011ferlerine sahip \u00e7\u0131kmaya te\u015fvik etti ve beyaz \u0131rk\u00e7\u0131l\u0131\u011f\u0131na kar\u015f\u0131 \u00e7\u0131kt\u0131. Onun etkileyici konu\u015fmalar\u0131 hala bug\u00fcn bile \u00f6nemini koruyor.<\/p>\n<p>6. Suikast\u0131:<\/p>\n<p><center><img decoding=\"async\" src=\"https:\/\/www.sorumatix.com\/blog\/wp-content\/uploads\/2023\/09\/uploaded-image-malcolm-x-kimdir-1693826766908.jpg\" title=\"Malcolm X Kimdir? \" alt=\"Malcolm X Kimdir? \"><\/center><\/p>\n<p>Malcolm X, 21 \u015eubat 1965&#8217;te New York&#8217;ta bir konu\u015fma yaparken suikasta u\u011frad\u0131. Suikastin arka plan\u0131nda d\u00f6nemin siyah milliyet\u00e7ili\u011fi hareketinden ayr\u0131lan baz\u0131 ki\u015filer bulunuyordu. Malcolm&#8217;\u0131n hayat\u0131, m\u00fccadelesi ve \u00f6l\u00fcm\u00fc, Amerika&#8217;n\u0131n \u0131rksal e\u015fitlik m\u00fccadelesine b\u00fcy\u00fck bir etki yapt\u0131.<\/p>\n<p>Sonu\u00e7:<\/p>\n<p>Malcolm X, Amerikan tarihinde siyah haklar\u0131 i\u00e7in m\u00fccadele eden \u00f6nemli bir fig\u00fcrd\u00fcr. Hayat\u0131 boyunca adalet ve e\u015fitlik i\u00e7in sava\u015ft\u0131. Siyah topluluklar\u0131n haklar\u0131n\u0131 savunma konusundaki cesareti ve etkileyici konu\u015fmalar\u0131, onu unutulmaz k\u0131l\u0131yor.<\/p>\n<p>Umar\u0131m bu makale, senin i\u00e7in Malcolm X&#8217;in kim oldu\u011funu anlamanda yard\u0131mc\u0131 olur. \u0130leriye d\u00f6n\u00fck ara\u015ft\u0131rmalar\u0131nda daha fazla bilgi edinebilirsin.<\/p>\n<p><\/body><\/html><\/p>\n","protected":false},"excerpt":{"rendered":"<p>Malcolm X Kimdir? Merhaba! Bu makalede, senin i\u00e7in Malcolm X&#8217;in kim oldu\u011funu anlataca\u011f\u0131m. Malcolm X, 20. y\u00fczy\u0131l\u0131n \u00f6nemli siyasi liderlerinden<\/p>\n","protected":false},"author":1,"featured_media":2164,"comment_status":"open","ping_status":"open","sticky":false,"template":"","format":"standard","meta":{"colormag_page_container_layout":"default_layout","colormag_page_sidebar_layout":"default_layout","footnotes":""},"categories":[16],"tags":[],"class_list":["post-2227","post","type-post","status-publish","format-standard","has-post-thumbnail","hentry","category-tarih-konulari"],"_links":{"self":[{"href":"https:\/\/www.sorumatix.com\/blog\/wp-json\/wp\/v2\/posts\/2227","targetHints":{"allow":["GET"]}}],"collection":[{"href":"https:\/\/www.sorumatix.com\/blog\/wp-json\/wp\/v2\/posts"}],"about":[{"href":"https:\/\/www.sorumatix.com\/blog\/wp-json\/wp\/v2\/types\/post"}],"author":[{"embeddable":true,"href":"https:\/\/www.sorumatix.com\/blog\/wp-json\/wp\/v2\/users\/1"}],"replies":[{"embeddable":true,"href":"https:\/\/www.sorumatix.com\/blog\/wp-json\/wp\/v2\/comments?post=2227"}],"version-history":[{"count":0,"href":"https:\/\/www.sorumatix.com\/blog\/wp-json\/wp\/v2\/posts\/2227\/revisions"}],"wp:featuredmedia":[{"embeddable":true,"href":"https:\/\/www.sorumatix.com\/blog\/wp-json\/wp\/v2\/media\/2164"}],"wp:attachment":[{"href":"https:\/\/www.sorumatix.com\/blog\/wp-json\/wp\/v2\/media?parent=2227"}],"wp:term":[{"taxonomy":"category","embeddable":true,"href":"https:\/\/www.sorumatix.com\/blog\/wp-json\/wp\/v2\/categories?post=2227"},{"taxonomy":"post_tag","embeddable":true,"href":"https:\/\/www.sorumatix.com\/blog\/wp-json\/wp\/v2\/tags?post=2227"}],"curies":[{"name":"wp","href":"https:\/\/api.w.org\/{rel}","templated":true}]}}