{"id":2229,"date":"2023-09-12T14:19:52","date_gmt":"2023-09-12T14:19:52","guid":{"rendered":"https:\/\/www.sorumatix.com\/blog\/?p=2229"},"modified":"2023-09-12T14:19:52","modified_gmt":"2023-09-12T14:19:52","slug":"iki-dunya-savasi-arasindaki-donemde-dunyada-meydana-gelen-siyasi-ve-ekonomik-gelismeler","status":"publish","type":"post","link":"https:\/\/www.sorumatix.com\/blog\/iki-dunya-savasi-arasindaki-donemde-dunyada-meydana-gelen-siyasi-ve-ekonomik-gelismeler.html","title":{"rendered":"\u0130ki d\u00fcnya sava\u015f\u0131 aras\u0131ndaki d\u00f6nemde d\u00fcnyada meydana gelen siyasi ve ekonomik geli\u015fmeler"},"content":{"rendered":"<p><html><head><\/head><body><\/p>\n<p>\u0130ki D\u00fcnya Sava\u015f\u0131 Aras\u0131ndaki D\u00f6nemde D\u00fcnyada Meydana Gelen Siyasi ve Ekonomik Geli\u015fmeler<\/p>\n<p>Merhaba! Bu makalede, iki d\u00fcnya sava\u015f\u0131 aras\u0131ndaki d\u00f6nemde d\u00fcnyada meydana gelen siyasi ve ekonomik geli\u015fmelere odaklanaca\u011f\u0131z. Bu ilgin\u00e7 d\u00f6nemde d\u00fcnya \u00e7ap\u0131nda ya\u015fanan \u00f6nemli olaylara g\u00f6z atarak tarih bilgilerimizi biraz daha geni\u015fletece\u011fiz. Haz\u0131rsan\u0131z ba\u015flayal\u0131m!<\/p>\n<p>1. B\u00fcy\u00fck Depresyon D\u00f6nemi<\/p>\n<p>Birinci D\u00fcnya Sava\u015f\u0131&#8217;ndan sonra, 1929 y\u0131l\u0131nda ABD&#8217;deki hisse senedi piyasas\u0131nda ya\u015fanan \u00e7\u00f6k\u00fc\u015f, b\u00fcy\u00fck bir ekonomik kriz olan B\u00fcy\u00fck Depresyon&#8217;u tetikledi. Bu kriz, d\u00fcnya ekonomisini etkisi alt\u0131na ald\u0131 ve i\u015fsizlik oranlar\u0131n\u0131n artmas\u0131na neden oldu. \u0130nsanlar, maddi zorluklar i\u00e7inde hayatlar\u0131n\u0131 devam ettirmek zorunda kald\u0131.<\/p>\n<p><center><img decoding=\"async\" src=\"https:\/\/www.sorumatix.com\/blog\/wp-content\/uploads\/2023\/09\/uploaded-image-iki-dunya-savasi-arasindaki-donemde-dunyada-meydana-gelen-siyasi-ve-ekonomik-gelismeler-1693826762953.jpg\" title=\"\u0130ki d\u00fcnya sava\u015f\u0131 aras\u0131ndaki d\u00f6nemde d\u00fcnyada meydana gelen siyasi ve ekonomik geli\u015fmeler \" alt=\"\u0130ki d\u00fcnya sava\u015f\u0131 aras\u0131ndaki d\u00f6nemde d\u00fcnyada meydana gelen siyasi ve ekonomik geli\u015fmeler \"><\/center><\/p>\n<p>2. Sovyetler Birli\u011fi&#8217;nin Y\u00fckseli\u015fi<\/p>\n<p>Rus Devrimi sonucunda 1917&#8217;de kurulan Sovyetler Birli\u011fi, bu d\u00f6nemde g\u00fcc\u00fcn\u00fc artt\u0131rd\u0131. Kom\u00fcnist ideallerle y\u00f6netilen \u00fclke, d\u00fcnyada yeni bir siyasi g\u00fc\u00e7 haline geldi. Sovyetler Birli\u011fi&#8217;nin politikalar\u0131 ve geni\u015flemesi, II. D\u00fcnya Sava\u015f\u0131&#8217;na kadar devam etti.<\/p>\n<p>3. Fa\u015fizmin Y\u00fckseli\u015fi<\/p>\n<p>\u0130ki d\u00fcnya sava\u015f\u0131 aras\u0131nda, fa\u015fizm ideolojisi baz\u0131 Avrupa \u00fclkelerinde g\u00fc\u00e7 kazand\u0131. \u0130talya&#8217;da Benito Mussolini liderli\u011findeki fa\u015fist hareket ve Almanya&#8217;da Adolf Hitler \u00f6nderli\u011findeki Nazi Partisi, siyasi arenada y\u00fckseldi. Bu diktatoryal rejimler, b\u00f6lgesel ve uluslararas\u0131 politikada b\u00fcy\u00fck bir etkiye sahip oldu.<\/p>\n<p>4. Kolonizasyonun Sonu<\/p>\n<p><center><img decoding=\"async\" src=\"https:\/\/www.sorumatix.com\/blog\/wp-content\/uploads\/2023\/09\/uploaded-image-iki-dunya-savasi-arasindaki-donemde-dunyada-meydana-gelen-siyasi-ve-ekonomik-gelismeler-1693826767310.jpg\" title=\"\u0130ki d\u00fcnya sava\u015f\u0131 aras\u0131ndaki d\u00f6nemde d\u00fcnyada meydana gelen siyasi ve ekonomik geli\u015fmeler \" alt=\"\u0130ki d\u00fcnya sava\u015f\u0131 aras\u0131ndaki d\u00f6nemde d\u00fcnyada meydana gelen siyasi ve ekonomik geli\u015fmeler \"><\/center><\/p>\n<p>D\u00f6nem boyunca, bir\u00e7ok \u00fclke ba\u011f\u0131ms\u0131zl\u0131k m\u00fccadeleleri sonucunda s\u00f6m\u00fcrgeci g\u00fc\u00e7lerden kurtuldu. Hindistan, Pakistan, Sri Lanka gibi Asya \u00fclkeleri, Afrika&#8217;n\u0131n \u00e7e\u015fitli b\u00f6lgeleri ve Latin Amerika&#8217;daki baz\u0131 \u00fclkeler, ba\u011f\u0131ms\u0131zl\u0131klar\u0131n\u0131 kazanan devletler aras\u0131ndayd\u0131. Bu s\u00fcre\u00e7, k\u00fcresel siyasi dengelerde b\u00fcy\u00fck de\u011fi\u015fikliklere yol a\u00e7t\u0131.<\/p>\n<p>5. Ekonomik Kalk\u0131nma ve End\u00fcstrile\u015fme<\/p>\n<p>Baz\u0131 \u00fclkeler, bu d\u00f6nemde h\u0131zl\u0131 bir ekonomik kalk\u0131nma s\u00fcrecine girdi. \u00d6zellikle ABD, Almanya, Japonya ve \u0130ngiltere gibi \u00fclkeler, end\u00fcstriyel \u00fcretimi art\u0131rarak ekonomik b\u00fcy\u00fcmeyi sa\u011flad\u0131lar. Teknolojik ilerlemeler ve yeni \u00fcretim y\u00f6ntemleri, bu \u00fclkelerin ekonomik g\u00fc\u00e7lerini art\u0131rd\u0131.<\/p>\n<p>Bu d\u00f6nemde ya\u015fanan siyasi ve ekonomik geli\u015fmeler, d\u00fcnya tarihindeki \u00f6nemli olaylar aras\u0131nda yer al\u0131r. \u0130nsanl\u0131k i\u00e7in b\u00fcy\u00fck etkileri olan bu d\u00f6nemi anlamak, g\u00fcn\u00fcm\u00fcz d\u00fcnyas\u0131n\u0131 daha iyi kavramam\u0131z\u0131 sa\u011flar.<\/p>\n<p>Umar\u0131m bu makale, ortaokul \u00f6\u011frencilerine derslerinde yard\u0131mc\u0131 olurken ayn\u0131 zamanda onlara ilgi \u00e7ekici bilgiler sunar. Tarihin bazen karma\u015f\u0131k gelebilece\u011fini biliyoruz, ancak samimi bir dil kullanarak konuyu daha anla\u015f\u0131l\u0131r hale getirmeye \u00e7al\u0131\u015ft\u0131k.<\/p>\n<p>Unutmay\u0131n, tarih sadece ge\u00e7mi\u015fle ilgili de\u011fildir; ayn\u0131 zamanda bug\u00fcn\u00fcm\u00fcz\u00fc ve gelece\u011fimizi \u015fekillendiren bir yol har<\/p>\n<p><\/body><\/html><\/p>\n","protected":false},"excerpt":{"rendered":"<p>\u0130ki D\u00fcnya Sava\u015f\u0131 Aras\u0131ndaki D\u00f6nemde D\u00fcnyada Meydana Gelen Siyasi ve Ekonomik Geli\u015fmeler Merhaba! Bu makalede, iki d\u00fcnya sava\u015f\u0131 aras\u0131ndaki d\u00f6nemde<\/p>\n","protected":false},"author":1,"featured_media":2161,"comment_status":"open","ping_status":"open","sticky":false,"template":"","format":"standard","meta":{"colormag_page_container_layout":"default_layout","colormag_page_sidebar_layout":"default_layout","footnotes":""},"categories":[16],"tags":[],"class_list":["post-2229","post","type-post","status-publish","format-standard","has-post-thumbnail","hentry","category-tarih-konulari"],"_links":{"self":[{"href":"https:\/\/www.sorumatix.com\/blog\/wp-json\/wp\/v2\/posts\/2229","targetHints":{"allow":["GET"]}}],"collection":[{"href":"https:\/\/www.sorumatix.com\/blog\/wp-json\/wp\/v2\/posts"}],"about":[{"href":"https:\/\/www.sorumatix.com\/blog\/wp-json\/wp\/v2\/types\/post"}],"author":[{"embeddable":true,"href":"https:\/\/www.sorumatix.com\/blog\/wp-json\/wp\/v2\/users\/1"}],"replies":[{"embeddable":true,"href":"https:\/\/www.sorumatix.com\/blog\/wp-json\/wp\/v2\/comments?post=2229"}],"version-history":[{"count":0,"href":"https:\/\/www.sorumatix.com\/blog\/wp-json\/wp\/v2\/posts\/2229\/revisions"}],"wp:featuredmedia":[{"embeddable":true,"href":"https:\/\/www.sorumatix.com\/blog\/wp-json\/wp\/v2\/media\/2161"}],"wp:attachment":[{"href":"https:\/\/www.sorumatix.com\/blog\/wp-json\/wp\/v2\/media?parent=2229"}],"wp:term":[{"taxonomy":"category","embeddable":true,"href":"https:\/\/www.sorumatix.com\/blog\/wp-json\/wp\/v2\/categories?post=2229"},{"taxonomy":"post_tag","embeddable":true,"href":"https:\/\/www.sorumatix.com\/blog\/wp-json\/wp\/v2\/tags?post=2229"}],"curies":[{"name":"wp","href":"https:\/\/api.w.org\/{rel}","templated":true}]}}