{"id":2230,"date":"2023-09-15T19:29:52","date_gmt":"2023-09-15T19:29:52","guid":{"rendered":"https:\/\/www.sorumatix.com\/blog\/?p=2230"},"modified":"2023-09-15T19:29:52","modified_gmt":"2023-09-15T19:29:52","slug":"iki-dunya-savasi-arasindaki-donemde-olusan-uluslararasi-siyasi-ekonomik-ve-askeri-denge-ile-ikinci-dunya-savasinin-nedenleri-arasinda-iliski","status":"publish","type":"post","link":"https:\/\/www.sorumatix.com\/blog\/iki-dunya-savasi-arasindaki-donemde-olusan-uluslararasi-siyasi-ekonomik-ve-askeri-denge-ile-ikinci-dunya-savasinin-nedenleri-arasinda-iliski.html","title":{"rendered":"\u0130ki d\u00fcnya sava\u015f\u0131 aras\u0131ndaki d\u00f6nemde olu\u015fan uluslararas\u0131 siyasi, ekonomik ve asker\u00ee denge ile \u0130kinci D\u00fcnya Sava\u015f\u0131\u2019n\u0131n nedenleri aras\u0131nda ili\u015fki"},"content":{"rendered":"<p><html><head><\/head><body><\/p>\n<p>\u0130ki D\u00fcnya Sava\u015f\u0131 Aras\u0131nda Olu\u015fan Uluslararas\u0131 Siyasi, Ekonomik ve Askeri Denge ile \u0130kinci D\u00fcnya Sava\u015f\u0131&#8217;n\u0131n Nedenleri Aras\u0131nda \u0130li\u015fki<\/p>\n<p>\u0130nsanl\u0131k tarihi boyunca bir\u00e7ok \u00f6nemli d\u00f6neme tan\u0131kl\u0131k etmi\u015ftir. Bu d\u00f6nemlerden biri de \u0130ki D\u00fcnya Sava\u015f\u0131 aras\u0131ndaki zamand\u0131r. Bu d\u00f6nemde uluslararas\u0131 siyasi, ekonomik ve askeri denge, \u0130kinci D\u00fcnya Sava\u015f\u0131&#8217;n\u0131n nedenleriyle yak\u0131ndan ili\u015fkilidir. Haydi, bu makalede bu konuya yak\u0131ndan bakal\u0131m!<\/p>\n<p>1. B\u00fcy\u00fck Sava\u015f&#8217;\u0131n Ard\u0131ndan Bir Denge M\u00fccadelesi<\/p>\n<p>&#8211; I. D\u00fcnya Sava\u015f\u0131, Avrupa&#8217;da b\u00fcy\u00fck bir y\u0131k\u0131ma yol a\u00e7t\u0131 ve s\u0131n\u0131rlar\u0131 yeniden \u00e7izdi.<\/p>\n<p>&#8211; Sava\u015f sonras\u0131 bar\u0131\u015f antla\u015fmalar\u0131yla yeni devletler kuruldu ve uluslararas\u0131 denge de\u011fi\u015fti.<\/p>\n<p>2. Ekonomik Bunal\u0131m\u0131n Etkisi<\/p>\n<p>&#8211; 1929 Ekonomik Bunal\u0131m\u0131, d\u00fcnya genelinde i\u015fsizlik ve ekonomik s\u0131k\u0131nt\u0131lara neden oldu.<\/p>\n<p><center><img decoding=\"async\" src=\"https:\/\/www.sorumatix.com\/blog\/wp-content\/uploads\/2023\/09\/uploaded-image-iki-dunya-savasi-arasindaki-donemde-olusan-uluslararasi-siyasi-ekonomik-ve-askeri-denge-ile-ikinci-dunya-savasinin-nedenleri-arasinda-iliski-1693826763827.jpg\" title=\"\u0130ki d\u00fcnya sava\u015f\u0131 aras\u0131ndaki d\u00f6nemde olu\u015fan uluslararas\u0131 siyasi, ekonomik ve asker\u00ee denge ile \u0130kinci D\u00fcnya Sava\u015f\u0131\u2019n\u0131n nedenleri aras\u0131nda ili\u015fki \" alt=\"\u0130ki d\u00fcnya sava\u015f\u0131 aras\u0131ndaki d\u00f6nemde olu\u015fan uluslararas\u0131 siyasi, ekonomik ve asker\u00ee denge ile \u0130kinci D\u00fcnya Sava\u015f\u0131\u2019n\u0131n nedenleri aras\u0131nda ili\u015fki \"><\/center><\/p>\n<p>&#8211; Bu d\u00f6nemde, \u00fclkeler kendi ekonomilerini g\u00fc\u00e7lendirmek ve kaynaklar\u0131 kontrol etmek i\u00e7in rekabet etti.<\/p>\n<p>3. Yeni \u0130deolojilerin Y\u00fckseli\u015fi<\/p>\n<p>&#8211; \u0130ki D\u00fcnya Sava\u015f\u0131 aras\u0131nda, totaliter rejimler y\u00fckseldi.<\/p>\n<p>&#8211; Fa\u015fizm ve nazizm gibi ideolojiler, uluslararas\u0131 ili\u015fkilerde gerilim olu\u015fturarak sava\u015f\u0131n nedenlerine katk\u0131da bulundu.<\/p>\n<p>4. \u0130mparatorluklar\u0131n \u00c7\u00f6k\u00fc\u015f\u00fc<\/p>\n<p>&#8211; I. D\u00fcnya Sava\u015f\u0131, bir\u00e7ok imparatorlu\u011fun \u00e7\u00f6kmesine sebep oldu.<\/p>\n<p>&#8211; Bu s\u00fcre\u00e7te ortaya \u00e7\u0131kan bo\u015fluklar, yeni g\u00fc\u00e7lerin ve rekabetin ortaya \u00e7\u0131kmas\u0131na yol a\u00e7t\u0131.<\/p>\n<p><center><img decoding=\"async\" src=\"https:\/\/www.sorumatix.com\/blog\/wp-content\/uploads\/2023\/09\/uploaded-image-iki-dunya-savasi-arasindaki-donemde-olusan-uluslararasi-siyasi-ekonomik-ve-askeri-denge-ile-ikinci-dunya-savasinin-nedenleri-arasinda-iliski-1693826767622.jpg\" title=\"\u0130ki d\u00fcnya sava\u015f\u0131 aras\u0131ndaki d\u00f6nemde olu\u015fan uluslararas\u0131 siyasi, ekonomik ve asker\u00ee denge ile \u0130kinci D\u00fcnya Sava\u015f\u0131\u2019n\u0131n nedenleri aras\u0131nda ili\u015fki \" alt=\"\u0130ki d\u00fcnya sava\u015f\u0131 aras\u0131ndaki d\u00f6nemde olu\u015fan uluslararas\u0131 siyasi, ekonomik ve asker\u00ee denge ile \u0130kinci D\u00fcnya Sava\u015f\u0131\u2019n\u0131n nedenleri aras\u0131nda ili\u015fki \"><\/center><\/p>\n<p>5. Yeniden Silahlanma Yar\u0131\u015f\u0131<\/p>\n<p>&#8211; \u0130ki D\u00fcnya Sava\u015f\u0131 aras\u0131nda, \u00fclkeler silahlanma yar\u0131\u015f\u0131na girdi.<\/p>\n<p>&#8211; Askeri teknolojinin h\u0131zla geli\u015fmesi, sava\u015f\u0131n korkun\u00e7 etkilerini art\u0131rd\u0131 ve nedenlerine katk\u0131da bulundu.<\/p>\n<p>6. Diplomatik Anla\u015fmazl\u0131klar<\/p>\n<p>&#8211; \u0130ki D\u00fcnya Sava\u015f\u0131 aras\u0131nda, bir\u00e7ok diplomatik anla\u015fmazl\u0131k ya\u015fand\u0131.<\/p>\n<p>&#8211; \u00d6zellikle Versay Antla\u015fmas\u0131&#8217;n\u0131n adaletsizli\u011fi ve uluslararas\u0131 dengeyi sa\u011flayamamas\u0131, gelecek sava\u015f\u0131n nedenlerini tetikledi.<\/p>\n<p>\u0130ki D\u00fcnya Sava\u015f\u0131 aras\u0131ndaki d\u00f6nemde olu\u015fan uluslararas\u0131 siyasi, ekonomik ve askeri denge, \u0130kinci D\u00fcnya Sava\u015f\u0131&#8217;n\u0131n nedenleriyle i\u00e7 i\u00e7e ge\u00e7mi\u015ftir. B\u00fcy\u00fck Sava\u015f&#8217;\u0131n ard\u0131ndan kurulan d\u00fczenin istikrar\u0131n\u0131 sa\u011flayamamas\u0131, ekonomik bunal\u0131m\u0131n etkisi, yeni ideolojilerin y\u00fckseli\u015fi, imparatorluklar\u0131n \u00e7\u00f6k\u00fc\u015f\u00fc, silahlanma yar\u0131\u015f\u0131 ve diplomatik anla\u015fmazl\u0131klar, sava\u015f\u0131n ka\u00e7\u0131n\u0131lmaz hale gelmesine katk\u0131da bulundu.<\/p>\n<p>Bu d\u00f6nemdeki olaylar ve ili\u015fkiler, tarihimize derin bir iz b\u0131rakm\u0131\u015ft\u0131r. \u0130kinci D\u00fcnya Sava\u015f\u0131&#8217;n\u0131n nedenlerini anlamak, tarihimizi anlamak i\u00e7in \u00f6nemlidir. B\u00f6ylece, benzer hatalar\u0131 tekrarlamadan daha bar\u0131\u015f\u00e7\u0131l bir d\u00fcnya in\u015fa etme \u015fans\u0131na sahip olabiliriz.<\/p>\n<p>Unutmay\u0131n, tarih ge\u00e7mi\u015fi anlamak i\u00e7in vard\u0131r ve bu anlay\u0131\u015f gelece\u011fimizi \u015fekillendirir. \u0130ki D\u00fcnya Sava\u015f\u0131 aras\u0131ndaki d\u00f6nemdeki denge ve n<\/p>\n<p><\/body><\/html><\/p>\n","protected":false},"excerpt":{"rendered":"<p>\u0130ki D\u00fcnya Sava\u015f\u0131 Aras\u0131nda Olu\u015fan Uluslararas\u0131 Siyasi, Ekonomik ve Askeri Denge ile \u0130kinci D\u00fcnya Sava\u015f\u0131&#8217;n\u0131n Nedenleri Aras\u0131nda \u0130li\u015fki \u0130nsanl\u0131k tarihi<\/p>\n","protected":false},"author":1,"featured_media":2169,"comment_status":"open","ping_status":"open","sticky":false,"template":"","format":"standard","meta":{"colormag_page_container_layout":"default_layout","colormag_page_sidebar_layout":"default_layout","footnotes":""},"categories":[16],"tags":[],"class_list":["post-2230","post","type-post","status-publish","format-standard","has-post-thumbnail","hentry","category-tarih-konulari"],"_links":{"self":[{"href":"https:\/\/www.sorumatix.com\/blog\/wp-json\/wp\/v2\/posts\/2230","targetHints":{"allow":["GET"]}}],"collection":[{"href":"https:\/\/www.sorumatix.com\/blog\/wp-json\/wp\/v2\/posts"}],"about":[{"href":"https:\/\/www.sorumatix.com\/blog\/wp-json\/wp\/v2\/types\/post"}],"author":[{"embeddable":true,"href":"https:\/\/www.sorumatix.com\/blog\/wp-json\/wp\/v2\/users\/1"}],"replies":[{"embeddable":true,"href":"https:\/\/www.sorumatix.com\/blog\/wp-json\/wp\/v2\/comments?post=2230"}],"version-history":[{"count":0,"href":"https:\/\/www.sorumatix.com\/blog\/wp-json\/wp\/v2\/posts\/2230\/revisions"}],"wp:featuredmedia":[{"embeddable":true,"href":"https:\/\/www.sorumatix.com\/blog\/wp-json\/wp\/v2\/media\/2169"}],"wp:attachment":[{"href":"https:\/\/www.sorumatix.com\/blog\/wp-json\/wp\/v2\/media?parent=2230"}],"wp:term":[{"taxonomy":"category","embeddable":true,"href":"https:\/\/www.sorumatix.com\/blog\/wp-json\/wp\/v2\/categories?post=2230"},{"taxonomy":"post_tag","embeddable":true,"href":"https:\/\/www.sorumatix.com\/blog\/wp-json\/wp\/v2\/tags?post=2230"}],"curies":[{"name":"wp","href":"https:\/\/api.w.org\/{rel}","templated":true}]}}