{"id":2231,"date":"2023-10-26T00:04:52","date_gmt":"2023-10-26T00:04:52","guid":{"rendered":"https:\/\/www.sorumatix.com\/blog\/?p=2231"},"modified":"2023-10-26T00:04:52","modified_gmt":"2023-10-26T00:04:52","slug":"1968-kusaginin-ortaya-cikisi-ile-ogrenci-ve-isci-hareketleri","status":"publish","type":"post","link":"https:\/\/www.sorumatix.com\/blog\/1968-kusaginin-ortaya-cikisi-ile-ogrenci-ve-isci-hareketleri.html","title":{"rendered":"1968 Ku\u015fa\u011f\u0131n\u0131n ortaya \u00e7\u0131k\u0131\u015f\u0131 ile \u00f6\u011frenci ve i\u015f\u00e7i hareketleri"},"content":{"rendered":"<p><html><head><\/head><body><\/p>\n<p>1968 Ku\u015fa\u011f\u0131n\u0131n Ortaya \u00c7\u0131k\u0131\u015f\u0131 ve \u00d6\u011frenci \u0130\u015f\u00e7i Hareketleri<\/p>\n<p>Merhaba! Bu makalede, 1968 Ku\u015fa\u011f\u0131n\u0131n ortaya \u00e7\u0131k\u0131\u015f\u0131 ve \u00f6\u011frenci i\u015f\u00e7i hareketlerinin \u00f6nemli bir d\u00f6n\u00fcm noktas\u0131 oldu\u011funu ke\u015ffedece\u011fiz. Bu dikkate de\u011fer olaylar, 10-13 ya\u015f aral\u0131\u011f\u0131ndaki \u00e7ocuklar\u0131n anlamas\u0131 i\u00e7in basit ve e\u011flenceli bir dil kullanarak a\u00e7\u0131klanacak.<\/p>\n<p>1. \u0130lk Olarak, 1968 Ku\u015fa\u011f\u0131n\u0131n Ne Oldu\u011funu Anlayal\u0131m (100 kelime)<\/p>\n<p><center><img decoding=\"async\" src=\"https:\/\/www.sorumatix.com\/blog\/wp-content\/uploads\/2023\/09\/uploaded-image-1968-kusaginin-ortaya-cikisi-ile-ogrenci-ve-isci-hareketleri-1693826763728.jpg\" title=\"1968 Ku\u015fa\u011f\u0131n\u0131n ortaya \u00e7\u0131k\u0131\u015f\u0131 ile \u00f6\u011frenci ve i\u015f\u00e7i hareketleri \" alt=\"1968 Ku\u015fa\u011f\u0131n\u0131n ortaya \u00e7\u0131k\u0131\u015f\u0131 ile \u00f6\u011frenci ve i\u015f\u00e7i hareketleri \"><\/center><\/p>\n<p>1968 Ku\u015fa\u011f\u0131, 1960&#8217;l\u0131 y\u0131llarda gen\u00e7lerin sosyal ve politik olarak aktif oldu\u011fu bir d\u00f6nemi ifade eder. Bu d\u00f6nemde, gen\u00e7ler, de\u011fi\u015fim ve \u00f6zg\u00fcrl\u00fck taleplerini dile getirdiler. Vietnam Sava\u015f\u0131, sivil haklar hareketi ve cinsiyet e\u015fitli\u011fi gibi konular \u00fczerinde b\u00fcy\u00fck etkileri oldu.<\/p>\n<p>2. \u00d6\u011frenci Hareketleri Nas\u0131l Ba\u015flad\u0131? (100 kelime)<\/p>\n<p>\u00d6\u011frenci hareketleri, gen\u00e7lerin seslerini duyurmak amac\u0131yla okullarda toplanmalar\u0131yla ba\u015flad\u0131. Bu \u00f6\u011frenciler, daha iyi e\u011fitim ko\u015fullar\u0131, \u00f6\u011frenci haklar\u0131 ve demokratik \u00f6zg\u00fcrl\u00fckler i\u00e7in m\u00fccadele ettiler. \u00d6\u011frenci hareketleri d\u00fcnya genelinde yay\u0131ld\u0131 ve toplumda b\u00fcy\u00fck de\u011fi\u015fimlere yol a\u00e7t\u0131.<\/p>\n<p><center><img decoding=\"async\" src=\"https:\/\/www.sorumatix.com\/blog\/wp-content\/uploads\/2023\/09\/uploaded-image-1968-kusaginin-ortaya-cikisi-ile-ogrenci-ve-isci-hareketleri-1693826767825.jpg\" title=\"1968 Ku\u015fa\u011f\u0131n\u0131n ortaya \u00e7\u0131k\u0131\u015f\u0131 ile \u00f6\u011frenci ve i\u015f\u00e7i hareketleri \" alt=\"1968 Ku\u015fa\u011f\u0131n\u0131n ortaya \u00e7\u0131k\u0131\u015f\u0131 ile \u00f6\u011frenci ve i\u015f\u00e7i hareketleri \"><\/center><\/p>\n<p>3. \u0130\u015f\u00e7i Hareketleri Nas\u0131l Etkilendi? (100 kelime)<\/p>\n<p>\u00d6\u011frenci hareketlerinin ba\u015far\u0131s\u0131, i\u015f\u00e7i hareketlerine de ilham verdi. \u0130\u015f\u00e7iler, daha iyi \u00e7al\u0131\u015fma ko\u015fullar\u0131, adil maa\u015flar ve sendika haklar\u0131 i\u00e7in m\u00fccadele etmeye ba\u015flad\u0131lar. 1968 Ku\u015fa\u011f\u0131, \u00f6\u011frenci ve i\u015f\u00e7i hareketlerinin bir araya gelerek g\u00fc\u00e7l\u00fc bir sosyal de\u011fi\u015fim dalgas\u0131 olu\u015fturmas\u0131na yard\u0131mc\u0131 oldu.<\/p>\n<p>4. Toplumda Yarat\u0131lan De\u011fi\u015fimler (100 kelime)<\/p>\n<p>1968 Ku\u015fa\u011f\u0131, toplumsal de\u011fi\u015fimlere b\u00fcy\u00fck katk\u0131larda bulundu. Kad\u0131nlar\u0131n e\u015fit haklara sahip olmas\u0131, \u0131rk ayr\u0131mc\u0131l\u0131\u011f\u0131na kar\u015f\u0131 m\u00fccadele ve politikalar\u0131n sorgulanmas\u0131 gibi konularda \u00f6nemli ilerlemeler kaydedildi. Bu hareketler, bug\u00fcnk\u00fc d\u00fcnyam\u0131z\u0131n temel ta\u015flar\u0131ndan baz\u0131lar\u0131n\u0131 olu\u015fturdu.<\/p>\n<p>5. Sonu\u00e7 (100 kelime)<\/p>\n<p>1968 Ku\u015fa\u011f\u0131, gen\u00e7lerin g\u00fcc\u00fcn\u00fc ve de\u011fi\u015fim iste\u011fini g\u00f6steren bir d\u00f6nemi simgeliyor. Bu hareketler, daha adil ve \u00f6zg\u00fcr bir d\u00fcnya yaratmak i\u00e7in cesaretlendirici bir \u00f6rnek te\u015fkil ediyor. \u00d6\u011frenciler ve i\u015f\u00e7iler, toplumda ger\u00e7ek anlamda bir fark yaratman\u0131n m\u00fcmk\u00fcn oldu\u011funu g\u00f6sterdi. 1968 Ku\u015fa\u011f\u0131, tarihimize derin bir etki b\u0131rakt\u0131 ve gelecekteki nesiller i\u00e7in ilham kayna\u011f\u0131 olmaya devam edecek.<\/p>\n<p>Bu makalede, 1968 Ku\u015fa\u011f\u0131n\u0131n ortaya \u00e7\u0131k\u0131\u015f\u0131n\u0131 ve \u00f6\u011frenci i\u015f\u00e7i hareketlerini basit ve e\u011flenceli bir dil kullanarak anlatt\u0131k. Bu \u00f6nemli olaylar\u0131n gen\u00e7lerin d\u00fcnyas\u0131n\u0131 nas\u0131l etkiledi\u011fini anlamak, tarihsel bir perspektif kazanman\u0131z\u0131 sa\u011flayacakt\u0131r. Umar\u0131m bu yaz\u0131 size yard\u0131mc\u0131 olur ve merak\u0131n\u0131z\u0131 uyand\u0131r\u0131r!<\/p>\n<p><\/body><\/html><\/p>\n","protected":false},"excerpt":{"rendered":"<p>1968 Ku\u015fa\u011f\u0131n\u0131n Ortaya \u00c7\u0131k\u0131\u015f\u0131 ve \u00d6\u011frenci \u0130\u015f\u00e7i Hareketleri Merhaba! Bu makalede, 1968 Ku\u015fa\u011f\u0131n\u0131n ortaya \u00e7\u0131k\u0131\u015f\u0131 ve \u00f6\u011frenci i\u015f\u00e7i hareketlerinin \u00f6nemli<\/p>\n","protected":false},"author":1,"featured_media":2171,"comment_status":"open","ping_status":"open","sticky":false,"template":"","format":"standard","meta":{"colormag_page_container_layout":"default_layout","colormag_page_sidebar_layout":"default_layout","footnotes":""},"categories":[16],"tags":[],"class_list":["post-2231","post","type-post","status-publish","format-standard","has-post-thumbnail","hentry","category-tarih-konulari"],"_links":{"self":[{"href":"https:\/\/www.sorumatix.com\/blog\/wp-json\/wp\/v2\/posts\/2231","targetHints":{"allow":["GET"]}}],"collection":[{"href":"https:\/\/www.sorumatix.com\/blog\/wp-json\/wp\/v2\/posts"}],"about":[{"href":"https:\/\/www.sorumatix.com\/blog\/wp-json\/wp\/v2\/types\/post"}],"author":[{"embeddable":true,"href":"https:\/\/www.sorumatix.com\/blog\/wp-json\/wp\/v2\/users\/1"}],"replies":[{"embeddable":true,"href":"https:\/\/www.sorumatix.com\/blog\/wp-json\/wp\/v2\/comments?post=2231"}],"version-history":[{"count":0,"href":"https:\/\/www.sorumatix.com\/blog\/wp-json\/wp\/v2\/posts\/2231\/revisions"}],"wp:featuredmedia":[{"embeddable":true,"href":"https:\/\/www.sorumatix.com\/blog\/wp-json\/wp\/v2\/media\/2171"}],"wp:attachment":[{"href":"https:\/\/www.sorumatix.com\/blog\/wp-json\/wp\/v2\/media?parent=2231"}],"wp:term":[{"taxonomy":"category","embeddable":true,"href":"https:\/\/www.sorumatix.com\/blog\/wp-json\/wp\/v2\/categories?post=2231"},{"taxonomy":"post_tag","embeddable":true,"href":"https:\/\/www.sorumatix.com\/blog\/wp-json\/wp\/v2\/tags?post=2231"}],"curies":[{"name":"wp","href":"https:\/\/api.w.org\/{rel}","templated":true}]}}