{"id":2234,"date":"2023-11-19T01:49:52","date_gmt":"2023-11-19T01:49:52","guid":{"rendered":"https:\/\/www.sorumatix.com\/blog\/?p=2234"},"modified":"2023-11-19T01:49:52","modified_gmt":"2023-11-19T01:49:52","slug":"1990-ve-2003-korfez-savaslari-ve-irakin-isgali","status":"publish","type":"post","link":"https:\/\/www.sorumatix.com\/blog\/1990-ve-2003-korfez-savaslari-ve-irakin-isgali.html","title":{"rendered":"1990 ve 2003 K\u00f6rfez Sava\u015flar\u0131 ve Irak\u2019\u0131n i\u015fgali"},"content":{"rendered":"<p><html><head><\/head><body><\/p>\n<p>1990 ve 2003 K\u00f6rfez Sava\u015flar\u0131 ve Irak&#8217;\u0131n \u0130\u015fgali<\/p>\n<p>Merhaba! Bug\u00fcn, tarihle ilgili \u00f6nemli bir olay olan 1990 ve 2003 K\u00f6rfez Sava\u015flar\u0131 ve Irak&#8217;\u0131n i\u015fgali hakk\u0131nda konu\u015faca\u011f\u0131z. Bu d\u00f6nemde ya\u015fanan olaylar, d\u00fcnyan\u0131n dikkatini \u00e7eken b\u00fcy\u00fck jeopolitik de\u011fi\u015fimlere yol a\u00e7t\u0131. Hadi ba\u015flayal\u0131m!<\/p>\n<p>1. Sava\u015f\u0131n Nedenleri<\/p>\n<p>&#8211; 1990 y\u0131l\u0131nda, Saddam H\u00fcseyin liderli\u011findeki Irak, kom\u015fu \u00fclke Kuveyt&#8217;i i\u015fgal etti. Bu eylem, Irak&#8217;\u0131n petrol rezervlerine eri\u015fimi kontrol alt\u0131na almak ve bor\u00e7lar\u0131n\u0131 \u00f6demek i\u00e7in kaynak sa\u011flamak amac\u0131yla yap\u0131ld\u0131.<\/p>\n<p>&#8211; Uluslararas\u0131 toplum taraf\u0131ndan sald\u0131rgan bir eylem olarak de\u011ferlendirilen bu i\u015fgal, Birle\u015fmi\u015f Milletler (BM) taraf\u0131ndan kuvvetle k\u0131nand\u0131.<\/p>\n<p>2. Koalisyon G\u00fcc\u00fc ve Operasyonlar<\/p>\n<p>&#8211; Kuveyt&#8217;in i\u015fgalinin ard\u0131ndan, uluslararas\u0131 bir koalisyon g\u00fcc\u00fc olu\u015fturuldu. Amerika Birle\u015fik Devletleri&#8217;nin liderlik etti\u011fi koalisyon, K\u00f6rfez&#8217;deki Irak kuvvetlerine kar\u015f\u0131 operasyonlar d\u00fczenledi.<\/p>\n<p>&#8211; \u00c7\u00f6l F\u0131rt\u0131nas\u0131 ad\u0131 verilen bu operasyon, hava sald\u0131r\u0131lar\u0131 ve ard\u0131ndan kara birliklerinin harekete ge\u00e7irilmesini i\u00e7eriyordu.<\/p>\n<p>&#8211; Koalisyon g\u00fcc\u00fc, 1991 y\u0131l\u0131nda Kuveyt&#8217;i kurtarmay\u0131 ba\u015fard\u0131 ve Irak&#8217;\u0131n geri \u00e7ekilmesini sa\u011flad\u0131.<\/p>\n<p><center><img decoding=\"async\" src=\"https:\/\/www.sorumatix.com\/blog\/wp-content\/uploads\/2023\/09\/uploaded-image-1990-ve-2003-korfez-savaslari-ve-irakin-isgali-1693826764206.jpg\" title=\"1990 ve 2003 K\u00f6rfez Sava\u015flar\u0131 ve Irak\u2019\u0131n i\u015fgali \" alt=\"1990 ve 2003 K\u00f6rfez Sava\u015flar\u0131 ve Irak\u2019\u0131n i\u015fgali \"><\/center><\/p>\n<p>3. Irak&#8217;\u0131n \u0130\u015fgali<\/p>\n<p>&#8211; 2003 y\u0131l\u0131nda, Amerika Birle\u015fik Devletleri liderli\u011findeki koalisyon g\u00fc\u00e7leri, Saddam H\u00fcseyin rejimini devirmek amac\u0131yla Irak&#8217;a bir i\u015fgal ger\u00e7ekle\u015ftirdi.<\/p>\n<p>&#8211; ABD iddias\u0131na g\u00f6re, Irak&#8217;\u0131n kitle imha silahlar\u0131 geli\u015ftirdi\u011fi ve ter\u00f6rizme destek verdi\u011fi d\u00fc\u015f\u00fcn\u00fcl\u00fcyordu. Ancak sonradan bu iddialar\u0131n do\u011fru olmad\u0131\u011f\u0131 ortaya \u00e7\u0131kt\u0131.<\/p>\n<p>&#8211; \u0130\u015fgal sonucunda, Saddam H\u00fcseyin rejimi devrildi ve yerine yeni bir h\u00fck\u00fcmet kuruldu. Ancak \u00fclkede istikrar sa\u011flanamad\u0131 ve i\u00e7 \u00e7at\u0131\u015fmalar artt\u0131.<\/p>\n<p>4. Sonu\u00e7lar\u0131 ve Etkileri<\/p>\n<p>&#8211; K\u00f6rfez Sava\u015flar\u0131 ve Irak&#8217;\u0131n i\u015fgali, b\u00f6lgedeki jeopolitik dengeleri de\u011fi\u015ftirdi. Irak&#8217;ta ya\u015fanan kaos, ter\u00f6r \u00f6rg\u00fctlerinin ortaya \u00e7\u0131kmas\u0131na ve b\u00f6lgesel istikrars\u0131zl\u0131\u011fa yol a\u00e7t\u0131.<\/p>\n<p><center><img decoding=\"async\" src=\"https:\/\/www.sorumatix.com\/blog\/wp-content\/uploads\/2023\/09\/uploaded-image-1990-ve-2003-korfez-savaslari-ve-irakin-isgali-1693826769824.jpg\" title=\"1990 ve 2003 K\u00f6rfez Sava\u015flar\u0131 ve Irak\u2019\u0131n i\u015fgali \" alt=\"1990 ve 2003 K\u00f6rfez Sava\u015flar\u0131 ve Irak\u2019\u0131n i\u015fgali \"><\/center><\/p>\n<p>&#8211; Bu s\u00fcre\u00e7te, y\u00fcz binlerce insan\u0131n hayat\u0131n\u0131 kaybetti\u011fi ve milyonlarca ki\u015finin yerinden edildi\u011fi belirtilmelidir.<\/p>\n<p>&#8211; Ayr\u0131ca, b\u00f6lgede ya\u015fanan \u00e7at\u0131\u015fmalar\u0131n petrol fiyatlar\u0131n\u0131 etkiledi\u011fi ve k\u00fcresel ekonomi \u00fczerinde \u00f6nemli bir etkisi oldu\u011fu unutulmamal\u0131d\u0131r.<\/p>\n<p>1990 ve 2003 K\u00f6rfez Sava\u015flar\u0131 ve Irak&#8217;\u0131n i\u015fgali, d\u00fcnya tarihinde \u00f6nemli bir d\u00f6n\u00fcm noktas\u0131 olarak kabul edilir. Bu olaylar, uluslararas\u0131 ili\u015fkiler ve jeopolitik dengeler \u00fczerinde derin etkilere sahipti. Umar\u0131m bu makale, ortaokul \u00f6\u011frencilerine derslerinde yard\u0131mc\u0131 olurken ayn\u0131 zamanda onlara ilgin\u00e7 bir bilgi sunar.<\/p>\n<p><\/body><\/html><\/p>\n","protected":false},"excerpt":{"rendered":"<p>1990 ve 2003 K\u00f6rfez Sava\u015flar\u0131 ve Irak&#8217;\u0131n \u0130\u015fgali Merhaba! Bug\u00fcn, tarihle ilgili \u00f6nemli bir olay olan 1990 ve 2003 K\u00f6rfez<\/p>\n","protected":false},"author":1,"featured_media":2178,"comment_status":"open","ping_status":"open","sticky":false,"template":"","format":"standard","meta":{"colormag_page_container_layout":"default_layout","colormag_page_sidebar_layout":"default_layout","footnotes":""},"categories":[16],"tags":[],"class_list":["post-2234","post","type-post","status-publish","format-standard","has-post-thumbnail","hentry","category-tarih-konulari"],"_links":{"self":[{"href":"https:\/\/www.sorumatix.com\/blog\/wp-json\/wp\/v2\/posts\/2234","targetHints":{"allow":["GET"]}}],"collection":[{"href":"https:\/\/www.sorumatix.com\/blog\/wp-json\/wp\/v2\/posts"}],"about":[{"href":"https:\/\/www.sorumatix.com\/blog\/wp-json\/wp\/v2\/types\/post"}],"author":[{"embeddable":true,"href":"https:\/\/www.sorumatix.com\/blog\/wp-json\/wp\/v2\/users\/1"}],"replies":[{"embeddable":true,"href":"https:\/\/www.sorumatix.com\/blog\/wp-json\/wp\/v2\/comments?post=2234"}],"version-history":[{"count":1,"href":"https:\/\/www.sorumatix.com\/blog\/wp-json\/wp\/v2\/posts\/2234\/revisions"}],"predecessor-version":[{"id":4902,"href":"https:\/\/www.sorumatix.com\/blog\/wp-json\/wp\/v2\/posts\/2234\/revisions\/4902"}],"wp:featuredmedia":[{"embeddable":true,"href":"https:\/\/www.sorumatix.com\/blog\/wp-json\/wp\/v2\/media\/2178"}],"wp:attachment":[{"href":"https:\/\/www.sorumatix.com\/blog\/wp-json\/wp\/v2\/media?parent=2234"}],"wp:term":[{"taxonomy":"category","embeddable":true,"href":"https:\/\/www.sorumatix.com\/blog\/wp-json\/wp\/v2\/categories?post=2234"},{"taxonomy":"post_tag","embeddable":true,"href":"https:\/\/www.sorumatix.com\/blog\/wp-json\/wp\/v2\/tags?post=2234"}],"curies":[{"name":"wp","href":"https:\/\/api.w.org\/{rel}","templated":true}]}}