{"id":2236,"date":"2023-11-11T00:54:52","date_gmt":"2023-11-11T00:54:52","guid":{"rendered":"https:\/\/www.sorumatix.com\/blog\/?p=2236"},"modified":"2023-11-11T00:54:52","modified_gmt":"2023-11-11T00:54:52","slug":"kuresellesme-doneminde-avrupada-meydana-gelen-siyasi-gelismeler","status":"publish","type":"post","link":"https:\/\/www.sorumatix.com\/blog\/kuresellesme-doneminde-avrupada-meydana-gelen-siyasi-gelismeler.html","title":{"rendered":"K\u00fcreselle\u015fme D\u00f6nemi\u2019nde Avrupa\u2019da meydana gelen siyasi geli\u015fmeler"},"content":{"rendered":"<p><html><head><\/head><body><\/p>\n<p>K\u00fcreselle\u015fme D\u00f6nemi\u2019nde Avrupa\u2019da Meydana Gelen Siyasi Geli\u015fmeler<\/p>\n<p>Merhaba! Bu makalede, K\u00fcreselle\u015fme D\u00f6nemi&#8217;nde Avrupa&#8217;da meydana gelen siyasi geli\u015fmelere odaklanaca\u011f\u0131z. Heyecan verici bir konu, de\u011fil mi? \u00d6\u011frenirken e\u011flenmek i\u00e7in haz\u0131r olun!<\/p>\n<p>Avrupa, tarih boyunca \u00f6nemli siyasi de\u011fi\u015fimlere tan\u0131kl\u0131k etmi\u015ftir. \u0130\u015fte bu d\u00f6nemde ger\u00e7ekle\u015fen baz\u0131 olaylar:<\/p>\n<p><center><img decoding=\"async\" src=\"https:\/\/www.sorumatix.com\/blog\/wp-content\/uploads\/2023\/09\/uploaded-image-kuresellesme-doneminde-avrupada-meydana-gelen-siyasi-gelismeler-1693826764917.jpg\" title=\"K\u00fcreselle\u015fme D\u00f6nemi\u2019nde Avrupa\u2019da meydana gelen siyasi geli\u015fmeler \" alt=\"K\u00fcreselle\u015fme D\u00f6nemi\u2019nde Avrupa\u2019da meydana gelen siyasi geli\u015fmeler \"><\/center><\/p>\n<p>1. \u0130kinci D\u00fcnya Sava\u015f\u0131 Sonras\u0131 Yeniden \u0130n\u015fa: \u0130kinci D\u00fcnya Sava\u015f\u0131&#8217;ndan sonra, Avrupa \u00fclkeleri b\u00fcy\u00fck bir yeniden yap\u0131lanma s\u00fcrecine girdi. Bu s\u00fcre\u00e7, ekonomik ve siyasi a\u00e7\u0131dan kalk\u0131nmay\u0131 hedefleyerek Avrupa Birli\u011fi&#8217;nin (AB) temellerini atan ad\u0131mlar\u0131n at\u0131ld\u0131\u011f\u0131 bir d\u00f6nemdi.<\/p>\n<p>2. So\u011fuk Sava\u015f ve Demir Perde: II. D\u00fcnya Sava\u015f\u0131 sonras\u0131nda d\u00fcnya ikiye b\u00f6l\u00fcnd\u00fc ve Do\u011fu Bloku ile Bat\u0131 Bloku aras\u0131nda bir rekabet ba\u015flad\u0131. Avrupa da bu rekabetten etkilendi ve Almanya Berlin Duvar\u0131 ile ikiye ayr\u0131ld\u0131. Demir Perde olarak adland\u0131r\u0131lan s\u0131n\u0131rlar, Do\u011fu ve Bat\u0131 Avrupa aras\u0131ndaki siyasi ve ideolojik ayr\u0131m\u0131 simgeliyordu.<\/p>\n<p>3. Avrupa Birli\u011fi&#8217;nin Kurulu\u015fu: 1957 y\u0131l\u0131nda imzalanan Roma Antla\u015fmalar\u0131 ile Avrupa Ekonomik Toplulu\u011fu (AET) kuruldu. Bu ad\u0131m, Avrupa \u00fclkeleri aras\u0131nda ekonomik entegrasyonu ba\u015flatarak siyasi ve ekonomik i\u015fbirli\u011fini te\u015fvik etti. Daha sonra AET, Avrupa Birli\u011fi&#8217;ne d\u00f6n\u00fc\u015ft\u00fc ve bug\u00fcn 27 \u00fcyeye sahip birli\u011fin temelini olu\u015fturdu.<\/p>\n<p><center><img decoding=\"async\" src=\"https:\/\/www.sorumatix.com\/blog\/wp-content\/uploads\/2023\/09\/uploaded-image-kuresellesme-doneminde-avrupada-meydana-gelen-siyasi-gelismeler-1693826770226.jpg\" title=\"K\u00fcreselle\u015fme D\u00f6nemi\u2019nde Avrupa\u2019da meydana gelen siyasi geli\u015fmeler \" alt=\"K\u00fcreselle\u015fme D\u00f6nemi\u2019nde Avrupa\u2019da meydana gelen siyasi geli\u015fmeler \"><\/center><\/p>\n<p>4. Sovyetler Birli\u011fi&#8217;nin Da\u011f\u0131lmas\u0131: 1991&#8217;de Sovyetler Birli\u011fi&#8217;nin da\u011f\u0131lmas\u0131, Do\u011fu Avrupa&#8217;da b\u00fcy\u00fck siyasi de\u011fi\u015fimlere yol a\u00e7t\u0131. Bu olay, \u00e7e\u015fitli eski Sovyet cumhuriyetlerinin ba\u011f\u0131ms\u0131zl\u0131\u011f\u0131n\u0131 kazanmas\u0131yla sonu\u00e7land\u0131 ve bu \u00fclkeler demokratikle\u015fme s\u00fcrecine girdi.<\/p>\n<p>5. Avrupa Geni\u015flemesi: K\u00fcreselle\u015fme d\u00f6neminde Avrupa Birli\u011fi, yeni \u00fcyeleri kabul ederek geni\u015fledi. \u00d6zellikle 2004 ve 2007 y\u0131llar\u0131nda ger\u00e7ekle\u015fen geni\u015fleme dalgalar\u0131, Do\u011fu Avrupa \u00fclkelerini AB&#8217;ye katmay\u0131 hedefledi ve bu durum b\u00f6lgedeki siyasi ve ekonomik dengeleri etkiledi.<\/p>\n<p>Bu olaylar, K\u00fcreselle\u015fme D\u00f6nemi&#8217;nde Avrupa&#8217;da meydana gelen siyasi geli\u015fmelerin sadece birka\u00e7 \u00f6rne\u011fidir. Bu d\u00f6nemdeki olaylar, Avrupa&#8217;n\u0131n bug\u00fcnk\u00fc siyasi ve ekonomik yap\u0131s\u0131n\u0131 \u015fekillendiren \u00f6nemli ad\u0131mlard\u0131r.<\/p>\n<p>Derslerinizde bu konuyu ara\u015ft\u0131rarak daha fazla bilgi edinebilirsiniz. Unutmay\u0131n, tarih sadece ge\u00e7mi\u015fi anlamak i\u00e7in de\u011fil, ayn\u0131 zamanda gelece\u011fi in\u015fa etmek i\u00e7in de \u00f6nemlidir.<\/p>\n<p>Umar\u0131m bu makale size yard\u0131mc\u0131 olur ve ilginizi \u00e7eker! Ba\u015far\u0131l\u0131 bir \u00e7al\u0131\u015fma d\u00f6nemi ge\u00e7irmenizi dilerim.<\/p>\n<p><\/body><\/html><\/p>\n","protected":false},"excerpt":{"rendered":"<p>K\u00fcreselle\u015fme D\u00f6nemi\u2019nde Avrupa\u2019da Meydana Gelen Siyasi Geli\u015fmeler Merhaba! Bu makalede, K\u00fcreselle\u015fme D\u00f6nemi&#8217;nde Avrupa&#8217;da meydana gelen siyasi geli\u015fmelere odaklanaca\u011f\u0131z. Heyecan verici<\/p>\n","protected":false},"author":1,"featured_media":2184,"comment_status":"open","ping_status":"open","sticky":false,"template":"","format":"standard","meta":{"colormag_page_container_layout":"default_layout","colormag_page_sidebar_layout":"default_layout","footnotes":""},"categories":[16],"tags":[],"class_list":["post-2236","post","type-post","status-publish","format-standard","has-post-thumbnail","hentry","category-tarih-konulari"],"_links":{"self":[{"href":"https:\/\/www.sorumatix.com\/blog\/wp-json\/wp\/v2\/posts\/2236","targetHints":{"allow":["GET"]}}],"collection":[{"href":"https:\/\/www.sorumatix.com\/blog\/wp-json\/wp\/v2\/posts"}],"about":[{"href":"https:\/\/www.sorumatix.com\/blog\/wp-json\/wp\/v2\/types\/post"}],"author":[{"embeddable":true,"href":"https:\/\/www.sorumatix.com\/blog\/wp-json\/wp\/v2\/users\/1"}],"replies":[{"embeddable":true,"href":"https:\/\/www.sorumatix.com\/blog\/wp-json\/wp\/v2\/comments?post=2236"}],"version-history":[{"count":1,"href":"https:\/\/www.sorumatix.com\/blog\/wp-json\/wp\/v2\/posts\/2236\/revisions"}],"predecessor-version":[{"id":4808,"href":"https:\/\/www.sorumatix.com\/blog\/wp-json\/wp\/v2\/posts\/2236\/revisions\/4808"}],"wp:featuredmedia":[{"embeddable":true,"href":"https:\/\/www.sorumatix.com\/blog\/wp-json\/wp\/v2\/media\/2184"}],"wp:attachment":[{"href":"https:\/\/www.sorumatix.com\/blog\/wp-json\/wp\/v2\/media?parent=2236"}],"wp:term":[{"taxonomy":"category","embeddable":true,"href":"https:\/\/www.sorumatix.com\/blog\/wp-json\/wp\/v2\/categories?post=2236"},{"taxonomy":"post_tag","embeddable":true,"href":"https:\/\/www.sorumatix.com\/blog\/wp-json\/wp\/v2\/tags?post=2236"}],"curies":[{"name":"wp","href":"https:\/\/api.w.org\/{rel}","templated":true}]}}