{"id":2240,"date":"2023-10-08T07:39:52","date_gmt":"2023-10-08T07:39:52","guid":{"rendered":"https:\/\/www.sorumatix.com\/blog\/?p=2240"},"modified":"2023-10-08T07:39:52","modified_gmt":"2023-10-08T07:39:52","slug":"devrim-arabasi-uretiminin-gerceklestirilmeye-calisilmasinin-gerekceleri-ve-sonuclari","status":"publish","type":"post","link":"https:\/\/www.sorumatix.com\/blog\/devrim-arabasi-uretiminin-gerceklestirilmeye-calisilmasinin-gerekceleri-ve-sonuclari.html","title":{"rendered":"Devrim Arabas\u0131 \u00fcretiminin ger\u00e7ekle\u015ftirilmeye \u00e7al\u0131\u015f\u0131lmas\u0131n\u0131n gerek\u00e7eleri ve sonu\u00e7lar\u0131"},"content":{"rendered":"<p><html><head><\/head><body><\/p>\n<p>Devrim Arabas\u0131 \u00dcretiminin Gerek\u00e7eleri ve Sonu\u00e7lar\u0131<\/p>\n<p>Merhaba! Bu makalede, ortaokul \u00f6\u011frencilerine derslerinde yard\u0131mc\u0131 olmak i\u00e7in Devrim Arabas\u0131 \u00fcretimi konusunu ele alaca\u011f\u0131z. 10-13 ya\u015f aral\u0131\u011f\u0131ndaki arkada\u015flar\u0131m\u0131z, bu konuyu sadece anlamakla kalmayacak, ayn\u0131 zamanda e\u011flenceli bir \u015fekilde ke\u015ffedecekler. Devam edelim!<\/p>\n<p>Devrim Arabas\u0131 Nedir?<\/p>\n<p>&#8212;&#8212;&#8212;&#8212;&#8212;&#8212;&#8212;&#8212;&#8212;-<\/p>\n<p>Devrim Arabas\u0131, T\u00fcrkiye&#8217;nin otomobil sekt\u00f6r\u00fcnde \u00f6nemli bir d\u00f6n\u00fcm noktas\u0131 olarak kabul edilir. 1961 y\u0131l\u0131nda \u00fcretilmeye \u00e7al\u0131\u015f\u0131lan bu otomobil, yerli ve milli bir \u00fcretim amac\u0131 g\u00fcd\u00fcyordu. \u015eimdi, neden b\u00f6yle bir giri\u015fime ihtiya\u00e7 duyuldu\u011funu ve sonu\u00e7lar\u0131n\u0131n ne oldu\u011funu inceleyelim.<\/p>\n<p>Gerek\u00e7eler<\/p>\n<p><center><img decoding=\"async\" src=\"https:\/\/www.sorumatix.com\/blog\/wp-content\/uploads\/2023\/09\/uploaded-image-devrim-arabasi-uretiminin-gerceklestirilmeye-calisilmasinin-gerekceleri-ve-sonuclari-1693826764646.jpg\" title=\"Devrim Arabas\u0131 \u00fcretiminin ger\u00e7ekle\u015ftirilmeye \u00e7al\u0131\u015f\u0131lmas\u0131n\u0131n gerek\u00e7eleri ve sonu\u00e7lar\u0131 \" alt=\"Devrim Arabas\u0131 \u00fcretiminin ger\u00e7ekle\u015ftirilmeye \u00e7al\u0131\u015f\u0131lmas\u0131n\u0131n gerek\u00e7eleri ve sonu\u00e7lar\u0131 \"><\/center><\/p>\n<p>&#8212;&#8212;&#8212;&#8212;&#8212;&#8211;<\/p>\n<p>1. Ekonomik Ba\u011f\u0131ms\u0131zl\u0131k: Devrim Arabas\u0131, T\u00fcrkiye&#8217;nin otomobil ihtiyac\u0131n\u0131 kendi imkanlar\u0131yla kar\u015f\u0131lamay\u0131 hedefliyordu. Yerli bir otomobil \u00fcretmek, ithalat ba\u011f\u0131ml\u0131l\u0131\u011f\u0131n\u0131 azaltarak ekonomik ba\u011f\u0131ms\u0131zl\u0131\u011f\u0131 art\u0131rabilirdi.<\/p>\n<p><center><img decoding=\"async\" src=\"https:\/\/www.sorumatix.com\/blog\/wp-content\/uploads\/2023\/09\/uploaded-image-devrim-arabasi-uretiminin-gerceklestirilmeye-calisilmasinin-gerekceleri-ve-sonuclari-1693826770499.jpg\" title=\"Devrim Arabas\u0131 \u00fcretiminin ger\u00e7ekle\u015ftirilmeye \u00e7al\u0131\u015f\u0131lmas\u0131n\u0131n gerek\u00e7eleri ve sonu\u00e7lar\u0131 \" alt=\"Devrim Arabas\u0131 \u00fcretiminin ger\u00e7ekle\u015ftirilmeye \u00e7al\u0131\u015f\u0131lmas\u0131n\u0131n gerek\u00e7eleri ve sonu\u00e7lar\u0131 \"><\/center><\/p>\n<p>2. Teknolojik Geli\u015fme: Devrim Arabas\u0131 projesi, T\u00fcrkiye&#8217;de otomobil end\u00fcstrisinin geli\u015fmesini sa\u011flama amac\u0131n\u0131 ta\u015f\u0131yordu. Yerli m\u00fchendislerin ve i\u015f\u00e7ilerin katk\u0131lar\u0131yla, otomobil \u00fcretme konusundaki becerilerimiz geli\u015febilirdi. Bu da T\u00fcrkiye&#8217;nin teknolojik anlamda ilerlemesini sa\u011flayabilirdi.<\/p>\n<p>3. \u0130stihdam Olanaklar\u0131: Yerli bir otomobil \u00fcretimi, yeni i\u015f olanaklar\u0131n\u0131n ortaya \u00e7\u0131kmas\u0131na katk\u0131da bulunabilirdi. Otomobil fabrikalar\u0131 kurulacak, bu da istihdam sorununa \u00e7\u00f6z\u00fcm olu\u015fturabilecekti.<\/p>\n<p>Sonu\u00e7lar<\/p>\n<p>&#8212;&#8212;&#8212;&#8212;&#8212;-<\/p>\n<p>1. Deneyim Kazan\u0131m\u0131: Devrim Arabas\u0131 projesi, T\u00fcrkiye&#8217;nin otomobil \u00fcretimi ve end\u00fcstriyel geli\u015fimi konusunda \u00f6nemli bir deneyim kazand\u0131rd\u0131. Proje s\u00fcrecinde pek \u00e7ok zorlukla kar\u015f\u0131la\u015f\u0131lmas\u0131na ra\u011fmen, yerli otomobil \u00fcretimi hakk\u0131nda bir\u00e7ok bilgi ve tecr\u00fcbe elde edildi.<\/p>\n<p>2. Fark\u0131ndal\u0131k ve Gurur: Devrim Arabas\u0131 projesi, T\u00fcrkiye&#8217;de milli bir otomobil \u00fcretme iste\u011finin sembol\u00fc haline geldi. Halk aras\u0131nda b\u00fcy\u00fck heyecan yaratt\u0131 ve vatanda\u015flar\u0131n yerli \u00fcretime olan inanc\u0131n\u0131 art\u0131rd\u0131. Bu durum, toplumda milli gururun ve birlik duygusunun olu\u015fmas\u0131na katk\u0131da bulundu.<\/p>\n<p>3. Uzun Vadeli Etkiler: Devrim Arabas\u0131 \u00fcretiminin sonu\u00e7lar\u0131, sadece o d\u00f6neme \u00f6zg\u00fc de\u011fildir. Bu giri\u015fim, T\u00fcrk otomotiv end\u00fcstrisinin temellerini atm\u0131\u015f ve gelecekteki otomobil \u00fcretimine ilham kayna\u011f\u0131 olmu\u015ftur. G\u00fcn\u00fcm\u00fczde, T\u00fcrkiye&#8217;nin yerli otomobil markalar\u0131n\u0131n ortaya \u00e7\u0131kmas\u0131nda bu projenin etkisi g\u00f6r\u00fclmektedir.<\/p>\n<p>Sonu\u00e7 olarak, Devrim Arabas\u0131 projesi, T\u00fcrkiye&#8217;nin otomobil \u00fcretimi konusunda \u00f6nemli bir ad\u0131md\u0131r. Ekonomik ba\u011f\u0131ms\u0131zl\u0131k, teknolojik geli\u015fme ve istihdam olanaklar\u0131 gibi gerek\u00e7elerle ba\u015flat\u0131lan bu proje, \u00fclkemize bir\u00e7ok fayda sa\u011flam\u0131\u015ft\u0131r. Ayn\u0131 zamanda, milli bir gurur ve toplumsal bir fark\u0131ndal\u0131k yaratm\u0131\u015ft\u0131r. Devrim Arabas\u0131&#8217;n\u0131n \u00fcretim deneyimi, T\u00fcrk ot<\/p>\n<p><\/body><\/html><\/p>\n","protected":false},"excerpt":{"rendered":"<p>Devrim Arabas\u0131 \u00dcretiminin Gerek\u00e7eleri ve Sonu\u00e7lar\u0131 Merhaba! Bu makalede, ortaokul \u00f6\u011frencilerine derslerinde yard\u0131mc\u0131 olmak i\u00e7in Devrim Arabas\u0131 \u00fcretimi konusunu ele<\/p>\n","protected":false},"author":1,"featured_media":2182,"comment_status":"open","ping_status":"open","sticky":false,"template":"","format":"standard","meta":{"colormag_page_container_layout":"default_layout","colormag_page_sidebar_layout":"default_layout","footnotes":""},"categories":[16],"tags":[],"class_list":["post-2240","post","type-post","status-publish","format-standard","has-post-thumbnail","hentry","category-tarih-konulari"],"_links":{"self":[{"href":"https:\/\/www.sorumatix.com\/blog\/wp-json\/wp\/v2\/posts\/2240","targetHints":{"allow":["GET"]}}],"collection":[{"href":"https:\/\/www.sorumatix.com\/blog\/wp-json\/wp\/v2\/posts"}],"about":[{"href":"https:\/\/www.sorumatix.com\/blog\/wp-json\/wp\/v2\/types\/post"}],"author":[{"embeddable":true,"href":"https:\/\/www.sorumatix.com\/blog\/wp-json\/wp\/v2\/users\/1"}],"replies":[{"embeddable":true,"href":"https:\/\/www.sorumatix.com\/blog\/wp-json\/wp\/v2\/comments?post=2240"}],"version-history":[{"count":0,"href":"https:\/\/www.sorumatix.com\/blog\/wp-json\/wp\/v2\/posts\/2240\/revisions"}],"wp:featuredmedia":[{"embeddable":true,"href":"https:\/\/www.sorumatix.com\/blog\/wp-json\/wp\/v2\/media\/2182"}],"wp:attachment":[{"href":"https:\/\/www.sorumatix.com\/blog\/wp-json\/wp\/v2\/media?parent=2240"}],"wp:term":[{"taxonomy":"category","embeddable":true,"href":"https:\/\/www.sorumatix.com\/blog\/wp-json\/wp\/v2\/categories?post=2240"},{"taxonomy":"post_tag","embeddable":true,"href":"https:\/\/www.sorumatix.com\/blog\/wp-json\/wp\/v2\/tags?post=2240"}],"curies":[{"name":"wp","href":"https:\/\/api.w.org\/{rel}","templated":true}]}}