{"id":2241,"date":"2023-11-15T20:39:52","date_gmt":"2023-11-15T20:39:52","guid":{"rendered":"https:\/\/www.sorumatix.com\/blog\/?p=2241"},"modified":"2023-11-15T20:39:52","modified_gmt":"2023-11-15T20:39:52","slug":"kuresel-guclerin-ve-uluslararasi-orgutlerin-bosna-hersekin-isgaline-karsi-tutumlari","status":"publish","type":"post","link":"https:\/\/www.sorumatix.com\/blog\/kuresel-guclerin-ve-uluslararasi-orgutlerin-bosna-hersekin-isgaline-karsi-tutumlari.html","title":{"rendered":"K\u00fcresel g\u00fc\u00e7lerin ve uluslararas\u0131 \u00f6rg\u00fctlerin Bosna-Hersek\u2019in i\u015fgaline kar\u015f\u0131 tutumlar\u0131"},"content":{"rendered":"<p><html><head><\/head><body><center><img decoding=\"async\" src=\"https:\/\/www.sorumatix.com\/blog\/wp-content\/uploads\/2023\/09\/uploaded-image-kuresel-guclerin-ve-uluslararasi-orgutlerin-bosna-hersekin-isgaline-karsi-tutumlari-1693826765515.jpg\" title=\"K\u00fcresel g\u00fc\u00e7lerin ve uluslararas\u0131 \u00f6rg\u00fctlerin Bosna-Hersek\u2019in i\u015fgaline kar\u015f\u0131 tutumlar\u0131 \" alt=\"K\u00fcresel g\u00fc\u00e7lerin ve uluslararas\u0131 \u00f6rg\u00fctlerin Bosna-Hersek\u2019in i\u015fgaline kar\u015f\u0131 tutumlar\u0131 \"><\/center><\/p>\n<p>Bosna-Hersek&#8217;in \u0130\u015fgaline Kar\u015f\u0131 K\u00fcresel G\u00fc\u00e7ler ve Uluslararas\u0131 \u00d6rg\u00fctlerin Tutumu<\/p>\n<p>Bosna-Hersek&#8217;in i\u015fgali, tarih boyunca ya\u015fanan bir\u00e7ok uluslararas\u0131 \u00e7at\u0131\u015fma aras\u0131nda \u00f6nemli bir olayd\u0131r. Bu makalede, 10-13 ya\u015f aral\u0131\u011f\u0131ndaki ortaokul \u00f6\u011frencilerine hitap edecek \u015fekilde, k\u00fcresel g\u00fc\u00e7lerin ve uluslararas\u0131 \u00f6rg\u00fctlerin Bosna-Hersek&#8217;in i\u015fgaline kar\u015f\u0131 tutumlar\u0131n\u0131 ele alaca\u011f\u0131z.<\/p>\n<p>1. NATO&#8217;nun Rol\u00fc<\/p>\n<p>Bosna-Hersek&#8217;in i\u015fgaline kar\u015f\u0131 tepki veren ve aktif bir rol \u00fcstlenen ilk uluslararas\u0131 \u00f6rg\u00fct NATO&#8217;dur. NATO, 1995 y\u0131l\u0131nda Bosna-Hersek&#8217;teki sava\u015f\u0131 sona erdirmek amac\u0131yla harekete ge\u00e7mi\u015ftir. Srebrenitsa katliam\u0131 gibi insanl\u0131k d\u0131\u015f\u0131 olaylar ya\u015fand\u0131\u011f\u0131nda, NATO askeri m\u00fcdahalede bulunarak Bosna-Hersek halk\u0131n\u0131 koruma \u00e7abas\u0131 g\u00f6stermi\u015ftir.<\/p>\n<p>2. Avrupa Birli\u011fi&#8217;nin Diplomatik \u00c7al\u0131\u015fmalar\u0131<\/p>\n<p>Avrupa Birli\u011fi (AB), Bosna-Hersek&#8217;in i\u015fgaline kar\u015f\u0131 diplomatik \u00e7\u00f6z\u00fcm i\u00e7in \u00e7al\u0131\u015fmalarda bulunan bir di\u011fer \u00f6nemli uluslararas\u0131 \u00f6rg\u00fctt\u00fcr. AB, Bosna-Hersek&#8217;teki \u00e7at\u0131\u015fmalar\u0131n sona erdirilmesi ve bar\u0131\u015f\u0131n sa\u011flanmas\u0131 i\u00e7in arabuluculuk yapm\u0131\u015ft\u0131r. Ayr\u0131ca, ekonomik yard\u0131mlar ve demokratik reformlara destek sa\u011flam\u0131\u015ft\u0131r.<\/p>\n<p>3. Amerika Birle\u015fik Devletleri&#8217;nin Rol\u00fc<\/p>\n<p><center><img decoding=\"async\" src=\"https:\/\/www.sorumatix.com\/blog\/wp-content\/uploads\/2023\/09\/uploaded-image-kuresel-guclerin-ve-uluslararasi-orgutlerin-bosna-hersekin-isgaline-karsi-tutumlari-1693826772227.jpg\" title=\"K\u00fcresel g\u00fc\u00e7lerin ve uluslararas\u0131 \u00f6rg\u00fctlerin Bosna-Hersek\u2019in i\u015fgaline kar\u015f\u0131 tutumlar\u0131 \" alt=\"K\u00fcresel g\u00fc\u00e7lerin ve uluslararas\u0131 \u00f6rg\u00fctlerin Bosna-Hersek\u2019in i\u015fgaline kar\u015f\u0131 tutumlar\u0131 \"><\/center><\/p>\n<p>Amerika Birle\u015fik Devletleri (ABD), Bosna-Hersek&#8217;in i\u015fgaline kar\u015f\u0131 g\u00fc\u00e7l\u00fc bir tutum sergileyen \u00fclkelerden biridir. ABD, \u00e7at\u0131\u015fmalar\u0131n sona erdirilmesi ve bar\u0131\u015f\u0131n sa\u011flanmas\u0131 i\u00e7in diplomatik giri\u015fimlerde bulunmu\u015ftur. Ayr\u0131ca, NATO operasyonlar\u0131na aktif bir \u015fekilde kat\u0131larak Bosna-Hersek halk\u0131n\u0131n korunmas\u0131na destek olmu\u015ftur.<\/p>\n<p>4. BM&#8217;nin M\u00fcdahalesi<\/p>\n<p>Bosna-Hersek&#8217;in i\u015fgali s\u0131ras\u0131nda Birle\u015fmi\u015f Milletler (BM), bar\u0131\u015f\u0131 sa\u011flamak ve insan haklar\u0131n\u0131 korumak amac\u0131yla \u00e7e\u015fitli g\u00f6revler \u00fcstlenmi\u015ftir. Ancak, baz\u0131 ele\u015ftiriler, BM&#8217;nin etkili m\u00fcdahale yapmad\u0131\u011f\u0131 y\u00f6n\u00fcndedir. \u00d6zellikle Srebrenitsa katliam\u0131 gibi trajik olaylar\u0131n ya\u015fand\u0131\u011f\u0131 d\u00f6nemde BM&#8217;nin daha etkin hareket etmesi beklenirdi.<\/p>\n<p>5. Rusya&#8217;n\u0131n Tutumu<\/p>\n<p>Rusya, Bosna-Hersek&#8217;in i\u015fgaline kar\u015f\u0131 di\u011fer \u00fclkelerden farkl\u0131 bir tutum sergilemi\u015ftir. Rusya, S\u0131rbistan&#8217;la tarihi ve k\u00fclt\u00fcrel ba\u011flar\u0131 olan Ortodoks S\u0131rplar\u0131 desteklemi\u015ftir. Bu nedenle Rusya&#8217;n\u0131n, Bosna-Hersek&#8217;in i\u015fgaline kar\u015f\u0131 daha tarafs\u0131z bir tutum sergiledi\u011fi s\u00f6ylenebilir.<\/p>\n<p>Sonu\u00e7 olarak, Bosna-Hersek&#8217;in i\u015fgaline kar\u015f\u0131 k\u00fcresel g\u00fc\u00e7ler ve uluslararas\u0131 \u00f6rg\u00fctler farkl\u0131 tutumlar sergilemi\u015ftir. NATO&#8217;nun askeri m\u00fcdahalesi, Avrupa Birli\u011fi&#8217;nin diplomatik \u00e7abalar\u0131, ABD&#8217;nin aktif deste\u011fi ve BM&#8217;nin rol\u00fc, Bosna-Hersek halk\u0131n\u0131n korunmas\u0131nda \u00f6nemli ad\u0131mlar at\u0131lmas\u0131n\u0131 sa\u011flam\u0131\u015ft\u0131r. Ancak, baz\u0131 ele\u015ftiriler de bulunmaktad\u0131r ve bu konuda daha fazla \u00e7al\u0131\u015fma yap\u0131lmas\u0131 gerekmektedir.<\/p>\n<p><\/body><\/html><\/p>\n","protected":false},"excerpt":{"rendered":"<p>Bosna-Hersek&#8217;in \u0130\u015fgaline Kar\u015f\u0131 K\u00fcresel G\u00fc\u00e7ler ve Uluslararas\u0131 \u00d6rg\u00fctlerin Tutumu Bosna-Hersek&#8217;in i\u015fgali, tarih boyunca ya\u015fanan bir\u00e7ok uluslararas\u0131 \u00e7at\u0131\u015fma aras\u0131nda \u00f6nemli bir<\/p>\n","protected":false},"author":1,"featured_media":2194,"comment_status":"open","ping_status":"open","sticky":false,"template":"","format":"standard","meta":{"colormag_page_container_layout":"default_layout","colormag_page_sidebar_layout":"default_layout","footnotes":""},"categories":[16],"tags":[],"class_list":["post-2241","post","type-post","status-publish","format-standard","has-post-thumbnail","hentry","category-tarih-konulari"],"_links":{"self":[{"href":"https:\/\/www.sorumatix.com\/blog\/wp-json\/wp\/v2\/posts\/2241","targetHints":{"allow":["GET"]}}],"collection":[{"href":"https:\/\/www.sorumatix.com\/blog\/wp-json\/wp\/v2\/posts"}],"about":[{"href":"https:\/\/www.sorumatix.com\/blog\/wp-json\/wp\/v2\/types\/post"}],"author":[{"embeddable":true,"href":"https:\/\/www.sorumatix.com\/blog\/wp-json\/wp\/v2\/users\/1"}],"replies":[{"embeddable":true,"href":"https:\/\/www.sorumatix.com\/blog\/wp-json\/wp\/v2\/comments?post=2241"}],"version-history":[{"count":1,"href":"https:\/\/www.sorumatix.com\/blog\/wp-json\/wp\/v2\/posts\/2241\/revisions"}],"predecessor-version":[{"id":4864,"href":"https:\/\/www.sorumatix.com\/blog\/wp-json\/wp\/v2\/posts\/2241\/revisions\/4864"}],"wp:featuredmedia":[{"embeddable":true,"href":"https:\/\/www.sorumatix.com\/blog\/wp-json\/wp\/v2\/media\/2194"}],"wp:attachment":[{"href":"https:\/\/www.sorumatix.com\/blog\/wp-json\/wp\/v2\/media?parent=2241"}],"wp:term":[{"taxonomy":"category","embeddable":true,"href":"https:\/\/www.sorumatix.com\/blog\/wp-json\/wp\/v2\/categories?post=2241"},{"taxonomy":"post_tag","embeddable":true,"href":"https:\/\/www.sorumatix.com\/blog\/wp-json\/wp\/v2\/tags?post=2241"}],"curies":[{"name":"wp","href":"https:\/\/api.w.org\/{rel}","templated":true}]}}