{"id":2313,"date":"2023-09-12T12:22:27","date_gmt":"2023-09-12T12:22:27","guid":{"rendered":"https:\/\/www.sorumatix.com\/blog\/?p=2313"},"modified":"2023-09-12T12:22:27","modified_gmt":"2023-09-12T12:22:27","slug":"dogal-ortamda-insan-etkisiyle-meydana-gelen-degisimleri","status":"publish","type":"post","link":"https:\/\/www.sorumatix.com\/blog\/dogal-ortamda-insan-etkisiyle-meydana-gelen-degisimleri.html","title":{"rendered":"Do\u011fal ortamda insan etkisiyle meydana gelen de\u011fi\u015fimleri"},"content":{"rendered":"<p><center><iframe loading=\"lazy\" width=\"560\" height=\"315\" src=\"https:\/\/www.youtube.com\/embed\/5Z26mcc-kv8\" title=\"YouTube video player\" frameborder=\"0\" allow=\"accelerometer; autoplay; clipboard-write; encrypted-media; gyroscope; picture-in-picture; web-share\" allowfullscreen><\/iframe><\/center><html><head><\/head><body><center><img decoding=\"async\" src=\"https:\/\/www.sorumatix.com\/blog\/wp-content\/uploads\/2023\/09\/uploaded-image-dogal-ortamda-insan-etkisiyle-meydana-gelen-degisimleri-1693902915467.jpg\" title=\"Do\u011fal ortamda insan etkisiyle meydana gelen de\u011fi\u015fimleri \" alt=\"Do\u011fal ortamda insan etkisiyle meydana gelen de\u011fi\u015fimleri \"><\/center><\/p>\n<p>Do\u011fan\u0131n De\u011fi\u015fen Y\u00fcz\u00fc: \u0130nsan Etkisiyle Ger\u00e7ekle\u015fen Do\u011fal Ortam De\u011fi\u015fimleri<\/p>\n<p>Merhaba! Bug\u00fcn sizlere do\u011fal ortamda insan etkisiyle meydana gelen de\u011fi\u015fimler konusunu anlataca\u011f\u0131m. Belki fark\u0131nda olmad\u0131\u011f\u0131n\u0131z bir ger\u00e7ek var; do\u011fada yapt\u0131\u011f\u0131m\u0131z baz\u0131 \u015feyler, \u00e7evremizdeki ya\u015fam\u0131 etkileyebiliyor. Hadi gelin bu ilgin\u00e7 konuyu birlikte ke\u015ffedelim!<\/p>\n<p>1. Ormanlar\u0131n Azalmas\u0131:<\/p>\n<p>\u0130nsanlar olarak enerji ve kaynak ihtiya\u00e7lar\u0131m\u0131z\u0131 kar\u015f\u0131lamak i\u00e7in ormanl\u0131k alanlar\u0131 kesiyoruz. Ancak bu durum, orman ekosistemlerinin dengesini bozuyor. Ayr\u0131ca, a\u011fa\u00e7lar fotosentez yaparak atmosferdeki karbondioksiti emerler. Ormanlar\u0131n azalmas\u0131, iklim de\u011fi\u015fikli\u011fi ve hava kirlili\u011fi gibi sorunlara yol a\u00e7abilir.<\/p>\n<p>2. Su Kaynaklar\u0131n\u0131n Kirlenmesi:<\/p>\n<p>Sanayile\u015fme ve tar\u0131msal faaliyetler sonucunda sular\u0131m\u0131z kirlenebiliyor. Kimyasal maddeler ve at\u0131klar do\u011fal su kaynaklar\u0131n\u0131 kirletirken, su canl\u0131lar\u0131na ve ekosisteme zarar verebilir. Bu nedenle, sular\u0131 korumak ve temiz tutmak \u00f6nemlidir.<\/p>\n<p><center><img decoding=\"async\" src=\"https:\/\/www.sorumatix.com\/blog\/wp-content\/uploads\/2023\/09\/uploaded-image-dogal-ortamda-insan-etkisiyle-meydana-gelen-degisimleri-1693902916221.jpg\" title=\"Do\u011fal ortamda insan etkisiyle meydana gelen de\u011fi\u015fimleri \" alt=\"Do\u011fal ortamda insan etkisiyle meydana gelen de\u011fi\u015fimleri \"><\/center><\/p>\n<p>3. Biyolojik \u00c7e\u015fitlilik Azalmas\u0131:<\/p>\n<p>Yaban hayat\u0131 ve bitki t\u00fcrleri, do\u011fal habitatlar\u0131n\u0131n tahrip edilmesi ve bozulmas\u0131 nedeniyle tehdit alt\u0131ndad\u0131r. \u0130nsan faaliyetleri, baz\u0131 canl\u0131 t\u00fcrlerinin yok olmas\u0131na veya nesli t\u00fckenme riskiyle kar\u015f\u0131 kar\u015f\u0131ya kalmas\u0131na sebep olabilir. Bu nedenle, biyolojik \u00e7e\u015fitlili\u011fi korumak i\u00e7in \u00e7aba sarf etmeliyiz.<\/p>\n<p>4. \u0130klim De\u011fi\u015fikli\u011fi:<\/p>\n<p>Fosil yak\u0131tlar\u0131n kullan\u0131m\u0131 ve sera gaz\u0131 emisyonlar\u0131, d\u00fcnya genelinde iklim de\u011fi\u015fikli\u011fine yol a\u00e7maktad\u0131r. Artan s\u0131cakl\u0131k, hava ko\u015fullar\u0131nda a\u015f\u0131r\u0131 de\u011fi\u015fikliklere ve ekstrem olaylara neden olabilir. \u0130klim de\u011fi\u015fikli\u011fi, bitki ve hayvanlar\u0131n ya\u015fam alanlar\u0131n\u0131 etkileyerek, ekosistem dengesini bozabilir.<\/p>\n<p>5. Deniz Kirlili\u011fi:<\/p>\n<p>Plastik at\u0131klar, petrol s\u0131z\u0131nt\u0131lar\u0131 ve kimyasal kirlilik gibi fakt\u00f6rler denizlerimizi tehdit ediyor. Deniz kirlili\u011fi, su alt\u0131 ekosistemlerini etkiler ve deniz ya\u015fam\u0131n\u0131n zarar g\u00f6rmesine yol a\u00e7ar. Bu nedenle, plastik kullan\u0131m\u0131n\u0131 azaltmak ve denizlere zarar veren maddelerin yay\u0131lmas\u0131n\u0131 \u00f6nlemek \u00f6nemlidir.<\/p>\n<p>Sonu\u00e7 olarak, do\u011fal ortamlarda insan etkisiyle meydana gelen de\u011fi\u015fimlerin ciddi sonu\u00e7lar\u0131 olabilir. Bu nedenle, do\u011fal kaynaklar\u0131m\u0131z\u0131 korumak ve s\u00fcrd\u00fcr\u00fclebilirlik i\u00e7in harekete ge\u00e7mek b\u00fcy\u00fck \u00f6nem ta\u015f\u0131r. Her birimizin k\u00fc\u00e7\u00fck ad\u0131mlarla \u00e7evreye daha duyarl\u0131 olmas\u0131 ve gelecek nesillere temiz bir d\u00fcnya b\u0131rakmak i\u00e7in \u00e7aba g\u00f6stermesi gerekmektedir.<\/p>\n<p>Unutmay\u0131n, do\u011fa bizim ortak miras\u0131m\u0131zd\u0131r ve ona sayg\u0131 g\u00f6stermek hepimizin sorumlulu\u011fudur. \u0130yi e\u011flenceler ve do\u011fay\u0131 ke\u015ffetmeye devam edin!<\/p>\n<p><\/body><\/html><\/p>\n","protected":false},"excerpt":{"rendered":"<p>Do\u011fan\u0131n De\u011fi\u015fen Y\u00fcz\u00fc: \u0130nsan Etkisiyle Ger\u00e7ekle\u015fen Do\u011fal Ortam De\u011fi\u015fimleri Merhaba! Bug\u00fcn sizlere do\u011fal ortamda insan etkisiyle meydana gelen de\u011fi\u015fimler konusunu<\/p>\n","protected":false},"author":1,"featured_media":2297,"comment_status":"open","ping_status":"open","sticky":false,"template":"","format":"standard","meta":{"colormag_page_container_layout":"default_layout","colormag_page_sidebar_layout":"default_layout","footnotes":""},"categories":[15],"tags":[],"class_list":["post-2313","post","type-post","status-publish","format-standard","has-post-thumbnail","hentry","category-sosyal-bilimler-dersleri"],"_links":{"self":[{"href":"https:\/\/www.sorumatix.com\/blog\/wp-json\/wp\/v2\/posts\/2313","targetHints":{"allow":["GET"]}}],"collection":[{"href":"https:\/\/www.sorumatix.com\/blog\/wp-json\/wp\/v2\/posts"}],"about":[{"href":"https:\/\/www.sorumatix.com\/blog\/wp-json\/wp\/v2\/types\/post"}],"author":[{"embeddable":true,"href":"https:\/\/www.sorumatix.com\/blog\/wp-json\/wp\/v2\/users\/1"}],"replies":[{"embeddable":true,"href":"https:\/\/www.sorumatix.com\/blog\/wp-json\/wp\/v2\/comments?post=2313"}],"version-history":[{"count":0,"href":"https:\/\/www.sorumatix.com\/blog\/wp-json\/wp\/v2\/posts\/2313\/revisions"}],"wp:featuredmedia":[{"embeddable":true,"href":"https:\/\/www.sorumatix.com\/blog\/wp-json\/wp\/v2\/media\/2297"}],"wp:attachment":[{"href":"https:\/\/www.sorumatix.com\/blog\/wp-json\/wp\/v2\/media?parent=2313"}],"wp:term":[{"taxonomy":"category","embeddable":true,"href":"https:\/\/www.sorumatix.com\/blog\/wp-json\/wp\/v2\/categories?post=2313"},{"taxonomy":"post_tag","embeddable":true,"href":"https:\/\/www.sorumatix.com\/blog\/wp-json\/wp\/v2\/tags?post=2313"}],"curies":[{"name":"wp","href":"https:\/\/api.w.org\/{rel}","templated":true}]}}