{"id":2373,"date":"2023-10-07T06:40:27","date_gmt":"2023-10-07T06:40:27","guid":{"rendered":"https:\/\/www.sorumatix.com\/blog\/?p=2373"},"modified":"2023-10-07T06:40:27","modified_gmt":"2023-10-07T06:40:27","slug":"istatistiki-verilerden-yararlanarak-dunya-nufusunun-tarihsel-surecteki-degisimi","status":"publish","type":"post","link":"https:\/\/www.sorumatix.com\/blog\/istatistiki-verilerden-yararlanarak-dunya-nufusunun-tarihsel-surecteki-degisimi.html","title":{"rendered":"\u0130statistiki verilerden yararlanarak d\u00fcnya n\u00fcfusunun tarihsel s\u00fcre\u00e7teki de\u011fi\u015fimi"},"content":{"rendered":"<p><center><iframe loading=\"lazy\" width=\"560\" height=\"315\" src=\"https:\/\/www.youtube.com\/embed\/_CrqPmTwe20\" title=\"YouTube video player\" frameborder=\"0\" allow=\"accelerometer; autoplay; clipboard-write; encrypted-media; gyroscope; picture-in-picture; web-share\" allowfullscreen><\/iframe><\/center><html><head><\/head><body><\/p>\n<p>D\u00fcnya N\u00fcfusunun Tarihsel S\u00fcre\u00e7teki De\u011fi\u015fimi<\/p>\n<p>Merhaba! Bu makalede, d\u00fcnya n\u00fcfusunun tarihsel s\u00fcre\u00e7te nas\u0131l de\u011fi\u015fti\u011fini ele alaca\u011f\u0131z. Konuyu m\u00fcmk\u00fcn oldu\u011funca basit ve anla\u015f\u0131l\u0131r bir dil kullanarak anlatmaya \u00e7al\u0131\u015faca\u011f\u0131m. Haz\u0131rsan\u0131z, hemen ba\u015flayal\u0131m!<\/p>\n<p><center><img decoding=\"async\" src=\"https:\/\/www.sorumatix.com\/blog\/wp-content\/uploads\/2023\/09\/uploaded-image-istatistiki-verilerden-yararlanarak-dunya-nufusunun-tarihsel-surecteki-degisimi-1693902918415.jpg\" title=\"\u0130statistiki verilerden yararlanarak d\u00fcnya n\u00fcfusunun tarihsel s\u00fcre\u00e7teki de\u011fi\u015fimi \" alt=\"\u0130statistiki verilerden yararlanarak d\u00fcnya n\u00fcfusunun tarihsel s\u00fcre\u00e7teki de\u011fi\u015fimi \"><\/center><\/p>\n<p>1. \u0130nsanl\u0131k Tarihinde N\u00fcfus Art\u0131\u015f\u0131<\/p>\n<p>\u0130nsanl\u0131k tarihindeki ilk d\u00f6nemlerde d\u00fcnya n\u00fcfusu olduk\u00e7a d\u00fc\u015f\u00fckt\u00fc. Fakat tar\u0131m devrimiyle birlikte insanlar\u0131n besin kaynaklar\u0131na daha kolay eri\u015febilmesi, n\u00fcfusun artmas\u0131na yol a\u00e7t\u0131. Bu d\u00f6nemden itibaren n\u00fcfus h\u0131zla b\u00fcy\u00fcmeye ba\u015flad\u0131.<\/p>\n<p>2. Sanayi Devrimi ve H\u0131zl\u0131 N\u00fcfus Art\u0131\u015f\u0131<\/p>\n<p>Sanayi Devrimi, 18. ve 19. y\u00fczy\u0131llarda ya\u015fanan bir d\u00f6nemdir. Bu d\u00f6nemde end\u00fcstriyel \u00fcretim y\u00f6ntemlerinin geli\u015fmesi, teknolojik ilerleme ve sa\u011fl\u0131k hizmetlerindeki iyile\u015fmeler, insan \u00f6mr\u00fcn\u00fcn uzamas\u0131na ve n\u00fcfusun h\u0131zla artmas\u0131na yol a\u00e7t\u0131.<\/p>\n<p>3. Modern D\u00f6nemde N\u00fcfus Art\u0131\u015f\u0131<\/p>\n<p><center><img decoding=\"async\" src=\"https:\/\/www.sorumatix.com\/blog\/wp-content\/uploads\/2023\/09\/uploaded-image-istatistiki-verilerden-yararlanarak-dunya-nufusunun-tarihsel-surecteki-degisimi-1693902920021.jpg\" title=\"\u0130statistiki verilerden yararlanarak d\u00fcnya n\u00fcfusunun tarihsel s\u00fcre\u00e7teki de\u011fi\u015fimi \" alt=\"\u0130statistiki verilerden yararlanarak d\u00fcnya n\u00fcfusunun tarihsel s\u00fcre\u00e7teki de\u011fi\u015fimi \"><\/center><\/p>\n<p>20. y\u00fczy\u0131lda d\u00fcnya n\u00fcfusu h\u0131zla artmaya devam etti. Sa\u011fl\u0131k hizmetlerindeki geli\u015fmeler, a\u015f\u0131lar ve ila\u00e7lar sayesinde bebek ve \u00e7ocuk \u00f6l\u00fcmleri azald\u0131. Ayr\u0131ca ya\u015fam standartlar\u0131n\u0131n iyile\u015fmesi, beslenme ko\u015fullar\u0131n\u0131n d\u00fczelmesi de n\u00fcfus art\u0131\u015f\u0131n\u0131 destekledi.<\/p>\n<p>4. Gelecekteki N\u00fcfus Projeksiyonlar\u0131<\/p>\n<p>Uzmanlar, d\u00fcnya n\u00fcfusunun gelecekte de artmaya devam edece\u011fini \u00f6ng\u00f6r\u00fcyor. Fakat bu art\u0131\u015f h\u0131z\u0131 yava\u015flayacak. Bu durum, e\u011fitim, sa\u011fl\u0131k hizmetleri ve do\u011fum kontrol y\u00f6ntemlerinin yayg\u0131nla\u015fmas\u0131yla ili\u015fkilendirilmektedir.<\/p>\n<p>D\u00fcnya n\u00fcfusuyla ilgili baz\u0131 ilgin\u00e7 istatistiklere de g\u00f6z atal\u0131m:<\/p>\n<p>&#8211; 1960 y\u0131l\u0131nda d\u00fcnya n\u00fcfusu yakla\u015f\u0131k olarak 3 milyar ki\u015fi idi.<\/p>\n<p>&#8211; 2019 itibariyle d\u00fcnya n\u00fcfusu yakla\u015f\u0131k 7.7 milyar ki\u015fiye ula\u015ft\u0131.<\/p>\n<p>&#8211; D\u00fcnya n\u00fcfusunun en h\u0131zl\u0131 artt\u0131\u011f\u0131 b\u00f6lgeler aras\u0131nda Afrika k\u0131tas\u0131 yer al\u0131yor.<\/p>\n<p>&#8211; \u00c7in ve Hindistan, d\u00fcnyan\u0131n en kalabal\u0131k \u00fclkeleri konumunda bulunuyor.<\/p>\n<p>Sonu\u00e7 olarak, d\u00fcnya n\u00fcfusu insanl\u0131k tarihi boyunca s\u00fcrekli bir art\u0131\u015f g\u00f6stermi\u015ftir. Tar\u0131m devrimi, sanayi devrimi ve modern t\u0131p gibi fakt\u00f6rler, n\u00fcfus art\u0131\u015f\u0131n\u0131n ana sebepleri aras\u0131ndad\u0131r. Gelecekte n\u00fcfus art\u0131\u015f\u0131n\u0131n yava\u015flayaca\u011f\u0131 \u00f6ng\u00f6r\u00fclse de, bu konuda s\u00fcrekli olarak \u00e7al\u0131\u015fmalar yap\u0131lmaktad\u0131r.<\/p>\n<p>Umar\u0131m bu makale, ortaokul \u00f6\u011frencilerine d\u00fcnya n\u00fcfusunun tarihsel s\u00fcre\u00e7teki de\u011fi\u015fimi hakk\u0131nda temel bir anlay\u0131\u015f kazand\u0131rm\u0131\u015ft\u0131r. Konuyu daha da derinlemesine ara\u015ft\u0131rmak isterseniz, ilgili kaynaklara ba\u015fvurman\u0131z\u0131 \u00f6neririm.<\/p>\n<p><\/body><\/html><\/p>\n","protected":false},"excerpt":{"rendered":"<p>D\u00fcnya N\u00fcfusunun Tarihsel S\u00fcre\u00e7teki De\u011fi\u015fimi Merhaba! Bu makalede, d\u00fcnya n\u00fcfusunun tarihsel s\u00fcre\u00e7te nas\u0131l de\u011fi\u015fti\u011fini ele alaca\u011f\u0131z. Konuyu m\u00fcmk\u00fcn oldu\u011funca basit<\/p>\n","protected":false},"author":1,"featured_media":2325,"comment_status":"open","ping_status":"open","sticky":false,"template":"","format":"standard","meta":{"colormag_page_container_layout":"default_layout","colormag_page_sidebar_layout":"default_layout","footnotes":""},"categories":[15],"tags":[],"class_list":["post-2373","post","type-post","status-publish","format-standard","has-post-thumbnail","hentry","category-sosyal-bilimler-dersleri"],"_links":{"self":[{"href":"https:\/\/www.sorumatix.com\/blog\/wp-json\/wp\/v2\/posts\/2373","targetHints":{"allow":["GET"]}}],"collection":[{"href":"https:\/\/www.sorumatix.com\/blog\/wp-json\/wp\/v2\/posts"}],"about":[{"href":"https:\/\/www.sorumatix.com\/blog\/wp-json\/wp\/v2\/types\/post"}],"author":[{"embeddable":true,"href":"https:\/\/www.sorumatix.com\/blog\/wp-json\/wp\/v2\/users\/1"}],"replies":[{"embeddable":true,"href":"https:\/\/www.sorumatix.com\/blog\/wp-json\/wp\/v2\/comments?post=2373"}],"version-history":[{"count":0,"href":"https:\/\/www.sorumatix.com\/blog\/wp-json\/wp\/v2\/posts\/2373\/revisions"}],"wp:featuredmedia":[{"embeddable":true,"href":"https:\/\/www.sorumatix.com\/blog\/wp-json\/wp\/v2\/media\/2325"}],"wp:attachment":[{"href":"https:\/\/www.sorumatix.com\/blog\/wp-json\/wp\/v2\/media?parent=2373"}],"wp:term":[{"taxonomy":"category","embeddable":true,"href":"https:\/\/www.sorumatix.com\/blog\/wp-json\/wp\/v2\/categories?post=2373"},{"taxonomy":"post_tag","embeddable":true,"href":"https:\/\/www.sorumatix.com\/blog\/wp-json\/wp\/v2\/tags?post=2373"}],"curies":[{"name":"wp","href":"https:\/\/api.w.org\/{rel}","templated":true}]}}