{"id":2410,"date":"2023-12-12T06:28:27","date_gmt":"2023-12-12T06:28:27","guid":{"rendered":"https:\/\/www.sorumatix.com\/blog\/?p=2410"},"modified":"2023-12-12T06:28:27","modified_gmt":"2023-12-12T06:28:27","slug":"hizmet-sektorunun-turkiyenin-ekonomik-kalkinmasiyla-olan-iliskisi","status":"publish","type":"post","link":"https:\/\/www.sorumatix.com\/blog\/hizmet-sektorunun-turkiyenin-ekonomik-kalkinmasiyla-olan-iliskisi.html","title":{"rendered":"Hizmet sekt\u00f6r\u00fcn\u00fcn T\u00fcrkiye\u2019nin ekonomik kalk\u0131nmas\u0131yla olan ili\u015fkisi"},"content":{"rendered":"<p><center><iframe loading=\"lazy\" width=\"560\" height=\"315\" src=\"https:\/\/www.youtube.com\/embed\/0Z7m_wU_e4M\" title=\"YouTube video player\" frameborder=\"0\" allow=\"accelerometer; autoplay; clipboard-write; encrypted-media; gyroscope; picture-in-picture; web-share\" allowfullscreen><\/iframe><\/center><html><head><\/head><body><\/p>\n<p>Hizmet Sekt\u00f6r\u00fcn\u00fcn T\u00fcrkiye&#8217;nin Ekonomik Kalk\u0131nmas\u0131yla Olan \u0130li\u015fkisi<\/p>\n<p>T\u00fcrkiye&#8217;nin ekonomik kalk\u0131nmas\u0131, bir\u00e7ok fakt\u00f6r\u00fcn bir araya gelmesiyle ger\u00e7ekle\u015fir. Bu fakt\u00f6rlerden biri de hizmet sekt\u00f6r\u00fcd\u00fcr. Hizmet sekt\u00f6r\u00fc, \u00fclkenin sosyal ve ekonomik yap\u0131s\u0131nda \u00f6nemli bir yer tutar. \u00d6zellikle son y\u0131llarda T\u00fcrkiye&#8217;de hizmet sekt\u00f6r\u00fcn\u00fcn b\u00fcy\u00fcmesi, ekonomik kalk\u0131nman\u0131n ivme kazanmas\u0131na katk\u0131 sa\u011flam\u0131\u015ft\u0131r.<\/p>\n<p>1. Hizmet sekt\u00f6r\u00fcn\u00fcn \u00e7e\u015fitlili\u011fi: Hizmet sekt\u00f6r\u00fc, bir\u00e7ok farkl\u0131 alan\u0131 i\u00e7erir. Turizm, e\u011fitim, sa\u011fl\u0131k, ileti\u015fim, finans gibi alt sekt\u00f6rlerden olu\u015fur. Bu \u00e7e\u015fitlilik, istihdam olanaklar\u0131n\u0131n artmas\u0131n\u0131 sa\u011flar ve ekonomik canl\u0131l\u0131\u011f\u0131 destekler. \u00d6zellikle turizm sekt\u00f6r\u00fc, yabanc\u0131 turistlerin \u00fclkemizi ziyaret etmesiyle d\u00f6viz girdisi elde edilmesini sa\u011flar ve ticaret hacmini art\u0131r\u0131r.<\/p>\n<p>2. Hizmet sekt\u00f6r\u00fcn\u00fcn istihdam yaratma potansiyeli: Hizmet sekt\u00f6r\u00fc, yo\u011fun i\u015fg\u00fcc\u00fc gerektiren bir aland\u0131r. \u00d6zellikle gen\u00e7 n\u00fcfusun yo\u011fun oldu\u011fu T\u00fcrkiye&#8217;de, hizmet sekt\u00f6r\u00fc istihdam a\u00e7\u0131s\u0131ndan b\u00fcy\u00fck bir potansiyele sahiptir. \u0130\u015fg\u00fcc\u00fc piyasas\u0131na kat\u0131lan gen\u00e7ler, hizmet sekt\u00f6r\u00fcnde \u00e7al\u0131\u015farak ekonomiye katk\u0131da bulunurlar ve kendi ya\u015fam standartlar\u0131n\u0131 iyile\u015ftirme f\u0131rsat\u0131 elde ederler.<\/p>\n<p>3. Hizmet sekt\u00f6r\u00fcn\u00fcn katma de\u011feri: Hizmet sekt\u00f6r\u00fc, \u00fcretime dayal\u0131 di\u011fer sekt\u00f6rlere de destek sa\u011flar. \u00d6rne\u011fin, tar\u0131m sekt\u00f6r\u00fcndeki \u00fcreticiler, hizmet sekt\u00f6r\u00fcndeki lojistik firmalar\u0131yla \u00fcr\u00fcnlerini pazara ula\u015ft\u0131r\u0131r. Bu sayede tar\u0131msal \u00fcretimin de\u011feri artar ve ekonomik b\u00fcy\u00fcmeye katk\u0131 sa\u011flan\u0131r. Ayn\u0131 \u015fekilde, sanayi sekt\u00f6r\u00fcnde faaliyet g\u00f6steren \u015firketlerin ihtiya\u00e7 duydu\u011fu lojistik, finans ve dan\u0131\u015fmanl\u0131k hizmetleri de hizmet sekt\u00f6r\u00fc taraf\u0131ndan kar\u015f\u0131lan\u0131r.<\/p>\n<p>4. Hizmet sekt\u00f6r\u00fcn\u00fcn uluslararas\u0131 rekabete katk\u0131s\u0131: T\u00fcrkiye&#8217;nin hizmet sekt\u00f6r\u00fc, uluslararas\u0131 arenada da rekabet g\u00fcc\u00fcne sahiptir. \u00d6zellikle turizm ve e\u011fitim gibi alanlarda \u00fclkemiz, yabanc\u0131lar\u0131n tercih etti\u011fi destinasyonlar aras\u0131ndad\u0131r. Uluslararas\u0131 \u00f6\u011frencilerin e\u011fitim i\u00e7in T\u00fcrkiye&#8217;yi tercih etmesi, d\u00f6viz girdisi sa\u011flamas\u0131n\u0131n yan\u0131 s\u0131ra T\u00fcrk e\u011fitim sisteminin kalitesini ve \u00fclkenin itibar\u0131n\u0131 art\u0131r\u0131r.<\/p>\n<p>Hizmet sekt\u00f6r\u00fc, T\u00fcrkiye&#8217;nin ekonomik kalk\u0131nmas\u0131 i\u00e7in b\u00fcy\u00fck bir potansiyele sahiptir. Bu sekt\u00f6r\u00fcn b\u00fcy\u00fcmesi, istihdam olanaklar\u0131n\u0131n artmas\u0131, katma de\u011fer yarat\u0131lmas\u0131 ve uluslararas\u0131 rekabete katk\u0131 sa\u011flanmas\u0131 gibi fakt\u00f6rlerle ger\u00e7ekle\u015fir. \u00dclkemizin gelecekteki ekonomik b\u00fcy\u00fcmesinin s\u00fcrd\u00fcr\u00fclebilmesi i\u00e7in hizmet sekt\u00f6r\u00fcne yap\u0131lan yat\u0131r\u0131mlar\u0131n ve desteklerin devam etmesi \u00f6nemlidir.<\/p>\n<p>Hizmet sekt\u00f6r\u00fc, \u00e7ocuklar\u0131n da hayatlar\u0131na dokunan bir alan olarak onlar\u0131n ilgisini \u00e7ekebilir. \u00d6rne\u011fin, \u00e7ocuklar turizm sekt\u00f6r\u00fc<\/p>\n<p><\/body><\/html><\/p>\n","protected":false},"excerpt":{"rendered":"<p>Hizmet Sekt\u00f6r\u00fcn\u00fcn T\u00fcrkiye&#8217;nin Ekonomik Kalk\u0131nmas\u0131yla Olan \u0130li\u015fkisi T\u00fcrkiye&#8217;nin ekonomik kalk\u0131nmas\u0131, bir\u00e7ok fakt\u00f6r\u00fcn bir araya gelmesiyle ger\u00e7ekle\u015fir. Bu fakt\u00f6rlerden biri de<\/p>\n","protected":false},"author":1,"featured_media":0,"comment_status":"open","ping_status":"open","sticky":false,"template":"","format":"standard","meta":{"colormag_page_container_layout":"default_layout","colormag_page_sidebar_layout":"default_layout","footnotes":""},"categories":[15],"tags":[],"class_list":["post-2410","post","type-post","status-publish","format-standard","hentry","category-sosyal-bilimler-dersleri"],"_links":{"self":[{"href":"https:\/\/www.sorumatix.com\/blog\/wp-json\/wp\/v2\/posts\/2410","targetHints":{"allow":["GET"]}}],"collection":[{"href":"https:\/\/www.sorumatix.com\/blog\/wp-json\/wp\/v2\/posts"}],"about":[{"href":"https:\/\/www.sorumatix.com\/blog\/wp-json\/wp\/v2\/types\/post"}],"author":[{"embeddable":true,"href":"https:\/\/www.sorumatix.com\/blog\/wp-json\/wp\/v2\/users\/1"}],"replies":[{"embeddable":true,"href":"https:\/\/www.sorumatix.com\/blog\/wp-json\/wp\/v2\/comments?post=2410"}],"version-history":[{"count":1,"href":"https:\/\/www.sorumatix.com\/blog\/wp-json\/wp\/v2\/posts\/2410\/revisions"}],"predecessor-version":[{"id":5102,"href":"https:\/\/www.sorumatix.com\/blog\/wp-json\/wp\/v2\/posts\/2410\/revisions\/5102"}],"wp:attachment":[{"href":"https:\/\/www.sorumatix.com\/blog\/wp-json\/wp\/v2\/media?parent=2410"}],"wp:term":[{"taxonomy":"category","embeddable":true,"href":"https:\/\/www.sorumatix.com\/blog\/wp-json\/wp\/v2\/categories?post=2410"},{"taxonomy":"post_tag","embeddable":true,"href":"https:\/\/www.sorumatix.com\/blog\/wp-json\/wp\/v2\/tags?post=2410"}],"curies":[{"name":"wp","href":"https:\/\/api.w.org\/{rel}","templated":true}]}}