{"id":2452,"date":"2023-09-24T07:22:27","date_gmt":"2023-09-24T07:22:27","guid":{"rendered":"https:\/\/www.sorumatix.com\/blog\/?p=2452"},"modified":"2023-09-24T07:22:27","modified_gmt":"2023-09-24T07:22:27","slug":"turkiyedeki-ana-yer-sekillerini-temel-ozellikleri-ve-dagilislari","status":"publish","type":"post","link":"https:\/\/www.sorumatix.com\/blog\/turkiyedeki-ana-yer-sekillerini-temel-ozellikleri-ve-dagilislari.html","title":{"rendered":"T\u00fcrkiye\u2019deki ana yer \u015fekillerini temel \u00f6zellikleri ve da\u011f\u0131l\u0131\u015flar\u0131"},"content":{"rendered":"<p><center><iframe loading=\"lazy\" width=\"560\" height=\"315\" src=\"https:\/\/www.youtube.com\/embed\/Z2fNJ4BGOkQ\" title=\"YouTube video player\" frameborder=\"0\" allow=\"accelerometer; autoplay; clipboard-write; encrypted-media; gyroscope; picture-in-picture; web-share\" allowfullscreen><\/iframe><\/center><html><head><\/head><body><\/p>\n<p>T\u00fcrkiye&#8217;deki Ana Yer \u015eekilleri: Temel \u00d6zellikleri ve Da\u011f\u0131l\u0131\u015flar\u0131<\/p>\n<p>Merhaba ortaokul \u00f6\u011frencileri! Bug\u00fcn size T\u00fcrkiye&#8217;nin ana yer \u015fekillerini anlataca\u011f\u0131m. T\u00fcrkiye, \u00e7e\u015fitlilik a\u00e7\u0131s\u0131ndan zengin bir co\u011frafyaya sahip olan g\u00fczel bir \u00fclkedir. \u0130\u015fte T\u00fcrkiye&#8217;deki ana yer \u015fekillerinin temel \u00f6zellikleri ve da\u011f\u0131l\u0131\u015flar\u0131:<\/p>\n<p>1. Da\u011flar:<\/p>\n<p><center><img decoding=\"async\" src=\"https:\/\/www.sorumatix.com\/blog\/wp-content\/uploads\/2023\/09\/uploaded-image-turkiyedeki-ana-yer-sekillerini-temel-ozellikleri-ve-dagilislari-1693902919761.jpg\" title=\"T\u00fcrkiye\u2019deki ana yer \u015fekillerini temel \u00f6zellikleri ve da\u011f\u0131l\u0131\u015flar\u0131 \" alt=\"T\u00fcrkiye\u2019deki ana yer \u015fekillerini temel \u00f6zellikleri ve da\u011f\u0131l\u0131\u015flar\u0131 \"><\/center><\/p>\n<p>T\u00fcrkiye, bir\u00e7ok da\u011f s\u0131ras\u0131na ev sahipli\u011fi yapar. Kuzeyde Karadeniz B\u00f6lgesi&#8217;nde Pontus ve Kuzey Anadolu da\u011flar\u0131 bulunur. Bu da\u011flar, genellikle ormanl\u0131k alanlarla kapl\u0131d\u0131r. Bat\u0131da ise Toros Da\u011flar\u0131 uzan\u0131r ve Akdeniz B\u00f6lgesi&#8217;ni olu\u015fturur. Toros Da\u011flar\u0131, y\u00fcksek zirvelere ve derin vadilere sahiptir.<\/p>\n<p>2. Ovalar:<\/p>\n<p>T\u00fcrkiye&#8217;nin i\u00e7 k\u0131s\u0131mlar\u0131nda geni\u015f ovalar bulunur. \u0130\u00e7 Anadolu B\u00f6lgesi, Konya Ovas\u0131 gibi \u00f6nemli ovalara sahiptir. Bu ovalar tar\u0131m i\u00e7in elveri\u015flidir ve \u00fcr\u00fcnlerin yeti\u015fmesi i\u00e7in uygun bir iklim sunar.<\/p>\n<p>3. G\u00f6ller:<\/p>\n<p><center><img decoding=\"async\" src=\"https:\/\/www.sorumatix.com\/blog\/wp-content\/uploads\/2023\/09\/uploaded-image-turkiyedeki-ana-yer-sekillerini-temel-ozellikleri-ve-dagilislari-1693902919761.jpg\" title=\"T\u00fcrkiye\u2019deki ana yer \u015fekillerini temel \u00f6zellikleri ve da\u011f\u0131l\u0131\u015flar\u0131 \" alt=\"T\u00fcrkiye\u2019deki ana yer \u015fekillerini temel \u00f6zellikleri ve da\u011f\u0131l\u0131\u015flar\u0131 \"><\/center><\/p>\n<p>T\u00fcrkiye&#8217;de bir\u00e7ok g\u00f6l mevcuttur. En b\u00fcy\u00fck g\u00f6llerimizden biri Van G\u00f6l\u00fc&#8217;d\u00fcr. Van G\u00f6l\u00fc, Do\u011fu Anadolu B\u00f6lgesi&#8217;nde yer al\u0131r. Ayn\u0131 zamanda T\u00fcrkiye&#8217;nin en derin g\u00f6l\u00fcd\u00fcr. Di\u011fer \u00f6nemli g\u00f6ller aras\u0131nda Bey\u015fehir G\u00f6l\u00fc, E\u011firdir G\u00f6l\u00fc ve Tuz G\u00f6l\u00fc bulunur.<\/p>\n<p>4. Akarsular:<\/p>\n<p>T\u00fcrkiye&#8217;deki akarsular, \u00fclkemizin co\u011frafik yap\u0131s\u0131n\u0131 \u015fekillendiren \u00f6nemli unsurlard\u0131r. F\u0131rat ve Dicle Nehirleri, G\u00fcneydo\u011fu Anadolu B\u00f6lgesi&#8217;nde yer al\u0131r ve Mezopotamya olarak bilinen bir b\u00f6lgede birle\u015fir. K\u0131z\u0131l\u0131rmak, Sakarya ve B\u00fcy\u00fck Menderes Nehri gibi di\u011fer \u00f6nemli akarsular da T\u00fcrkiye topraklar\u0131ndan ge\u00e7er.<\/p>\n<p>5. Plajlar ve K\u0131y\u0131lar:<\/p>\n<p>T\u00fcrkiye&#8217;nin sahil \u015feridi, turistik plajlar ve g\u00fczel kumsallarla doludur. Akdeniz, Ege ve Karadeniz k\u0131y\u0131lar\u0131, yaz aylar\u0131nda tatilcilerin u\u011frak noktas\u0131 haline gelir. Buralarda denize girerek serinleyebilir ve g\u00fcne\u015fin tad\u0131n\u0131 \u00e7\u0131karabilirsiniz.<\/p>\n<p>T\u00fcrkiye&#8217;nin ana yer \u015fekilleri, \u00fclkemizi zengin bir do\u011fal \u00e7e\u015fitlilikle donatm\u0131\u015ft\u0131r. Bu \u00e7e\u015fitlilik, farkl\u0131 iklimlerin ve bitki \u00f6rt\u00fclerinin olu\u015fmas\u0131na katk\u0131da bulunur. Ayr\u0131ca bu yer \u015fekilleri, tar\u0131m, turizm, enerji \u00fcretimi ve su kaynaklar\u0131 gibi alanlarda da \u00f6nemli rol oynar.<\/p>\n<p>Unutmay\u0131n, do\u011fay\u0131 ke\u015ffederken \u00e7evre korumas\u0131na da \u00f6zen g\u00f6stermeliyiz. T\u00fcrkiye&#8217;nin g\u00fczelliklerini gelecek nesillere aktarabilmek i\u00e7in do\u011fal kaynaklar\u0131m\u0131za iyi bakmal\u0131 ve s\u00fcrd\u00fcr\u00fclebilir bir \u015fekilde kullanmal\u0131y\u0131z.<\/p>\n<p>Umar\u0131m bu makale size T\u00fcrkiye&#8217;deki ana yer \u015fekilleri hakk\u0131nda bilgi vermi\u015ftir. Daha fazla co\u011frafya konusuyla ilgili ara\u015ft\u0131rma yaparak ke\u015fiflerinizi s\u00fcrd\u00fcrebilirsiniz. Ba\u015far\u0131lar dilerim!<\/p>\n<p><\/body><\/html><\/p>\n","protected":false},"excerpt":{"rendered":"<p>T\u00fcrkiye&#8217;deki Ana Yer \u015eekilleri: Temel \u00d6zellikleri ve Da\u011f\u0131l\u0131\u015flar\u0131 Merhaba ortaokul \u00f6\u011frencileri! Bug\u00fcn size T\u00fcrkiye&#8217;nin ana yer \u015fekillerini anlataca\u011f\u0131m. T\u00fcrkiye, \u00e7e\u015fitlilik<\/p>\n","protected":false},"author":1,"featured_media":2332,"comment_status":"open","ping_status":"open","sticky":false,"template":"","format":"standard","meta":{"colormag_page_container_layout":"default_layout","colormag_page_sidebar_layout":"default_layout","footnotes":""},"categories":[15],"tags":[],"class_list":["post-2452","post","type-post","status-publish","format-standard","has-post-thumbnail","hentry","category-sosyal-bilimler-dersleri"],"_links":{"self":[{"href":"https:\/\/www.sorumatix.com\/blog\/wp-json\/wp\/v2\/posts\/2452","targetHints":{"allow":["GET"]}}],"collection":[{"href":"https:\/\/www.sorumatix.com\/blog\/wp-json\/wp\/v2\/posts"}],"about":[{"href":"https:\/\/www.sorumatix.com\/blog\/wp-json\/wp\/v2\/types\/post"}],"author":[{"embeddable":true,"href":"https:\/\/www.sorumatix.com\/blog\/wp-json\/wp\/v2\/users\/1"}],"replies":[{"embeddable":true,"href":"https:\/\/www.sorumatix.com\/blog\/wp-json\/wp\/v2\/comments?post=2452"}],"version-history":[{"count":0,"href":"https:\/\/www.sorumatix.com\/blog\/wp-json\/wp\/v2\/posts\/2452\/revisions"}],"wp:featuredmedia":[{"embeddable":true,"href":"https:\/\/www.sorumatix.com\/blog\/wp-json\/wp\/v2\/media\/2332"}],"wp:attachment":[{"href":"https:\/\/www.sorumatix.com\/blog\/wp-json\/wp\/v2\/media?parent=2452"}],"wp:term":[{"taxonomy":"category","embeddable":true,"href":"https:\/\/www.sorumatix.com\/blog\/wp-json\/wp\/v2\/categories?post=2452"},{"taxonomy":"post_tag","embeddable":true,"href":"https:\/\/www.sorumatix.com\/blog\/wp-json\/wp\/v2\/tags?post=2452"}],"curies":[{"name":"wp","href":"https:\/\/api.w.org\/{rel}","templated":true}]}}