{"id":2453,"date":"2023-11-19T20:46:27","date_gmt":"2023-11-19T20:46:27","guid":{"rendered":"https:\/\/www.sorumatix.com\/blog\/?p=2453"},"modified":"2023-11-19T20:46:27","modified_gmt":"2023-11-19T20:46:27","slug":"farkli-gelismislik-duzeylerine-sahip-ulkelerin-tarim-ekonomi-iliskisi","status":"publish","type":"post","link":"https:\/\/www.sorumatix.com\/blog\/farkli-gelismislik-duzeylerine-sahip-ulkelerin-tarim-ekonomi-iliskisi.html","title":{"rendered":"Farkl\u0131 geli\u015fmi\u015flik d\u00fczeylerine sahip \u00fclkelerin tar\u0131m-ekonomi ili\u015fkisi"},"content":{"rendered":"<p><center><iframe loading=\"lazy\" width=\"560\" height=\"315\" src=\"https:\/\/www.youtube.com\/embed\/OexYUAqqeR4\" title=\"YouTube video player\" frameborder=\"0\" allow=\"accelerometer; autoplay; clipboard-write; encrypted-media; gyroscope; picture-in-picture; web-share\" allowfullscreen><\/iframe><\/center><html><head><\/head><body><\/p>\n<p>Farkl\u0131 Geli\u015fmi\u015flik D\u00fczeylerine Sahip \u00dclkelerin Tar\u0131m-Ekonomi \u0130li\u015fkisi<\/p>\n<p>Tar\u0131m ve ekonomi, birbirleriyle s\u0131k\u0131 bir ili\u015fkiye sahip olan alanlard\u0131r. Bu ili\u015fki, farkl\u0131 geli\u015fmi\u015flik d\u00fczeylerine sahip \u00fclkeler aras\u0131nda da de\u011fi\u015fiklik g\u00f6sterir. Tar\u0131m sekt\u00f6r\u00fcn\u00fcn ekonomideki rol\u00fc, \u00fclkelerin kalk\u0131nma s\u00fcre\u00e7lerinde \u00f6nemli bir fakt\u00f6rd\u00fcr. Bu makalede, farkl\u0131 geli\u015fmi\u015flik d\u00fczeylerine sahip \u00fclkelerin tar\u0131m-ekonomi ili\u015fkisini ele alaca\u011f\u0131z.<\/p>\n<p>1. Tar\u0131m\u0131n Ekonomideki \u00d6nemi<\/p>\n<p>Tar\u0131m sekt\u00f6r\u00fc, bir\u00e7ok \u00fclke i\u00e7in temel ge\u00e7im kayna\u011f\u0131d\u0131r ve milli gelire katk\u0131 sa\u011flar. \u00d6zellikle geli\u015fmekte olan \u00fclkelerde tar\u0131m sekt\u00f6r\u00fc, istihdam\u0131n b\u00fcy\u00fck bir b\u00f6l\u00fcm\u00fcn\u00fc sa\u011flayarak yoksullukla m\u00fccadeleye yard\u0131mc\u0131 olur. Tar\u0131m \u00fcr\u00fcnlerinin \u00fcretimi ve ticareti, ekonominin canlanmas\u0131 ve b\u00fcy\u00fcmesi i\u00e7in kritik bir rol oynar.<\/p>\n<p>2. Geli\u015fmi\u015f \u00dclkelerde Tar\u0131m-Ekonomi \u0130li\u015fkisi<\/p>\n<p>Geli\u015fmi\u015f \u00fclkelerde tar\u0131m, genellikle ekonominin di\u011fer sekt\u00f6rlerine g\u00f6re daha k\u00fc\u00e7\u00fck bir paya sahiptir. Bu \u00fclkelerde end\u00fcstri, hizmet sekt\u00f6r\u00fc ve teknoloji daha belirleyici hale gelirken, tar\u0131m\u0131n toplam milli gelirdeki pay\u0131 azalmaktad\u0131r. Bununla birlikte, tar\u0131m end\u00fcstrisi hala \u00f6nemli bir ekonomik etkiye sahiptir ve \u00fclke i\u00e7inde ve d\u0131\u015f\u0131nda tar\u0131m \u00fcr\u00fcnlerinin ticareti b\u00fcy\u00fck \u00f6l\u00e7ektedir.<\/p>\n<p>3. Geli\u015fmekte Olan \u00dclkelerde Tar\u0131m-Ekonomi \u0130li\u015fkisi<\/p>\n<p>Geli\u015fmekte olan \u00fclkelerde ise tar\u0131m sekt\u00f6r\u00fc, ekonominin temel dire\u011fi olarak \u00f6ne \u00e7\u0131kar. Bu \u00fclkelerde tar\u0131m, genellikle halk\u0131n b\u00fcy\u00fck bir b\u00f6l\u00fcm\u00fcn\u00fcn ge\u00e7im kayna\u011f\u0131d\u0131r ve milli gelirin \u00f6nemli bir k\u0131sm\u0131n\u0131 olu\u015fturur. Tar\u0131m sekt\u00f6r\u00fcndeki verimlilik art\u0131\u015f\u0131 ve modernizasyon, bu \u00fclkelerde ekonomik b\u00fcy\u00fcmeyi te\u015fvik etmek i\u00e7in \u00f6nemli bir fakt\u00f6rd\u00fcr.<\/p>\n<p>4. Tar\u0131m\u0131n K\u00fcresel Ekonomideki Yeri<\/p>\n<p>Tar\u0131m, k\u00fcresel ekonomide de \u00f6nemli bir role sahiptir. D\u00fcnya genelinde tar\u0131m \u00fcr\u00fcnleri ticareti b\u00fcy\u00fck \u00f6l\u00e7ektedir ve farkl\u0131 \u00fclkeler aras\u0131nda tar\u0131m \u00fcr\u00fcnleri al\u0131\u015fveri\u015fi ger\u00e7ekle\u015fir. Geli\u015fmi\u015f \u00fclkeler, daha fazla sanayile\u015fme ve teknolojik geli\u015fme nedeniyle tar\u0131m \u00fcr\u00fcnleri ihracat\u0131nda g\u00fc\u00e7l\u00fcd\u00fcrken, geli\u015fmekte olan \u00fclkeler genellikle tar\u0131m \u00fcr\u00fcnleri ithalat\u0131na ba\u011f\u0131ml\u0131d\u0131r.<\/p>\n<p>Sonu\u00e7 olarak, farkl\u0131 geli\u015fmi\u015flik d\u00fczeylerine sahip \u00fclkeler aras\u0131nda tar\u0131m-ekonomi ili\u015fkisi \u00e7e\u015fitlilik g\u00f6sterir. Geli\u015fmi\u015f \u00fclkelerde tar\u0131m\u0131n pay\u0131 azal\u0131rken, geli\u015fmekte olan \u00fclkelerde tar\u0131m hala ekonominin temel dire\u011fidir. Tar\u0131m sekt\u00f6r\u00fcn\u00fcn verimlili\u011fi ve modernizasyonu, t\u00fcm \u00fclkelerde ekonomik b\u00fcy\u00fcmeyi te\u015fvik etmek i\u00e7in \u00f6nemlidir.<\/p>\n<p><\/body><\/html><\/p>\n","protected":false},"excerpt":{"rendered":"<p>Farkl\u0131 Geli\u015fmi\u015flik D\u00fczeylerine Sahip \u00dclkelerin Tar\u0131m-Ekonomi \u0130li\u015fkisi Tar\u0131m ve ekonomi, birbirleriyle s\u0131k\u0131 bir ili\u015fkiye sahip olan alanlard\u0131r. Bu ili\u015fki, farkl\u0131<\/p>\n","protected":false},"author":1,"featured_media":0,"comment_status":"open","ping_status":"open","sticky":false,"template":"","format":"standard","meta":{"colormag_page_container_layout":"default_layout","colormag_page_sidebar_layout":"default_layout","footnotes":""},"categories":[15],"tags":[],"class_list":["post-2453","post","type-post","status-publish","format-standard","hentry","category-sosyal-bilimler-dersleri"],"_links":{"self":[{"href":"https:\/\/www.sorumatix.com\/blog\/wp-json\/wp\/v2\/posts\/2453","targetHints":{"allow":["GET"]}}],"collection":[{"href":"https:\/\/www.sorumatix.com\/blog\/wp-json\/wp\/v2\/posts"}],"about":[{"href":"https:\/\/www.sorumatix.com\/blog\/wp-json\/wp\/v2\/types\/post"}],"author":[{"embeddable":true,"href":"https:\/\/www.sorumatix.com\/blog\/wp-json\/wp\/v2\/users\/1"}],"replies":[{"embeddable":true,"href":"https:\/\/www.sorumatix.com\/blog\/wp-json\/wp\/v2\/comments?post=2453"}],"version-history":[{"count":1,"href":"https:\/\/www.sorumatix.com\/blog\/wp-json\/wp\/v2\/posts\/2453\/revisions"}],"predecessor-version":[{"id":4911,"href":"https:\/\/www.sorumatix.com\/blog\/wp-json\/wp\/v2\/posts\/2453\/revisions\/4911"}],"wp:attachment":[{"href":"https:\/\/www.sorumatix.com\/blog\/wp-json\/wp\/v2\/media?parent=2453"}],"wp:term":[{"taxonomy":"category","embeddable":true,"href":"https:\/\/www.sorumatix.com\/blog\/wp-json\/wp\/v2\/categories?post=2453"},{"taxonomy":"post_tag","embeddable":true,"href":"https:\/\/www.sorumatix.com\/blog\/wp-json\/wp\/v2\/tags?post=2453"}],"curies":[{"name":"wp","href":"https:\/\/api.w.org\/{rel}","templated":true}]}}