{"id":2455,"date":"2023-10-10T19:34:27","date_gmt":"2023-10-10T19:34:27","guid":{"rendered":"https:\/\/www.sorumatix.com\/blog\/?p=2455"},"modified":"2023-10-10T19:34:27","modified_gmt":"2023-10-10T19:34:27","slug":"turkiyede-nufusun-tarihsel-seyrini-sosyal-ve-ekonomik-faktorler-acisindan-degerlendirilmesi","status":"publish","type":"post","link":"https:\/\/www.sorumatix.com\/blog\/turkiyede-nufusun-tarihsel-seyrini-sosyal-ve-ekonomik-faktorler-acisindan-degerlendirilmesi.html","title":{"rendered":"T\u00fcrkiye\u2019de n\u00fcfusun tarihsel seyrini sosyal ve ekonomik fakt\u00f6rler a\u00e7\u0131s\u0131ndan de\u011ferlendirilmesi"},"content":{"rendered":"<p><center><iframe loading=\"lazy\" width=\"560\" height=\"315\" src=\"https:\/\/www.youtube.com\/embed\/u2vxn38MoqA\" title=\"YouTube video player\" frameborder=\"0\" allow=\"accelerometer; autoplay; clipboard-write; encrypted-media; gyroscope; picture-in-picture; web-share\" allowfullscreen><\/iframe><\/center><html><head><\/head><body><center><img decoding=\"async\" src=\"https:\/\/www.sorumatix.com\/blog\/wp-content\/uploads\/2023\/09\/uploaded-image-turkiyede-nufusun-tarihsel-seyrini-sosyal-ve-ekonomik-faktorler-acisindan-degerlendirilmesi-1693902920802.jpg\" title=\"T\u00fcrkiye\u2019de n\u00fcfusun tarihsel seyrini sosyal ve ekonomik fakt\u00f6rler a\u00e7\u0131s\u0131ndan de\u011ferlendirilmesi \" alt=\"T\u00fcrkiye\u2019de n\u00fcfusun tarihsel seyrini sosyal ve ekonomik fakt\u00f6rler a\u00e7\u0131s\u0131ndan de\u011ferlendirilmesi \"><\/center><\/p>\n<p>T\u00fcrkiye&#8217;de N\u00fcfusun Tarihsel Seyrini Sosyal ve Ekonomik Fakt\u00f6rler A\u00e7\u0131s\u0131ndan De\u011ferlendirme<\/p>\n<p>T\u00fcrkiye&#8217;nin n\u00fcfusu, tarih boyunca \u00e7e\u015fitli sosyal ve ekonomik fakt\u00f6rlerin etkisiyle de\u011fi\u015fmi\u015ftir. Bu makalede, T\u00fcrkiye&#8217;nin n\u00fcfusunun nas\u0131l geli\u015fti\u011fini ve bu geli\u015fimin arkas\u0131ndaki fakt\u00f6rleri inceleyece\u011fiz.<\/p>\n<p>1. Tar\u0131m\u0131n Etkisi: T\u00fcrkiye&#8217;nin tarihsel olarak tar\u0131ma dayal\u0131 bir ekonomiye sahip olmas\u0131, n\u00fcfusun da\u011f\u0131l\u0131m\u0131n\u0131 etkilemi\u015ftir. Tar\u0131m toplumlar\u0131nda genellikle b\u00fcy\u00fck aileler ve \u00e7ocuk say\u0131s\u0131n\u0131n fazla oldu\u011fu evlilikler yayg\u0131nd\u0131r. Tar\u0131msal faaliyetlerin artmas\u0131yla birlikte, n\u00fcfus da h\u0131zla artm\u0131\u015ft\u0131r.<\/p>\n<p>2. G\u00f6\u00e7lerin Rol\u00fc: T\u00fcrkiye&#8217;nin co\u011frafi konumu, tarihsel s\u00fcre\u00e7te bir\u00e7ok g\u00f6\u00e7 hareketine ev sahipli\u011fi yapmas\u0131na neden olmu\u015ftur. \u00d6zellikle Osmanl\u0131 \u0130mparatorlu\u011fu d\u00f6neminde farkl\u0131 k\u00fclt\u00fcrlerden ve b\u00f6lgelerden insanlar T\u00fcrkiye&#8217;ye yerle\u015fmi\u015ftir. Bu g\u00f6\u00e7 dalgalar\u0131, n\u00fcfusun demografik yap\u0131s\u0131n\u0131 etkilemi\u015f ve \u00e7e\u015fitlili\u011fi art\u0131rm\u0131\u015ft\u0131r.<\/p>\n<p>3. Ekonomik Kalk\u0131nman\u0131n Etkisi: T\u00fcrkiye&#8217;nin ekonomik kalk\u0131nmas\u0131, n\u00fcfusun da\u011f\u0131l\u0131m\u0131n\u0131 ve b\u00fcy\u00fckl\u00fc\u011f\u00fcn\u00fc etkilemi\u015ftir. Sanayi sekt\u00f6r\u00fcndeki geli\u015fmeler ve i\u015f imkanlar\u0131n\u0131n artmas\u0131, k\u00f6yden kente g\u00f6\u00e7\u00fc tetiklemi\u015ftir. Bu d\u00f6nemde b\u00fcy\u00fck kentlerdeki n\u00fcfus h\u0131zla artarken, k\u0131rsal alanlardaki n\u00fcfus azalm\u0131\u015ft\u0131r.<\/p>\n<p>4. E\u011fitim \u0130mkanlar\u0131: E\u011fitim imkanlar\u0131n\u0131n yayg\u0131nla\u015fmas\u0131 ve okulla\u015fma oran\u0131n\u0131n artmas\u0131, do\u011fum oranlar\u0131nda azalma ve n\u00fcfus dinamiklerinde de\u011fi\u015fikliklere yol a\u00e7m\u0131\u015ft\u0131r. E\u011fitimli bireyler genellikle daha az \u00e7ocuk sahibi olma e\u011filimindedir. Bu da n\u00fcfus art\u0131\u015f h\u0131z\u0131n\u0131 yava\u015flatm\u0131\u015f ve demografik yap\u0131n\u0131n de\u011fi\u015fmesine katk\u0131da bulunmu\u015ftur.<\/p>\n<p>5. Sa\u011fl\u0131k Hizmetleri: Sa\u011fl\u0131k hizmetlerinin iyile\u015fmesi, ya\u015fam ko\u015fullar\u0131n\u0131n d\u00fczelmesi ve hastal\u0131klar\u0131n kontrol alt\u0131na al\u0131nmas\u0131, insanlar\u0131n ya\u015fam s\u00fcresini uzatm\u0131\u015f ve bebek \u00f6l\u00fcm oranlar\u0131n\u0131 d\u00fc\u015f\u00fcrm\u00fc\u015ft\u00fcr. Bu fakt\u00f6rler de n\u00fcfusun artmas\u0131na ve ya\u015flanmas\u0131na katk\u0131da bulunmu\u015ftur.<\/p>\n<p>Sonu\u00e7 olarak, T\u00fcrkiye&#8217;de n\u00fcfusun tarihsel seyri sosyal ve ekonomik fakt\u00f6rlerin etkisiyle \u015fekillenmi\u015ftir. Tar\u0131m, g\u00f6\u00e7ler, ekonomik kalk\u0131nma, e\u011fitim imkanlar\u0131 ve sa\u011fl\u0131k hizmetleri gibi unsurlar n\u00fcfusun b\u00fcy\u00fckl\u00fc\u011f\u00fcn\u00fc, da\u011f\u0131l\u0131m\u0131n\u0131 ve demografik yap\u0131s\u0131n\u0131 etkilemi\u015ftir. Bu fakt\u00f6rlerin dikkate al\u0131nmas\u0131, gelecekteki n\u00fcfus politikalar\u0131n\u0131n olu\u015fturulmas\u0131nda \u00f6nemli bir rol oynayacakt\u0131r.<\/p>\n<p>Kaynak\u00e7a:<\/p>\n<p>&#8211; T\u00fcrkiye \u0130statistik Kurumu (T\u00dc\u0130K)<\/p>\n<p><center><img decoding=\"async\" src=\"https:\/\/www.sorumatix.com\/blog\/wp-content\/uploads\/2023\/09\/uploaded-image-turkiyede-nufusun-tarihsel-seyrini-sosyal-ve-ekonomik-faktorler-acisindan-degerlendirilmesi-1693902922831.jpg\" title=\"T\u00fcrkiye\u2019de n\u00fcfusun tarihsel seyrini sosyal ve ekonomik fakt\u00f6rler a\u00e7\u0131s\u0131ndan de\u011ferlendirilmesi \" alt=\"T\u00fcrkiye\u2019de n\u00fcfusun tarihsel seyrini sosyal ve ekonomik fakt\u00f6rler a\u00e7\u0131s\u0131ndan de\u011ferlendirilmesi \"><\/center><\/p>\n<p>&#8211; Yoksulluk ve E\u015fitsizlik Analizi Raporu<\/p>\n<p><\/body><\/html><\/p>\n","protected":false},"excerpt":{"rendered":"<p>T\u00fcrkiye&#8217;de N\u00fcfusun Tarihsel Seyrini Sosyal ve Ekonomik Fakt\u00f6rler A\u00e7\u0131s\u0131ndan De\u011ferlendirme T\u00fcrkiye&#8217;nin n\u00fcfusu, tarih boyunca \u00e7e\u015fitli sosyal ve ekonomik fakt\u00f6rlerin etkisiyle<\/p>\n","protected":false},"author":1,"featured_media":2342,"comment_status":"open","ping_status":"open","sticky":false,"template":"","format":"standard","meta":{"colormag_page_container_layout":"default_layout","colormag_page_sidebar_layout":"default_layout","footnotes":""},"categories":[15],"tags":[],"class_list":["post-2455","post","type-post","status-publish","format-standard","has-post-thumbnail","hentry","category-sosyal-bilimler-dersleri"],"_links":{"self":[{"href":"https:\/\/www.sorumatix.com\/blog\/wp-json\/wp\/v2\/posts\/2455","targetHints":{"allow":["GET"]}}],"collection":[{"href":"https:\/\/www.sorumatix.com\/blog\/wp-json\/wp\/v2\/posts"}],"about":[{"href":"https:\/\/www.sorumatix.com\/blog\/wp-json\/wp\/v2\/types\/post"}],"author":[{"embeddable":true,"href":"https:\/\/www.sorumatix.com\/blog\/wp-json\/wp\/v2\/users\/1"}],"replies":[{"embeddable":true,"href":"https:\/\/www.sorumatix.com\/blog\/wp-json\/wp\/v2\/comments?post=2455"}],"version-history":[{"count":0,"href":"https:\/\/www.sorumatix.com\/blog\/wp-json\/wp\/v2\/posts\/2455\/revisions"}],"wp:featuredmedia":[{"embeddable":true,"href":"https:\/\/www.sorumatix.com\/blog\/wp-json\/wp\/v2\/media\/2342"}],"wp:attachment":[{"href":"https:\/\/www.sorumatix.com\/blog\/wp-json\/wp\/v2\/media?parent=2455"}],"wp:term":[{"taxonomy":"category","embeddable":true,"href":"https:\/\/www.sorumatix.com\/blog\/wp-json\/wp\/v2\/categories?post=2455"},{"taxonomy":"post_tag","embeddable":true,"href":"https:\/\/www.sorumatix.com\/blog\/wp-json\/wp\/v2\/tags?post=2455"}],"curies":[{"name":"wp","href":"https:\/\/api.w.org\/{rel}","templated":true}]}}