{"id":2469,"date":"2023-11-13T23:16:27","date_gmt":"2023-11-13T23:16:27","guid":{"rendered":"https:\/\/www.sorumatix.com\/blog\/?p=2469"},"modified":"2023-11-13T23:16:27","modified_gmt":"2023-11-13T23:16:27","slug":"farkli-kulturel-bolgelerin-yeryuzunde-yayilisi","status":"publish","type":"post","link":"https:\/\/www.sorumatix.com\/blog\/farkli-kulturel-bolgelerin-yeryuzunde-yayilisi.html","title":{"rendered":"Farkl\u0131 k\u00fclt\u00fcrel b\u00f6lgelerin yery\u00fcz\u00fcnde yay\u0131l\u0131\u015f\u0131"},"content":{"rendered":"<p><center><iframe loading=\"lazy\" width=\"560\" height=\"315\" src=\"https:\/\/www.youtube.com\/embed\/HSyFBZL9OOs\" title=\"YouTube video player\" frameborder=\"0\" allow=\"accelerometer; autoplay; clipboard-write; encrypted-media; gyroscope; picture-in-picture; web-share\" allowfullscreen><\/iframe><\/center><html><head><\/head><body><\/p>\n<p>Farkl\u0131 K\u00fclt\u00fcrel B\u00f6lgelerin Yery\u00fcz\u00fcnde Yay\u0131l\u0131\u015f\u0131<\/p>\n<p>Merhaba! Bu makalede, farkl\u0131 k\u00fclt\u00fcrel b\u00f6lgelerin yery\u00fcz\u00fcnde nas\u0131l yay\u0131ld\u0131\u011f\u0131n\u0131 ke\u015ffedece\u011fiz. Bu ilgin\u00e7 konuya merakl\u0131ysan\u0131z, do\u011fru yerdesiniz! Haydi ba\u015flayal\u0131m.<\/p>\n<p>1. \u0130nsan G\u00f6\u00e7leri:<\/p>\n<p>\u0130nsanlar\u0131n tarih boyunca g\u00f6\u00e7 etmesi, farkl\u0131 k\u00fclt\u00fcrlerin birbirleriyle etkile\u015fimini sa\u011flam\u0131\u015ft\u0131r. Co\u011frafi fakt\u00f6rler, iklim ko\u015fullar\u0131, ekonomik nedenler veya sava\u015flar gibi bir\u00e7ok sebep, insanlar\u0131n farkl\u0131 b\u00f6lgelere hareket etmesine yol a\u00e7m\u0131\u015ft\u0131r. \u00d6rne\u011fin, \u0130pek Yolu gibi tarihi ticaret yollar\u0131, Asya&#8217;daki \u00c7in medeniyetinin Avrupa&#8217;ya yay\u0131lmas\u0131nda b\u00fcy\u00fck bir rol oynam\u0131\u015ft\u0131r.<\/p>\n<p>2. Kolonile\u015fme D\u00f6nemi:<\/p>\n<p>Avrupal\u0131 ka\u015fiflerin Yeni D\u00fcnya&#8217;y\u0131 ke\u015ffetmesiyle birlikte kolonile\u015fme d\u00f6nemi ba\u015flam\u0131\u015ft\u0131r. B\u00fcy\u00fck g\u00fc\u00e7ler, s\u00f6m\u00fcrgecilik faaliyetleriyle kendi k\u00fclt\u00fcrlerini farkl\u0131 k\u0131talara ta\u015f\u0131m\u0131\u015flard\u0131r. Bu durum, \u00f6zellikle Amerika ve Afrika k\u0131talar\u0131nda yerli k\u00fclt\u00fcrlerin yerine yeni Avrupa k\u00fclt\u00fcr\u00fcn\u00fcn yerle\u015fmesine neden olmu\u015ftur.<\/p>\n<p>3. \u0130nternet ve K\u00fcreselle\u015fme:<\/p>\n<p>Teknoloji \u00e7a\u011f\u0131yla birlikte internetin yayg\u0131nla\u015fmas\u0131, k\u00fcreselle\u015fmeyi h\u0131zland\u0131rm\u0131\u015ft\u0131r. \u0130nternet arac\u0131l\u0131\u011f\u0131yla bilgiye eri\u015fim kolayla\u015fm\u0131\u015f ve farkl\u0131 k\u00fclt\u00fcrler birbiriyle daha fazla etkile\u015fimde bulunmaya ba\u015flam\u0131\u015ft\u0131r. M\u00fczik, film, moda ve yemek gibi k\u00fclt\u00fcrel unsurlar, h\u0131zla d\u00fcnyan\u0131n her yerine yay\u0131lmaktad\u0131r.<\/p>\n<p>4. Turizm:<\/p>\n<p>Turizm sekt\u00f6r\u00fcn\u00fcn b\u00fcy\u00fcmesiyle birlikte insanlar, farkl\u0131 k\u00fclt\u00fcrel b\u00f6lgeleri ke\u015ffetmek i\u00e7in seyahat etmeye ba\u015flam\u0131\u015flard\u0131r. Tatilciler, gittikleri yerlerde yerel k\u00fclt\u00fcrle tan\u0131\u015fmakta ve bazen de bu k\u00fclt\u00fcr\u00fc kendi \u00fclkelerine d\u00f6nd\u00fcklerinde yaymaktad\u0131r. Bu da k\u00fclt\u00fcrel al\u0131\u015fveri\u015fi art\u0131ran bir fakt\u00f6rd\u00fcr.<\/p>\n<p><center><img decoding=\"async\" src=\"https:\/\/www.sorumatix.com\/blog\/wp-content\/uploads\/2023\/09\/uploaded-image-farkli-kulturel-bolgelerin-yeryuzunde-yayilisi-1693902920992.jpg\" title=\"Farkl\u0131 k\u00fclt\u00fcrel b\u00f6lgelerin yery\u00fcz\u00fcnde yay\u0131l\u0131\u015f\u0131 \" alt=\"Farkl\u0131 k\u00fclt\u00fcrel b\u00f6lgelerin yery\u00fcz\u00fcnde yay\u0131l\u0131\u015f\u0131 \"><\/center><\/p>\n<p>5. G\u00f6\u00e7men Topluluklar\u0131:<\/p>\n<p><center><img decoding=\"async\" src=\"https:\/\/www.sorumatix.com\/blog\/wp-content\/uploads\/2023\/09\/uploaded-image-farkli-kulturel-bolgelerin-yeryuzunde-yayilisi-1693902923914.jpg\" title=\"Farkl\u0131 k\u00fclt\u00fcrel b\u00f6lgelerin yery\u00fcz\u00fcnde yay\u0131l\u0131\u015f\u0131 \" alt=\"Farkl\u0131 k\u00fclt\u00fcrel b\u00f6lgelerin yery\u00fcz\u00fcnde yay\u0131l\u0131\u015f\u0131 \"><\/center><\/p>\n<p>G\u00f6\u00e7menler, kendi k\u00fclt\u00fcrlerini ta\u015f\u0131d\u0131klar\u0131 yeni \u00fclkede s\u00fcrd\u00fcrmektedir. \u00d6rne\u011fin, Amerika Birle\u015fik Devletleri&#8217;nde farkl\u0131 etnik k\u00f6kenlere sahip g\u00f6\u00e7men topluluklar\u0131, kendi dillerini, geleneklerini ve yemeklerini koruyarak Amerikan k\u00fclt\u00fcr\u00fcne zenginlik katm\u0131\u015flard\u0131r.<\/p>\n<p>Sonu\u00e7 olarak, farkl\u0131 k\u00fclt\u00fcrel b\u00f6lgelerin yery\u00fcz\u00fcnde yay\u0131l\u0131\u015f\u0131, tarih boyunca bir\u00e7ok fakt\u00f6r\u00fcn etkisiyle ger\u00e7ekle\u015fmi\u015ftir. \u0130nsan g\u00f6\u00e7leri, kolonile\u015fme d\u00f6nemi, internet ve k\u00fcreselle\u015fme, turizm ve g\u00f6\u00e7men topluluklar\u0131 gibi etkenler, farkl\u0131 k\u00fclt\u00fcrlerin birbirleriyle etkile\u015fimini sa\u011flam\u0131\u015f ve d\u00fcnya k\u00fclt\u00fcrlerinin zengin bir karma\u015fas\u0131n\u0131 olu\u015fturmu\u015ftur.<\/p>\n<p>Umar\u0131z bu makale, sizlere farkl\u0131 k\u00fclt\u00fcrel b\u00f6lgelerin yay\u0131lmas\u0131 konusunda faydal\u0131 bilgiler sunmu\u015ftur. E\u011fitici bir i\u00e7erik oldu\u011funu d\u00fc\u015f\u00fcn\u00fcyoruz ve umar\u0131z siz de keyif alm\u0131\u015fs\u0131n\u0131zd\u0131r!<\/p>\n<p><\/body><\/html><\/p>\n","protected":false},"excerpt":{"rendered":"<p>Farkl\u0131 K\u00fclt\u00fcrel B\u00f6lgelerin Yery\u00fcz\u00fcnde Yay\u0131l\u0131\u015f\u0131 Merhaba! Bu makalede, farkl\u0131 k\u00fclt\u00fcrel b\u00f6lgelerin yery\u00fcz\u00fcnde nas\u0131l yay\u0131ld\u0131\u011f\u0131n\u0131 ke\u015ffedece\u011fiz. Bu ilgin\u00e7 konuya merakl\u0131ysan\u0131z, do\u011fru<\/p>\n","protected":false},"author":1,"featured_media":2349,"comment_status":"open","ping_status":"open","sticky":false,"template":"","format":"standard","meta":{"colormag_page_container_layout":"default_layout","colormag_page_sidebar_layout":"default_layout","footnotes":""},"categories":[15],"tags":[],"class_list":["post-2469","post","type-post","status-publish","format-standard","has-post-thumbnail","hentry","category-sosyal-bilimler-dersleri"],"_links":{"self":[{"href":"https:\/\/www.sorumatix.com\/blog\/wp-json\/wp\/v2\/posts\/2469","targetHints":{"allow":["GET"]}}],"collection":[{"href":"https:\/\/www.sorumatix.com\/blog\/wp-json\/wp\/v2\/posts"}],"about":[{"href":"https:\/\/www.sorumatix.com\/blog\/wp-json\/wp\/v2\/types\/post"}],"author":[{"embeddable":true,"href":"https:\/\/www.sorumatix.com\/blog\/wp-json\/wp\/v2\/users\/1"}],"replies":[{"embeddable":true,"href":"https:\/\/www.sorumatix.com\/blog\/wp-json\/wp\/v2\/comments?post=2469"}],"version-history":[{"count":1,"href":"https:\/\/www.sorumatix.com\/blog\/wp-json\/wp\/v2\/posts\/2469\/revisions"}],"predecessor-version":[{"id":4844,"href":"https:\/\/www.sorumatix.com\/blog\/wp-json\/wp\/v2\/posts\/2469\/revisions\/4844"}],"wp:featuredmedia":[{"embeddable":true,"href":"https:\/\/www.sorumatix.com\/blog\/wp-json\/wp\/v2\/media\/2349"}],"wp:attachment":[{"href":"https:\/\/www.sorumatix.com\/blog\/wp-json\/wp\/v2\/media?parent=2469"}],"wp:term":[{"taxonomy":"category","embeddable":true,"href":"https:\/\/www.sorumatix.com\/blog\/wp-json\/wp\/v2\/categories?post=2469"},{"taxonomy":"post_tag","embeddable":true,"href":"https:\/\/www.sorumatix.com\/blog\/wp-json\/wp\/v2\/tags?post=2469"}],"curies":[{"name":"wp","href":"https:\/\/api.w.org\/{rel}","templated":true}]}}