{"id":2477,"date":"2023-10-14T08:28:27","date_gmt":"2023-10-14T08:28:27","guid":{"rendered":"https:\/\/www.sorumatix.com\/blog\/?p=2477"},"modified":"2023-10-14T08:28:27","modified_gmt":"2023-10-14T08:28:27","slug":"turkiyedeki-gocleri-sebep-ve-sonuclari","status":"publish","type":"post","link":"https:\/\/www.sorumatix.com\/blog\/turkiyedeki-gocleri-sebep-ve-sonuclari.html","title":{"rendered":"T\u00fcrkiye\u2019deki g\u00f6\u00e7leri sebep ve sonu\u00e7lar\u0131"},"content":{"rendered":"<p><center><iframe loading=\"lazy\" width=\"560\" height=\"315\" src=\"https:\/\/www.youtube.com\/embed\/YIK7fhKfCqs\" title=\"YouTube video player\" frameborder=\"0\" allow=\"accelerometer; autoplay; clipboard-write; encrypted-media; gyroscope; picture-in-picture; web-share\" allowfullscreen><\/iframe><\/center><html><head><\/head><body><\/p>\n<p>T\u00fcrkiye&#8217;deki G\u00f6\u00e7ler: Sebepler ve Sonu\u00e7lar<\/p>\n<p>Merhaba! Bug\u00fcn sizlere T\u00fcrkiye&#8217;deki g\u00f6\u00e7lerin sebepleri ve sonu\u00e7lar\u0131 hakk\u0131nda bilgi vermek istiyorum. G\u00f6\u00e7, insanlar\u0131n bir yerden ba\u015fka bir yere ta\u015f\u0131nmas\u0131n\u0131 ifade eder. T\u00fcrkiye, tarih boyunca \u00e7e\u015fitli sebeplerle \u00e7ok say\u0131da g\u00f6\u00e7 alm\u0131\u015f ve g\u00f6\u00e7 vermi\u015ftir. Peki, bu g\u00f6\u00e7lerin nedenleri ve sonu\u00e7lar\u0131 nelerdir?<\/p>\n<p>1. Ekonomik Nedenler:<\/p>\n<p>T\u00fcrkiye&#8217;deki g\u00f6\u00e7lerin \u00f6nemli bir sebebi ekonomiktir. \u0130nsanlar daha iyi bir i\u015f, gelir ve ya\u015fam standard\u0131 aray\u0131\u015f\u0131yla b\u00fcy\u00fck \u015fehirlere veya sanayi b\u00f6lgelerine g\u00f6\u00e7 etmektedir. Bu g\u00f6\u00e7ler, \u00f6zellikle k\u0131rsal b\u00f6lgelerdeki yoksullu\u011fun azalt\u0131lmas\u0131 amac\u0131yla ger\u00e7ekle\u015fmektedir.<\/p>\n<p>2. E\u011fitim ve Kariyer F\u0131rsatlar\u0131:<\/p>\n<p>Baz\u0131 insanlar T\u00fcrkiye&#8217;nin b\u00fcy\u00fck \u015fehirlerine veya \u00fcniversite merkezlerine e\u011fitim veya kariyer f\u0131rsatlar\u0131 i\u00e7in g\u00f6\u00e7 etmektedir. \u00dcniversitelere yak\u0131n ya\u015famak veya kaliteli e\u011fitim imkanlar\u0131ndan yararlanmak isteyen \u00f6\u011frenci ve profesyoneller, g\u00f6\u00e7 etme e\u011filimindedir.<\/p>\n<p>3. Siyasi ve Sosyal Nedenler:<\/p>\n<p>Siyasi veya sosyal gerginlikler, \u00e7at\u0131\u015fmalar veya zor ko\u015fullar da g\u00f6\u00e7lere sebep olabilir. \u0130nsanlar g\u00fcvenliklerini sa\u011flamak ve daha iyi bir ya\u015fam kurmak amac\u0131yla evlerini terk edebilirler. \u00d6zellikle sava\u015f b\u00f6lgelerinden veya politik istikrars\u0131zl\u0131k ya\u015fanan yerlerden T\u00fcrkiye&#8217;ye g\u00f6\u00e7ler ger\u00e7ekle\u015febilir.<\/p>\n<p>G\u00f6\u00e7lerin sonu\u00e7lar\u0131na gelince:<\/p>\n<p>1. K\u00fclt\u00fcrel \u00c7e\u015fitlilik:<\/p>\n<p>T\u00fcrkiye&#8217;deki g\u00f6\u00e7ler, \u00fclkedeki k\u00fclt\u00fcrel \u00e7e\u015fitlili\u011fi art\u0131rmaktad\u0131r. Farkl\u0131 b\u00f6lgelerden gelen insanlar, kendi k\u00fclt\u00fcrlerini ve geleneklerini beraberlerinde getirerek T\u00fcrkiye&#8217;nin zengin k\u00fclt\u00fcrel mozaikine katk\u0131da bulunmaktad\u0131r.<\/p>\n<p>2. Ekonomik Geli\u015fme:<\/p>\n<p>G\u00f6\u00e7ler, b\u00fcy\u00fck \u015fehirlere veya sanayi b\u00f6lgelerine n\u00fcfus ak\u0131\u015f\u0131n\u0131 sa\u011flayarak ekonomik b\u00fcy\u00fcmeyi tetikleyebilir. Bu g\u00f6\u00e7lerle birlikte yeni i\u015f f\u0131rsatlar\u0131 olu\u015fabilir, ticaret canlanabilir ve ekonomi hareketlenebilir.<\/p>\n<p><center><img decoding=\"async\" src=\"https:\/\/www.sorumatix.com\/blog\/wp-content\/uploads\/2023\/09\/uploaded-image-turkiyedeki-gocleri-sebep-ve-sonuclari-1693902922139.jpg\" title=\"T\u00fcrkiye\u2019deki g\u00f6\u00e7leri sebep ve sonu\u00e7lar\u0131 \" alt=\"T\u00fcrkiye\u2019deki g\u00f6\u00e7leri sebep ve sonu\u00e7lar\u0131 \"><\/center><\/p>\n<p>3. Demografik De\u011fi\u015fim:<\/p>\n<p>G\u00f6\u00e7ler, demografik yap\u0131y\u0131 etkileyen bir fakt\u00f6rd\u00fcr. N\u00fcfus yo\u011funlu\u011fu, ya\u015f ortalamas\u0131 ve etnik gruplar\u0131n da\u011f\u0131l\u0131m\u0131 gibi demografik \u00f6zelliklerde de\u011fi\u015fiklikler meydana gelebilir. Bu, toplumun yap\u0131sal ve sosyal dinamiklerinde de etkiler yarat\u0131r.<\/p>\n<p>T\u00fcrkiye&#8217;deki g\u00f6\u00e7lerin sebepleri ve sonu\u00e7lar\u0131 \u00fczerine bu makalede k\u0131saca de\u011findim. G\u00f6\u00e7ler, insanlar\u0131n hayatlar\u0131nda b\u00fcy\u00fck de\u011fi\u015fikliklere yol a\u00e7an \u00f6nemli bir olgudur. T\u00fcrkiye&#8217;nin tarih boyunca g\u00f6\u00e7 alan ve g\u00f6\u00e7 veren bir \u00fclke olmas\u0131, k\u00fclt\u00fcrel ve sosyal yap\u0131s\u0131n\u0131 \u015fekillendirmi\u015ftir.<\/p>\n<p><center><img decoding=\"async\" src=\"https:\/\/www.sorumatix.com\/blog\/wp-content\/uploads\/2023\/09\/uploaded-image-turkiyedeki-gocleri-sebep-ve-sonuclari-1693902922139.jpg\" title=\"T\u00fcrkiye\u2019deki g\u00f6\u00e7leri sebep ve sonu\u00e7lar\u0131 \" alt=\"T\u00fcrkiye\u2019deki g\u00f6\u00e7leri sebep ve sonu\u00e7lar\u0131 \"><\/center><\/p>\n<p>Unutmay\u0131n, her g\u00f6\u00e7 hikayesi bireyseldir ve farkl\u0131 nedenlere dayanabilir. G\u00f6\u00e7 eden insanlar\u0131n ya\u015fad\u0131\u011f\u0131 deneyimler ve etkiler \u00e7e\u015fitlilik g\u00f6sterebilir. Umar\u0131m bu makale, T\u00fcrkiye&#8217;deki g\u00f6\u00e7ler hakk\u0131nda size temel bir anlay\u0131\u015f sa\u011flam\u0131\u015ft\u0131r.<\/p>\n<p>Kaynak\u00e7a:<\/p>\n<p>&#8211; T\u00fcrkiye&#8217;de G\u00f6\u00e7: Sebepler ve Sonu\u00e7<\/p>\n<p><\/body><\/html><\/p>\n","protected":false},"excerpt":{"rendered":"<p>T\u00fcrkiye&#8217;deki G\u00f6\u00e7ler: Sebepler ve Sonu\u00e7lar Merhaba! Bug\u00fcn sizlere T\u00fcrkiye&#8217;deki g\u00f6\u00e7lerin sebepleri ve sonu\u00e7lar\u0131 hakk\u0131nda bilgi vermek istiyorum. G\u00f6\u00e7, insanlar\u0131n bir<\/p>\n","protected":false},"author":1,"featured_media":2369,"comment_status":"open","ping_status":"open","sticky":false,"template":"","format":"standard","meta":{"colormag_page_container_layout":"default_layout","colormag_page_sidebar_layout":"default_layout","footnotes":""},"categories":[15],"tags":[],"class_list":["post-2477","post","type-post","status-publish","format-standard","has-post-thumbnail","hentry","category-sosyal-bilimler-dersleri"],"_links":{"self":[{"href":"https:\/\/www.sorumatix.com\/blog\/wp-json\/wp\/v2\/posts\/2477","targetHints":{"allow":["GET"]}}],"collection":[{"href":"https:\/\/www.sorumatix.com\/blog\/wp-json\/wp\/v2\/posts"}],"about":[{"href":"https:\/\/www.sorumatix.com\/blog\/wp-json\/wp\/v2\/types\/post"}],"author":[{"embeddable":true,"href":"https:\/\/www.sorumatix.com\/blog\/wp-json\/wp\/v2\/users\/1"}],"replies":[{"embeddable":true,"href":"https:\/\/www.sorumatix.com\/blog\/wp-json\/wp\/v2\/comments?post=2477"}],"version-history":[{"count":0,"href":"https:\/\/www.sorumatix.com\/blog\/wp-json\/wp\/v2\/posts\/2477\/revisions"}],"wp:featuredmedia":[{"embeddable":true,"href":"https:\/\/www.sorumatix.com\/blog\/wp-json\/wp\/v2\/media\/2369"}],"wp:attachment":[{"href":"https:\/\/www.sorumatix.com\/blog\/wp-json\/wp\/v2\/media?parent=2477"}],"wp:term":[{"taxonomy":"category","embeddable":true,"href":"https:\/\/www.sorumatix.com\/blog\/wp-json\/wp\/v2\/categories?post=2477"},{"taxonomy":"post_tag","embeddable":true,"href":"https:\/\/www.sorumatix.com\/blog\/wp-json\/wp\/v2\/tags?post=2477"}],"curies":[{"name":"wp","href":"https:\/\/api.w.org\/{rel}","templated":true}]}}