{"id":2485,"date":"2023-11-06T21:28:27","date_gmt":"2023-11-06T21:28:27","guid":{"rendered":"https:\/\/www.sorumatix.com\/blog\/?p=2485"},"modified":"2023-11-06T21:28:27","modified_gmt":"2023-11-06T21:28:27","slug":"tarimin-turkiye-ekonomisindeki-yeri","status":"publish","type":"post","link":"https:\/\/www.sorumatix.com\/blog\/tarimin-turkiye-ekonomisindeki-yeri.html","title":{"rendered":"Tar\u0131m\u0131n T\u00fcrkiye ekonomisindeki yeri"},"content":{"rendered":"<p><center><iframe loading=\"lazy\" width=\"560\" height=\"315\" src=\"https:\/\/www.youtube.com\/embed\/TsnFmbuaovU\" title=\"YouTube video player\" frameborder=\"0\" allow=\"accelerometer; autoplay; clipboard-write; encrypted-media; gyroscope; picture-in-picture; web-share\" allowfullscreen><\/iframe><\/center><html><head><\/head><body><\/p>\n<p>Tar\u0131m\u0131n T\u00fcrkiye Ekonomisindeki Yeri<\/p>\n<p><center><img decoding=\"async\" src=\"https:\/\/www.sorumatix.com\/blog\/wp-content\/uploads\/2023\/09\/uploaded-image-tarimin-turkiye-ekonomisindeki-yeri-1693902923393.jpg\" title=\"Tar\u0131m\u0131n T\u00fcrkiye ekonomisindeki yeri \" alt=\"Tar\u0131m\u0131n T\u00fcrkiye ekonomisindeki yeri \"><\/center><\/p>\n<p>Tar\u0131m, bir \u00fclkenin ekonomik kalk\u0131nmas\u0131nda \u00f6nemli bir role sahiptir. T\u00fcrkiye gibi tar\u0131ma dayal\u0131 ekonomiye sahip olan bir \u00fclke i\u00e7in tar\u0131m sekt\u00f6r\u00fc b\u00fcy\u00fck bir \u00f6neme sahiptir. Tar\u0131m, hem g\u0131da \u00fcretimi sa\u011flayarak insanlar\u0131n beslenme ihtiya\u00e7lar\u0131n\u0131 kar\u015f\u0131lar hem de istihdam yaratarak ekonomik b\u00fcy\u00fcmeyi destekler. \u0130\u015fte Tar\u0131m\u0131n T\u00fcrkiye ekonomisindeki yerine dair baz\u0131 \u00f6nemli noktalar:<\/p>\n<p>1. Tar\u0131m \u00dcretimi ve \u0130hracat\u0131: T\u00fcrkiye, tar\u0131m \u00fcretiminde geni\u015f bir yelpazeye sahiptir. Bu\u011fday, m\u0131s\u0131r, pamuk, zeytin, f\u0131nd\u0131k, kiraz, domates gibi bir\u00e7ok tar\u0131m \u00fcr\u00fcn\u00fc \u00fcretilmektedir. Tar\u0131m \u00fcretimi, i\u00e7 t\u00fcketimin yan\u0131 s\u0131ra ihracat da yap\u0131larak d\u0131\u015f ticaret gelirlerinin artmas\u0131na katk\u0131 sa\u011flar.<\/p>\n<p><center><img decoding=\"async\" src=\"https:\/\/www.sorumatix.com\/blog\/wp-content\/uploads\/2023\/09\/uploaded-image-tarimin-turkiye-ekonomisindeki-yeri-1693902929941.jpg\" title=\"Tar\u0131m\u0131n T\u00fcrkiye ekonomisindeki yeri \" alt=\"Tar\u0131m\u0131n T\u00fcrkiye ekonomisindeki yeri \"><\/center><\/p>\n<p>2. \u0130stihdam Olanaklar\u0131: Tar\u0131m sekt\u00f6r\u00fc, T\u00fcrkiye&#8217;deki istihdam\u0131n \u00f6nemli bir b\u00f6l\u00fcm\u00fcn\u00fc olu\u015fturur. \u00d6zellikle k\u0131rsal kesimde ya\u015fayan insanlar i\u00e7in tar\u0131m faaliyetleri ge\u00e7im kayna\u011f\u0131 olabilir. Tar\u0131m sekt\u00f6r\u00fcndeki istihdam, g\u00f6\u00e7\u00fc azaltarak b\u00f6lgeler aras\u0131 dengesizlikleri de \u00f6nleyebilir.<\/p>\n<p>3. Tar\u0131m ve Sanayi \u0130li\u015fkisi: Tar\u0131m sekt\u00f6r\u00fc, sanayi sekt\u00f6r\u00fcn\u00fcn hammaddesini sa\u011flar. \u00d6rne\u011fin tar\u0131msal \u00fcretimden elde edilen pamuk, tekstil ve giyim end\u00fcstrisinde kullan\u0131l\u0131r. Bu ba\u011flamda tar\u0131m, T\u00fcrkiye&#8217;nin sanayi \u00fcretimine katk\u0131da bulunarak ekonomik b\u00fcy\u00fcmeyi tetikler.<\/p>\n<p>4. K\u0131rsal Kalk\u0131nma: Tar\u0131m sekt\u00f6r\u00fc, k\u0131rsal alanlar\u0131n ekonomik kalk\u0131nmas\u0131nda \u00f6nemli bir role sahiptir. Tar\u0131ma dayal\u0131 faaliyetler, k\u0131rsal b\u00f6lgelerde gelir da\u011f\u0131l\u0131m\u0131n\u0131n iyile\u015fmesini sa\u011flayabilir ve g\u00f6\u00e7\u00fc azaltarak k\u0131rsal n\u00fcfusun ya\u015fam kalitesini y\u00fckseltebilir.<\/p>\n<p>5. Tar\u0131m Politikalar\u0131: T\u00fcrkiye, tar\u0131m sekt\u00f6r\u00fcn\u00fc desteklemek i\u00e7in \u00e7e\u015fitli tar\u0131m politikalar\u0131 uygular. Tar\u0131m destekleri, \u00e7ift\u00e7ilere mali te\u015fvikler sa\u011flayarak tar\u0131msal \u00fcretimi art\u0131r\u0131r ve sekt\u00f6r\u00fcn rekabet g\u00fcc\u00fcn\u00fc y\u00fckseltir.<\/p>\n<p>Tar\u0131m sekt\u00f6r\u00fc, T\u00fcrkiye ekonomisi i\u00e7in stratejik bir \u00f6neme sahiptir. Ancak iklim de\u011fi\u015fikli\u011fi, su kaynaklar\u0131n\u0131n azalmas\u0131, tar\u0131m arazilerinin azalmas\u0131 gibi zorluklarla kar\u015f\u0131 kar\u015f\u0131ya oldu\u011fumuz da bir ger\u00e7ektir. Bu nedenle s\u00fcrd\u00fcr\u00fclebilir tar\u0131m uygulamalar\u0131na yat\u0131r\u0131m yapmak ve teknolojik yenilikleri tar\u0131ma entegre etmek \u00f6nemlidir.<\/p>\n<p>Sonu\u00e7 olarak, Tar\u0131m\u0131n T\u00fcrkiye ekonomisindeki yeri b\u00fcy\u00fck bir \u00f6neme sahiptir. Tar\u0131m sekt\u00f6r\u00fc, \u00fclkenin g\u0131da g\u00fcvenli\u011fini sa\u011flar, istihdam olanaklar\u0131 yarat\u0131r, sanayi ile ili\u015fkili olarak ekonomik b\u00fcy\u00fcmeyi destekler ve k\u0131rsal alanlar\u0131n kalk\u0131nmas\u0131na katk\u0131 sa\u011flar. Bu nedenle tar\u0131m sekt\u00f6r\u00fcn\u00fcn desteklenmesi ve s\u00fcrd\u00fcr\u00fclebilir tar\u0131m uygulamalar\u0131n\u0131n yayg\u0131nla\u015ft\u0131r\u0131lmas\u0131 \u00f6nemlidir.<\/p>\n<p><\/body><\/html><\/p>\n","protected":false},"excerpt":{"rendered":"<p>Tar\u0131m\u0131n T\u00fcrkiye Ekonomisindeki Yeri Tar\u0131m, bir \u00fclkenin ekonomik kalk\u0131nmas\u0131nda \u00f6nemli bir role sahiptir. T\u00fcrkiye gibi tar\u0131ma dayal\u0131 ekonomiye sahip olan<\/p>\n","protected":false},"author":1,"featured_media":2397,"comment_status":"open","ping_status":"open","sticky":false,"template":"","format":"standard","meta":{"colormag_page_container_layout":"default_layout","colormag_page_sidebar_layout":"default_layout","footnotes":""},"categories":[15],"tags":[],"class_list":["post-2485","post","type-post","status-publish","format-standard","has-post-thumbnail","hentry","category-sosyal-bilimler-dersleri"],"_links":{"self":[{"href":"https:\/\/www.sorumatix.com\/blog\/wp-json\/wp\/v2\/posts\/2485","targetHints":{"allow":["GET"]}}],"collection":[{"href":"https:\/\/www.sorumatix.com\/blog\/wp-json\/wp\/v2\/posts"}],"about":[{"href":"https:\/\/www.sorumatix.com\/blog\/wp-json\/wp\/v2\/types\/post"}],"author":[{"embeddable":true,"href":"https:\/\/www.sorumatix.com\/blog\/wp-json\/wp\/v2\/users\/1"}],"replies":[{"embeddable":true,"href":"https:\/\/www.sorumatix.com\/blog\/wp-json\/wp\/v2\/comments?post=2485"}],"version-history":[{"count":0,"href":"https:\/\/www.sorumatix.com\/blog\/wp-json\/wp\/v2\/posts\/2485\/revisions"}],"wp:featuredmedia":[{"embeddable":true,"href":"https:\/\/www.sorumatix.com\/blog\/wp-json\/wp\/v2\/media\/2397"}],"wp:attachment":[{"href":"https:\/\/www.sorumatix.com\/blog\/wp-json\/wp\/v2\/media?parent=2485"}],"wp:term":[{"taxonomy":"category","embeddable":true,"href":"https:\/\/www.sorumatix.com\/blog\/wp-json\/wp\/v2\/categories?post=2485"},{"taxonomy":"post_tag","embeddable":true,"href":"https:\/\/www.sorumatix.com\/blog\/wp-json\/wp\/v2\/tags?post=2485"}],"curies":[{"name":"wp","href":"https:\/\/api.w.org\/{rel}","templated":true}]}}