{"id":2488,"date":"2023-10-04T22:04:27","date_gmt":"2023-10-04T22:04:27","guid":{"rendered":"https:\/\/www.sorumatix.com\/blog\/?p=2488"},"modified":"2023-10-04T22:04:27","modified_gmt":"2023-10-04T22:04:27","slug":"turkiyedeki-endemik-ve-relikt-bitkilerin-dagilisi","status":"publish","type":"post","link":"https:\/\/www.sorumatix.com\/blog\/turkiyedeki-endemik-ve-relikt-bitkilerin-dagilisi.html","title":{"rendered":"T\u00fcrkiye\u2019deki endemik ve relikt bitkilerin da\u011f\u0131l\u0131\u015f\u0131"},"content":{"rendered":"<p><center><iframe loading=\"lazy\" width=\"560\" height=\"315\" src=\"https:\/\/www.youtube.com\/embed\/hV0cESCSh2M\" title=\"YouTube video player\" frameborder=\"0\" allow=\"accelerometer; autoplay; clipboard-write; encrypted-media; gyroscope; picture-in-picture; web-share\" allowfullscreen><\/iframe><\/center><html><head><\/head><body><\/p>\n<p>T\u00fcrkiye&#8217;deki Endemik ve Relikt Bitkilerin Da\u011f\u0131l\u0131\u015f\u0131<\/p>\n<p>Merhaba! Bu makalede, T\u00fcrkiye&#8217;deki endemik ve relikt bitkilerin da\u011f\u0131l\u0131\u015f\u0131 hakk\u0131nda sana bilgi verece\u011fim. Heyecanl\u0131 m\u0131s\u0131n? O zaman ba\u015flayal\u0131m!<\/p>\n<p>T\u00fcrkiye, biyolojik \u00e7e\u015fitlilik a\u00e7\u0131s\u0131ndan olduk\u00e7a zengin bir \u00fclkedir. \u00dclkemizde yer alan bitki t\u00fcrlerinin bir k\u0131sm\u0131 endemik veya relikt olarak adland\u0131r\u0131l\u0131r. Peki, bu terimler ne anlama geliyor?<\/p>\n<p>Endemik bitkiler, yaln\u0131zca belirli bir co\u011frafi b\u00f6lgede do\u011fal olarak bulunan bitki t\u00fcrleridir. Yani, sadece T\u00fcrkiye&#8217;ye \u00f6zg\u00fc olan bitkilerdir. \u00d6rne\u011fin, K\u0131br\u0131s k\u0131z\u0131la\u011fac\u0131 (Platanus orientalis subsp. Cypriaea), sadece Kuzey K\u0131br\u0131s T\u00fcrk Cumhuriyeti&#8217;nde yeti\u015fen bir endemik t\u00fcrd\u00fcr.<\/p>\n<p>Di\u011fer yandan, relikt bitkiler, ge\u00e7mi\u015fte daha geni\u015f bir alanda yayg\u0131n olan ancak zaman i\u00e7inde ya\u015fam alanlar\u0131n\u0131n k\u00fc\u00e7\u00fclmesi nedeniyle s\u0131n\u0131rl\u0131 bir alanda kalan bitkilerdir. Bu bitkiler, evrim s\u00fcrecinde izole olmu\u015f ve g\u00fcn\u00fcm\u00fczde nadir olarak bulunmaktad\u0131r. \u0130stanbul lalesi (Tulipa agenensis), T\u00fcrkiye&#8217;nin bat\u0131s\u0131nda ve Ege B\u00f6lgesi&#8217;nde yeti\u015fen bir relikt bitki \u00f6rne\u011fidir.<\/p>\n<p><center><img decoding=\"async\" src=\"https:\/\/www.sorumatix.com\/blog\/wp-content\/uploads\/2023\/09\/uploaded-image-turkiyedeki-endemik-ve-relikt-bitkilerin-dagilisi-1693902923046.jpg\" title=\"T\u00fcrkiye\u2019deki endemik ve relikt bitkilerin da\u011f\u0131l\u0131\u015f\u0131 \" alt=\"T\u00fcrkiye\u2019deki endemik ve relikt bitkilerin da\u011f\u0131l\u0131\u015f\u0131 \"><\/center><\/p>\n<p>T\u00fcrkiye&#8217;deki endemik ve relikt bitkilerin da\u011f\u0131l\u0131\u015f\u0131, \u00fclkemizin \u00e7e\u015fitli b\u00f6lgelerinde farkl\u0131l\u0131k g\u00f6stermektedir. \u00d6rne\u011fin, Akdeniz B\u00f6lgesi&#8217;nde yo\u011fun olarak endemik bitki t\u00fcrleri bulunurken, Do\u011fu Anadolu B\u00f6lgesi&#8217;nde relikt bitkiler daha yayg\u0131n olarak g\u00f6r\u00fcl\u00fcr.<\/p>\n<p>Endemik ve relikt bitkiler, T\u00fcrkiye&#8217;nin iklim ve topografik \u00e7e\u015fitlili\u011fiyle yak\u0131ndan ili\u015fkilidir. Da\u011fl\u0131k alanlar, k\u0131y\u0131 b\u00f6lgeleri, yaylalar ve g\u00f6ller gibi farkl\u0131 ekosistemlerde bu bitkilerin \u00f6zel ya\u015fam alanlar\u0131 bulunur. \u00d6rne\u011fin, Toros da\u011flar\u0131ndaki boz da\u011f \u00e7ile\u011fi (Fragaria vesca subsp. Cilicica), sadece bu da\u011flar\u0131n y\u00fcksek kesimlerinde yeti\u015febilir.<\/p>\n<p>Bu bitkilerin korunmas\u0131 ve do\u011fal ya\u015fam alanlar\u0131n\u0131n s\u00fcrd\u00fcr\u00fclebilirli\u011fi b\u00fcy\u00fck \u00f6nem ta\u015f\u0131r. \u00c7\u00fcnk\u00fc endemik ve relikt bitkiler, biyo\u00e7e\u015fitlili\u011fin bir par\u00e7as\u0131d\u0131r ve ekosistemlerin dengesini sa\u011flar. Do\u011fal ya\u015fam alanlar\u0131n\u0131n tahrip edilmesi veya \u00e7evresel de\u011fi\u015fiklikler, bu bitkilerin yok olma riskiyle kar\u015f\u0131 kar\u015f\u0131ya kalmas\u0131na neden olabilir.<\/p>\n<p><center><img decoding=\"async\" src=\"https:\/\/www.sorumatix.com\/blog\/wp-content\/uploads\/2023\/09\/uploaded-image-turkiyedeki-endemik-ve-relikt-bitkilerin-dagilisi-1693902923046.jpg\" title=\"T\u00fcrkiye\u2019deki endemik ve relikt bitkilerin da\u011f\u0131l\u0131\u015f\u0131 \" alt=\"T\u00fcrkiye\u2019deki endemik ve relikt bitkilerin da\u011f\u0131l\u0131\u015f\u0131 \"><\/center><\/p>\n<p>Sonu\u00e7 olarak, T\u00fcrkiye&#8217;deki endemik ve relikt bitkilerin da\u011f\u0131l\u0131\u015f\u0131, \u00fclkemizin do\u011fal g\u00fczelliklerinin bir g\u00f6stergesidir. Bu bitkilerin korunmas\u0131 ve bilin\u00e7li \u015fekilde y\u00f6netilmesi, biyolojik \u00e7e\u015fitlili\u011fimizi ve ekosistemlerimizi sa\u011fl\u0131kl\u0131 bir \u015fekilde s\u00fcrd\u00fcrmek i\u00e7in \u00f6nemlidir. G\u00f6rd\u00fc\u011f\u00fcn endemik veya relikt bitkilere biraz daha dikkat et ve onlar\u0131n nadir g\u00fczelliklerini korumaya yard\u0131mc\u0131 ol!<\/p>\n<p>Umar\u0131m bu makale, T\u00fcrkiye&#8217;deki endemik ve relikt bitkiler hakk\u0131nda sana faydal\u0131 bilgiler sa\u011flam\u0131\u015ft\u0131r. Do\u011fan\u0131n b\u00fcy\u00fcl\u00fc d\u00fcnyas\u0131n\u0131 ke\u015ffetmeye devam etmek i\u00e7in merak\u0131n\u0131 ve ilgini hi\u00e7 kaybetme!<\/p>\n<p><\/body><\/html><\/p>\n","protected":false},"excerpt":{"rendered":"<p>T\u00fcrkiye&#8217;deki Endemik ve Relikt Bitkilerin Da\u011f\u0131l\u0131\u015f\u0131 Merhaba! Bu makalede, T\u00fcrkiye&#8217;deki endemik ve relikt bitkilerin da\u011f\u0131l\u0131\u015f\u0131 hakk\u0131nda sana bilgi verece\u011fim. Heyecanl\u0131<\/p>\n","protected":false},"author":1,"featured_media":2389,"comment_status":"open","ping_status":"open","sticky":false,"template":"","format":"standard","meta":{"colormag_page_container_layout":"default_layout","colormag_page_sidebar_layout":"default_layout","footnotes":""},"categories":[15],"tags":[],"class_list":["post-2488","post","type-post","status-publish","format-standard","has-post-thumbnail","hentry","category-sosyal-bilimler-dersleri"],"_links":{"self":[{"href":"https:\/\/www.sorumatix.com\/blog\/wp-json\/wp\/v2\/posts\/2488","targetHints":{"allow":["GET"]}}],"collection":[{"href":"https:\/\/www.sorumatix.com\/blog\/wp-json\/wp\/v2\/posts"}],"about":[{"href":"https:\/\/www.sorumatix.com\/blog\/wp-json\/wp\/v2\/types\/post"}],"author":[{"embeddable":true,"href":"https:\/\/www.sorumatix.com\/blog\/wp-json\/wp\/v2\/users\/1"}],"replies":[{"embeddable":true,"href":"https:\/\/www.sorumatix.com\/blog\/wp-json\/wp\/v2\/comments?post=2488"}],"version-history":[{"count":0,"href":"https:\/\/www.sorumatix.com\/blog\/wp-json\/wp\/v2\/posts\/2488\/revisions"}],"wp:featuredmedia":[{"embeddable":true,"href":"https:\/\/www.sorumatix.com\/blog\/wp-json\/wp\/v2\/media\/2389"}],"wp:attachment":[{"href":"https:\/\/www.sorumatix.com\/blog\/wp-json\/wp\/v2\/media?parent=2488"}],"wp:term":[{"taxonomy":"category","embeddable":true,"href":"https:\/\/www.sorumatix.com\/blog\/wp-json\/wp\/v2\/categories?post=2488"},{"taxonomy":"post_tag","embeddable":true,"href":"https:\/\/www.sorumatix.com\/blog\/wp-json\/wp\/v2\/tags?post=2488"}],"curies":[{"name":"wp","href":"https:\/\/api.w.org\/{rel}","templated":true}]}}