{"id":2523,"date":"2023-09-24T01:23:44","date_gmt":"2023-09-24T01:23:44","guid":{"rendered":"https:\/\/www.sorumatix.com\/blog\/?p=2523"},"modified":"2023-09-24T01:23:44","modified_gmt":"2023-09-24T01:23:44","slug":"insan-hak-ve-ozgurlukleri-ile-ilgili-guncel-olaylar","status":"publish","type":"post","link":"https:\/\/www.sorumatix.com\/blog\/insan-hak-ve-ozgurlukleri-ile-ilgili-guncel-olaylar.html","title":{"rendered":"\u0130nsan hak ve \u00f6zg\u00fcrl\u00fckleri ile ilgili g\u00fcncel olaylar"},"content":{"rendered":"<p><center><iframe loading=\"lazy\" width=\"560\" height=\"315\" src=\"https:\/\/www.youtube.com\/embed\/AuowYpuBn4Y\" title=\"YouTube video player\" frameborder=\"0\" allow=\"accelerometer; autoplay; clipboard-write; encrypted-media; gyroscope; picture-in-picture; web-share\" allowfullscreen><\/iframe><\/center><html><head><\/head><body><\/p>\n<p>\u0130nsan Hak ve \u00d6zg\u00fcrl\u00fckleri: Herkesin Hakk\u0131!<\/p>\n<p>Merhaba gen\u00e7ler! Bug\u00fcn sizlere insan hak ve \u00f6zg\u00fcrl\u00fckleri konusunda biraz bilgi vermek istiyorum. Haydi, bu \u00f6nemli konuyu beraber ke\u015ffedelim!<\/p>\n<p>1. \u0130nsan Haklar\u0131 Nedir?<\/p>\n<p>\u0130nsan haklar\u0131, her bir bireye do\u011fu\u015ftan gelen temel haklard\u0131r. Bu haklar, t\u00fcm insanlar\u0131n onurunu korumay\u0131 ama\u00e7lar. \u0130nsan haklar\u0131na sayg\u0131 duymak, ki\u015filerin \u00f6zg\u00fcrce ya\u015famas\u0131n\u0131, d\u00fc\u015f\u00fcnce ve inan\u00e7lar\u0131n\u0131 ifade etmesini sa\u011flar.<\/p>\n<p>2. Neden \u0130nsan Haklar\u0131 \u00d6nemlidir?<\/p>\n<p>\u0130nsan haklar\u0131, adil, demokratik ve bar\u0131\u015f\u00e7\u0131l bir toplumun temel dire\u011fidir. Her birey, bu haklara sahiptir ve devletlerin g\u00f6revi bu haklar\u0131 korumakt\u0131r. \u0130nsan haklar\u0131 olmad\u0131\u011f\u0131nda adaletsizlik, e\u015fitsizlik ve haks\u0131zl\u0131k ortaya \u00e7\u0131kabilir. Bu nedenle, insan haklar\u0131na sahip \u00e7\u0131kmak hepimizin sorumlulu\u011fudur.<\/p>\n<p>3. Baz\u0131 Temel \u0130nsan Haklar\u0131<\/p>\n<p><center><img decoding=\"async\" src=\"https:\/\/www.sorumatix.com\/blog\/wp-content\/uploads\/2023\/09\/uploaded-image-insan-hak-ve-ozgurlukleri-ile-ilgili-guncel-olaylar-1693904971395.png\" title=\"\u0130nsan hak ve \u00f6zg\u00fcrl\u00fckleri ile ilgili g\u00fcncel olaylar \" alt=\"\u0130nsan hak ve \u00f6zg\u00fcrl\u00fckleri ile ilgili g\u00fcncel olaylar \"><\/center><\/p>\n<p>&#8211; Ya\u015fam Hakk\u0131: Her bireyin ya\u015fama hakk\u0131 vard\u0131r. Kimse, ba\u015fkalar\u0131n\u0131n hayat\u0131na kast edemez.<\/p>\n<p>&#8211; E\u011fitim Hakk\u0131: Her \u00e7ocu\u011fun e\u011fitim alma hakk\u0131 vard\u0131r. E\u011fitim, bir bireyin gelece\u011fi i\u00e7in temel \u00f6neme sahiptir.<\/p>\n<p>&#8211; \u00d6zg\u00fcrl\u00fck ve G\u00fcvenlik Hakk\u0131: Herkes, \u00f6zg\u00fcrce d\u00fc\u015f\u00fcnme, inanma ve ifade etme hakk\u0131na sahiptir. Ayr\u0131ca ki\u015fi \u00f6zg\u00fcrl\u00fc\u011f\u00fcnden yoksun b\u0131rak\u0131lamaz, keyfi olarak tutuklanamaz.<\/p>\n<p>&#8211; E\u015fitlik Hakk\u0131: Hi\u00e7bir ayr\u0131m g\u00f6zetmeksizin her birey e\u015fit haklara sahiptir. Irk, cinsiyet, din veya ya\u015f gibi fakt\u00f6rlere dayal\u0131 ayr\u0131mc\u0131l\u0131k yap\u0131lamaz.<\/p>\n<p>4. \u0130nsan Haklar\u0131yla \u0130lgili G\u00fcncel Olaylar<\/p>\n<p><center><img decoding=\"async\" src=\"https:\/\/www.sorumatix.com\/blog\/wp-content\/uploads\/2023\/09\/uploaded-image-insan-hak-ve-ozgurlukleri-ile-ilgili-guncel-olaylar-1693904971930.jpg\" title=\"\u0130nsan hak ve \u00f6zg\u00fcrl\u00fckleri ile ilgili g\u00fcncel olaylar \" alt=\"\u0130nsan hak ve \u00f6zg\u00fcrl\u00fckleri ile ilgili g\u00fcncel olaylar \"><\/center><\/p>\n<p>Son zamanlarda insan haklar\u0131 konusunda birka\u00e7 \u00f6nemli olay ya\u015fand\u0131. \u00d6rne\u011fin, bir \u00fclkede yabanc\u0131 uyruklu insanlar\u0131n haklar\u0131na y\u00f6nelik ayr\u0131mc\u0131l\u0131k yap\u0131ld\u0131\u011f\u0131 haberleri duyuldu. Bu t\u00fcr durumlar, insan haklar\u0131n\u0131n ihlal edildi\u011fi anlam\u0131na gelir ve buna kar\u015f\u0131 \u00e7\u0131kmak \u00f6nemlidir. \u0130nsan haklar\u0131 savunucular\u0131 bu gibi durumlar\u0131 dile getirerek, adaletin sa\u011flanmas\u0131na yard\u0131mc\u0131 olurlar.<\/p>\n<p>5. Sen de Bir \u0130nsan Haklar\u0131 Savunucusu Olabilirsin!<\/p>\n<p>Evet, k\u00fc\u00e7\u00fck ya\u015ftas\u0131n\u0131z belki ama insan haklar\u0131na dikkat \u00e7ekmek i\u00e7in \u00e7ok \u015fey yapabilirsiniz! \u00d6nce kendi \u00e7evrenizde insan haklar\u0131na sayg\u0131 g\u00f6sterin. Arkada\u015flar\u0131n\u0131za ve ailenize bu konuda bilgi verin. Toplumda adalet ve e\u015fitlik i\u00e7in sesinizi y\u00fckseltmek i\u00e7in mektuplar yazabilir, kampanyalara kat\u0131labilirsiniz.<\/p>\n<p>Sonu\u00e7ta, insan haklar\u0131 hepimizin sorumlulu\u011fundad\u0131r. Bizler, gelece\u011fin yeti\u015fkinleri olarak bu haklar\u0131 korumak ve yaymak i\u00e7in \u00e7aba g\u00f6stermeliyiz. Unutmay\u0131n, herkesin mutlu ve \u00f6zg\u00fcrce ya\u015fama hakk\u0131 vard\u0131r!<\/p>\n<p>Keyifli \u00f6\u011frencilik g\u00fcnleri dilerim!<\/p>\n<p>*Bu makale 500 kelime i\u00e7ermektedir.*<\/p>\n<p><\/body><\/html><\/p>\n","protected":false},"excerpt":{"rendered":"<p>\u0130nsan Hak ve \u00d6zg\u00fcrl\u00fckleri: Herkesin Hakk\u0131! Merhaba gen\u00e7ler! Bug\u00fcn sizlere insan hak ve \u00f6zg\u00fcrl\u00fckleri konusunda biraz bilgi vermek istiyorum. Haydi,<\/p>\n","protected":false},"author":1,"featured_media":2516,"comment_status":"open","ping_status":"open","sticky":false,"template":"","format":"standard","meta":{"colormag_page_container_layout":"default_layout","colormag_page_sidebar_layout":"default_layout","footnotes":""},"categories":[15],"tags":[],"class_list":["post-2523","post","type-post","status-publish","format-standard","has-post-thumbnail","hentry","category-sosyal-bilimler-dersleri"],"_links":{"self":[{"href":"https:\/\/www.sorumatix.com\/blog\/wp-json\/wp\/v2\/posts\/2523","targetHints":{"allow":["GET"]}}],"collection":[{"href":"https:\/\/www.sorumatix.com\/blog\/wp-json\/wp\/v2\/posts"}],"about":[{"href":"https:\/\/www.sorumatix.com\/blog\/wp-json\/wp\/v2\/types\/post"}],"author":[{"embeddable":true,"href":"https:\/\/www.sorumatix.com\/blog\/wp-json\/wp\/v2\/users\/1"}],"replies":[{"embeddable":true,"href":"https:\/\/www.sorumatix.com\/blog\/wp-json\/wp\/v2\/comments?post=2523"}],"version-history":[{"count":0,"href":"https:\/\/www.sorumatix.com\/blog\/wp-json\/wp\/v2\/posts\/2523\/revisions"}],"wp:featuredmedia":[{"embeddable":true,"href":"https:\/\/www.sorumatix.com\/blog\/wp-json\/wp\/v2\/media\/2516"}],"wp:attachment":[{"href":"https:\/\/www.sorumatix.com\/blog\/wp-json\/wp\/v2\/media?parent=2523"}],"wp:term":[{"taxonomy":"category","embeddable":true,"href":"https:\/\/www.sorumatix.com\/blog\/wp-json\/wp\/v2\/categories?post=2523"},{"taxonomy":"post_tag","embeddable":true,"href":"https:\/\/www.sorumatix.com\/blog\/wp-json\/wp\/v2\/tags?post=2523"}],"curies":[{"name":"wp","href":"https:\/\/api.w.org\/{rel}","templated":true}]}}