{"id":2524,"date":"2023-10-14T17:13:44","date_gmt":"2023-10-14T17:13:44","guid":{"rendered":"https:\/\/www.sorumatix.com\/blog\/?p=2524"},"modified":"2023-10-14T17:13:44","modified_gmt":"2023-10-14T17:13:44","slug":"yasli-ve-engelliler-gibi-dezavantajli-gruplarin-toplumsal-yasama-etkin-katilimi","status":"publish","type":"post","link":"https:\/\/www.sorumatix.com\/blog\/yasli-ve-engelliler-gibi-dezavantajli-gruplarin-toplumsal-yasama-etkin-katilimi.html","title":{"rendered":"Ya\u015fl\u0131 ve engelliler gibi dezavantajl\u0131 gruplar\u0131n toplumsal ya\u015fama etkin kat\u0131l\u0131m\u0131"},"content":{"rendered":"<p><center><iframe loading=\"lazy\" width=\"560\" height=\"315\" src=\"https:\/\/www.youtube.com\/embed\/8AghkTv2xNI\" title=\"YouTube video player\" frameborder=\"0\" allow=\"accelerometer; autoplay; clipboard-write; encrypted-media; gyroscope; picture-in-picture; web-share\" allowfullscreen><\/iframe><\/center><html><head><\/head><body><\/p>\n<p>Ya\u015fl\u0131 ve Engelliler: Toplumsal Ya\u015fama Etkin Kat\u0131l\u0131m\u0131n \u00d6nemi<\/p>\n<p><center><img decoding=\"async\" src=\"https:\/\/www.sorumatix.com\/blog\/wp-content\/uploads\/2023\/09\/uploaded-image-yasli-ve-engelliler-gibi-dezavantajli-gruplarin-toplumsal-yasama-etkin-katilimi-1693904971583.jpg\" title=\"Ya\u015fl\u0131 ve engelliler gibi dezavantajl\u0131 gruplar\u0131n toplumsal ya\u015fama etkin kat\u0131l\u0131m\u0131 \" alt=\"Ya\u015fl\u0131 ve engelliler gibi dezavantajl\u0131 gruplar\u0131n toplumsal ya\u015fama etkin kat\u0131l\u0131m\u0131 \"><\/center><\/p>\n<p>G\u00fcn\u00fcm\u00fczde toplumun \u00f6nemli bir par\u00e7as\u0131n\u0131 olu\u015fturan ya\u015fl\u0131lar ve engelliler, toplumsal ya\u015famda aktif bir \u015fekilde yer alabilmek i\u00e7in desteklenmelidir. Bu dezavantajl\u0131 gruplar\u0131n toplumsal ya\u015fama etkin kat\u0131l\u0131m\u0131, hem bireylerin ya\u015fam kalitesini art\u0131r\u0131rken, hem de toplumun genel refah\u0131n\u0131 y\u00fckseltir. Peki, ya\u015fl\u0131 ve engellilerin toplumsal ya\u015fama kat\u0131l\u0131m\u0131n\u0131n neden bu kadar \u00f6nemli oldu\u011funu anlamak i\u00e7in derinlemesine bakmam\u0131z gerekiyor.<\/p>\n<p>1. Farkl\u0131l\u0131klar\u0131n Kabul Edilmesi:<\/p>\n<p>Ya\u015fl\u0131lar ve engelliler gibi dezavantajl\u0131 gruplar\u0131n toplumsal ya\u015fama etkin kat\u0131l\u0131m\u0131, toplumun farkl\u0131l\u0131klar\u0131 kabul etme yetene\u011fini geli\u015ftirir. \u0130nsanlar\u0131n birbirini anlamas\u0131 ve desteklemesiyle beraber, ho\u015fg\u00f6r\u00fc ve empati duygular\u0131 geli\u015fir. B\u00f6ylelikle toplumsal ili\u015fkiler daha sa\u011flam temellere oturur ve ayr\u0131mc\u0131l\u0131\u011f\u0131n \u00f6n\u00fcne ge\u00e7ilir.<\/p>\n<p>2. Kaynaklar\u0131n Verimli Kullan\u0131m\u0131:<\/p>\n<p><center><img decoding=\"async\" src=\"https:\/\/www.sorumatix.com\/blog\/wp-content\/uploads\/2023\/09\/uploaded-image-yasli-ve-engelliler-gibi-dezavantajli-gruplarin-toplumsal-yasama-etkin-katilimi-1693904972006.jpg\" title=\"Ya\u015fl\u0131 ve engelliler gibi dezavantajl\u0131 gruplar\u0131n toplumsal ya\u015fama etkin kat\u0131l\u0131m\u0131 \" alt=\"Ya\u015fl\u0131 ve engelliler gibi dezavantajl\u0131 gruplar\u0131n toplumsal ya\u015fama etkin kat\u0131l\u0131m\u0131 \"><\/center><\/p>\n<p>Ya\u015fl\u0131lar ve engelliler, toplumun potansiyel kaynaklar\u0131ndan biridir. Onlar\u0131n yetenekleri ve deneyimleri, ekonomik ve sosyal alanda de\u011ferli katk\u0131larda bulunabilir. E\u011fer bu dezavantajl\u0131 gruplar\u0131n toplumsal ya\u015fama etkin kat\u0131l\u0131m\u0131 sa\u011flan\u0131rsa, potansiyelleri ortaya \u00e7\u0131kar ve kaynaklar\u0131n daha verimli kullan\u0131lmas\u0131na olanak sa\u011flan\u0131r.<\/p>\n<p>3. Toplumsal Kapsay\u0131c\u0131l\u0131k:<\/p>\n<p>Ya\u015fl\u0131lar ve engellilerin toplumsal ya\u015fama etkin kat\u0131l\u0131m\u0131, toplumun daha kapsay\u0131c\u0131 bir yap\u0131ya sahip olmas\u0131n\u0131 sa\u011flar. Dezavantajl\u0131 gruplar\u0131n haklar\u0131na sayg\u0131 duyulmas\u0131 ve e\u015fit f\u0131rsatlar sunulmas\u0131, adaletli bir toplumun olu\u015fumunu destekler. Bu da toplumdaki sosyal dengenin korunmas\u0131na yard\u0131mc\u0131 olur.<\/p>\n<p>4. \u0130nsan Haklar\u0131 ve Haysiyet:<\/p>\n<p>Ya\u015fl\u0131lar ve engelliler de di\u011fer insanlar gibi insan haklar\u0131na sahiptir ve haysiyetleri korunmal\u0131d\u0131r. Toplumsal ya\u015fama etkin kat\u0131l\u0131mlar\u0131, bu haklar\u0131n tan\u0131nmas\u0131n\u0131 ve uygulanmas\u0131n\u0131 destekler. Bireylerin kendilerini ifade etme, karar alma s\u00fcre\u00e7lerine kat\u0131lma ve ba\u011f\u0131ms\u0131z ya\u015fama haklar\u0131na sayg\u0131 duyulmal\u0131d\u0131r.<\/p>\n<p>5. Kar\u015f\u0131l\u0131kl\u0131 \u00d6\u011frenme ve B\u00fcy\u00fcme:<\/p>\n<p>Dezavantajl\u0131 gruplar\u0131n toplumsal ya\u015fama etkin kat\u0131l\u0131m\u0131, toplumun genel olarak geli\u015fmesini sa\u011flar. Ya\u015fl\u0131lar ve engelliler, deneyimleri ve bak\u0131\u015f a\u00e7\u0131lar\u0131yla topluma yeni perspektifler sunar. Bu sayede herkes birbirinden \u00f6\u011frenir ve ortak bir b\u00fcy\u00fcme s\u00fcreci ya\u015fan\u0131r.<\/p>\n<p>Sonu\u00e7 olarak, ya\u015fl\u0131lar ve engelliler gibi dezavantajl\u0131 gruplar\u0131n toplumsal ya\u015fama etkin kat\u0131l\u0131m\u0131, toplumun refah\u0131n\u0131 art\u0131ran \u00f6nemli bir fakt\u00f6rd\u00fcr. Farkl\u0131l\u0131klar\u0131 kabul eden, kapsay\u0131c\u0131 ve adil bir toplum idealine ula\u015fmak i\u00e7in bu gruplara destek olmak ve onlar\u0131n haklar\u0131n\u0131 savunmak gerekmektedir. Unutmayal\u0131m ki, sadece g\u00fc\u00e7l\u00fc ve \u00e7e\u015fitli bir toplum, gelece\u011fe umutla bakabilir.<\/p>\n<p><\/body><\/html><\/p>\n","protected":false},"excerpt":{"rendered":"<p>Ya\u015fl\u0131 ve Engelliler: Toplumsal Ya\u015fama Etkin Kat\u0131l\u0131m\u0131n \u00d6nemi G\u00fcn\u00fcm\u00fczde toplumun \u00f6nemli bir par\u00e7as\u0131n\u0131 olu\u015fturan ya\u015fl\u0131lar ve engelliler, toplumsal ya\u015famda aktif<\/p>\n","protected":false},"author":1,"featured_media":2518,"comment_status":"open","ping_status":"open","sticky":false,"template":"","format":"standard","meta":{"colormag_page_container_layout":"default_layout","colormag_page_sidebar_layout":"default_layout","footnotes":""},"categories":[15],"tags":[],"class_list":["post-2524","post","type-post","status-publish","format-standard","has-post-thumbnail","hentry","category-sosyal-bilimler-dersleri"],"_links":{"self":[{"href":"https:\/\/www.sorumatix.com\/blog\/wp-json\/wp\/v2\/posts\/2524","targetHints":{"allow":["GET"]}}],"collection":[{"href":"https:\/\/www.sorumatix.com\/blog\/wp-json\/wp\/v2\/posts"}],"about":[{"href":"https:\/\/www.sorumatix.com\/blog\/wp-json\/wp\/v2\/types\/post"}],"author":[{"embeddable":true,"href":"https:\/\/www.sorumatix.com\/blog\/wp-json\/wp\/v2\/users\/1"}],"replies":[{"embeddable":true,"href":"https:\/\/www.sorumatix.com\/blog\/wp-json\/wp\/v2\/comments?post=2524"}],"version-history":[{"count":0,"href":"https:\/\/www.sorumatix.com\/blog\/wp-json\/wp\/v2\/posts\/2524\/revisions"}],"wp:featuredmedia":[{"embeddable":true,"href":"https:\/\/www.sorumatix.com\/blog\/wp-json\/wp\/v2\/media\/2518"}],"wp:attachment":[{"href":"https:\/\/www.sorumatix.com\/blog\/wp-json\/wp\/v2\/media?parent=2524"}],"wp:term":[{"taxonomy":"category","embeddable":true,"href":"https:\/\/www.sorumatix.com\/blog\/wp-json\/wp\/v2\/categories?post=2524"},{"taxonomy":"post_tag","embeddable":true,"href":"https:\/\/www.sorumatix.com\/blog\/wp-json\/wp\/v2\/tags?post=2524"}],"curies":[{"name":"wp","href":"https:\/\/api.w.org\/{rel}","templated":true}]}}