{"id":2525,"date":"2023-09-09T14:18:44","date_gmt":"2023-09-09T14:18:44","guid":{"rendered":"https:\/\/www.sorumatix.com\/blog\/?p=2525"},"modified":"2023-09-09T14:18:44","modified_gmt":"2023-09-09T14:18:44","slug":"demokrasi-kulturunun-demokratik-sisteminin-isleyisindeki-rolu","status":"publish","type":"post","link":"https:\/\/www.sorumatix.com\/blog\/demokrasi-kulturunun-demokratik-sisteminin-isleyisindeki-rolu.html","title":{"rendered":"Demokrasi k\u00fclt\u00fcr\u00fcn\u00fcn demokratik sisteminin i\u015fleyi\u015findeki rol\u00fc"},"content":{"rendered":"<p><center><iframe loading=\"lazy\" width=\"560\" height=\"315\" src=\"https:\/\/www.youtube.com\/embed\/5meX_x019PU\" title=\"YouTube video player\" frameborder=\"0\" allow=\"accelerometer; autoplay; clipboard-write; encrypted-media; gyroscope; picture-in-picture; web-share\" allowfullscreen><\/iframe><\/center><html><head><\/head><body><\/p>\n<p>Demokrasi K\u00fclt\u00fcr\u00fcn\u00fcn Demokratik Sistemindeki Rol\u00fc<\/p>\n<p>Demokrasi, toplumlar\u0131n y\u00f6netiminde vatanda\u015flar\u0131n e\u015fit haklara sahip oldu\u011fu ve kat\u0131l\u0131mc\u0131 bir \u015fekilde kararlar al\u0131nd\u0131\u011f\u0131 bir sistemdir. Bir demokratik sistemin etkili bir \u015fekilde i\u015flemesi i\u00e7in ise demokrasi k\u00fclt\u00fcr\u00fcn\u00fcn olu\u015fmas\u0131 b\u00fcy\u00fck \u00f6nem ta\u015f\u0131r. Peki, demokrasi k\u00fclt\u00fcr\u00fcn\u00fcn demokratik sisteminin i\u015fleyi\u015findeki rol\u00fc nedir? \u0130\u015fte bu makalede, bu konuya a\u00e7\u0131kl\u0131k getirece\u011fiz.<\/p>\n<p>1. Farkl\u0131 G\u00f6r\u00fc\u015flerin De\u011ferlendirilmesi:<\/p>\n<p>Demokrasinin temel prensiplerinden biri, farkl\u0131 g\u00f6r\u00fc\u015flerin serbest\u00e7e ifade edilebilmesidir. Demokrasi k\u00fclt\u00fcr\u00fc, \u00e7ocuklara bu kavram\u0131n \u00f6nemini anlat\u0131r ve farkl\u0131 d\u00fc\u015f\u00fcncelerin tart\u0131\u015f\u0131lmas\u0131n\u0131 te\u015fvik eder. Bu sayede, demokratik sistemin i\u015fleyi\u015finde herkesin sesinin duyulmas\u0131na ve \u00e7o\u011funlu\u011fun yan\u0131 s\u0131ra az\u0131nl\u0131\u011f\u0131n da haklar\u0131na sayg\u0131 g\u00f6sterilmesine katk\u0131da bulunur.<\/p>\n<p>2. Kat\u0131l\u0131m\u0131n Te\u015fvik Edilmesi:<\/p>\n<p>Demokrasinin en g\u00fc\u00e7l\u00fc y\u00f6nlerinden biri, halk\u0131n kat\u0131l\u0131m\u0131n\u0131n sa\u011flanmas\u0131d\u0131r. Demokrasi k\u00fclt\u00fcr\u00fc \u00e7ocuklara, siyasi s\u00fcre\u00e7lere kat\u0131lman\u0131n ve oy kullanman\u0131n \u00f6nemini anlat\u0131r. Onlara, toplumlar\u0131n\u0131n gelece\u011fini etkilemek i\u00e7in aktif olarak yer almalar\u0131 gerekti\u011fini \u00f6\u011fretir. Bu sayede demokratik sistemin i\u015fleyi\u015finde vatanda\u015flar\u0131n aktif rol almas\u0131 sa\u011flan\u0131r.<\/p>\n<p>3. \u0130nsan Haklar\u0131 ve Adaletin \u00d6nemi:<\/p>\n<p>Demokrasi k\u00fclt\u00fcr\u00fc, insan haklar\u0131n\u0131n ve adil bir sistemde ya\u015faman\u0131n \u00f6nemini vurgular. \u00c7ocuklara, her bireyin e\u015fit haklara sahip oldu\u011fu ve adaletin herkes i\u00e7in ge\u00e7erli oldu\u011fu mesaj\u0131n\u0131 verir. Bu, demokratik sistemin temel ilkelerinden biridir ve demokrasi k\u00fclt\u00fcr\u00fc bu temellerin olu\u015fmas\u0131na katk\u0131da bulunur.<\/p>\n<p><center><img decoding=\"async\" src=\"https:\/\/www.sorumatix.com\/blog\/wp-content\/uploads\/2023\/09\/uploaded-image-demokrasi-kulturunun-demokratik-sisteminin-isleyisindeki-rolu-1693904971713.jpg\" title=\"Demokrasi k\u00fclt\u00fcr\u00fcn\u00fcn demokratik sisteminin i\u015fleyi\u015findeki rol\u00fc \" alt=\"Demokrasi k\u00fclt\u00fcr\u00fcn\u00fcn demokratik sisteminin i\u015fleyi\u015findeki rol\u00fc \"><\/center><\/p>\n<p>4. Sorumluluk Bilincinin Kazand\u0131r\u0131lmas\u0131:<\/p>\n<p><center><img decoding=\"async\" src=\"https:\/\/www.sorumatix.com\/blog\/wp-content\/uploads\/2023\/09\/uploaded-image-demokrasi-kulturunun-demokratik-sisteminin-isleyisindeki-rolu-1693904972063.jpg\" title=\"Demokrasi k\u00fclt\u00fcr\u00fcn\u00fcn demokratik sisteminin i\u015fleyi\u015findeki rol\u00fc \" alt=\"Demokrasi k\u00fclt\u00fcr\u00fcn\u00fcn demokratik sisteminin i\u015fleyi\u015findeki rol\u00fc \"><\/center><\/p>\n<p>Demokratik sistemin i\u015fleyi\u015finde, bireylerin sorumluluk bilinci ta\u015f\u0131mas\u0131 b\u00fcy\u00fck \u00f6nem ta\u015f\u0131r. Demokrasi k\u00fclt\u00fcr\u00fc \u00e7ocuklara, toplumun bir par\u00e7as\u0131 olduklar\u0131n\u0131 ve kararlar\u0131n al\u0131nmas\u0131 s\u00fcrecine katk\u0131da bulunmalar\u0131 gerekti\u011fini anlat\u0131r. Bu bilin\u00e7le yeti\u015fen \u00e7ocuklar, ileride demokratik de\u011ferlere uygun \u015fekilde hareket edecek ve topluma katk\u0131 sa\u011flayacak bireyler haline gelecektir.<\/p>\n<p>Sonu\u00e7 olarak, demokrasi k\u00fclt\u00fcr\u00fc demokratik sistemin i\u015fleyi\u015finde \u00f6nemli bir role sahiptir. \u00c7ocuklara demokratik de\u011ferleri anlatarak, farkl\u0131 g\u00f6r\u00fc\u015flerin de\u011ferlendirilmesini te\u015fvik ederek, kat\u0131l\u0131m\u0131 te\u015fvik ederek, insan haklar\u0131na ve adalete vurgu yaparak, sorumluluk bilinci kazand\u0131rarak demokrasi k\u00fclt\u00fcr\u00fcn\u00fc olu\u015fturmak m\u00fcmk\u00fcnd\u00fcr. Bu sayede gelecekte daha g\u00fc\u00e7l\u00fc ve kat\u0131l\u0131mc\u0131 bir demokratik sistem in\u015fa edebiliriz.<\/p>\n<p>Unutmayal\u0131m ki, \u00e7ocuklar gelece\u011fimizin teminat\u0131d\u0131r ve onlara demokrasi k\u00fclt\u00fcr\u00fcn\u00fc a\u015f\u0131lamak, daha adil ve \u00f6zg\u00fcr bir d\u00fcnya i\u00e7in \u00f6nemli bir ad\u0131md\u0131r.<\/p>\n<p><\/body><\/html><\/p>\n","protected":false},"excerpt":{"rendered":"<p>Demokrasi K\u00fclt\u00fcr\u00fcn\u00fcn Demokratik Sistemindeki Rol\u00fc Demokrasi, toplumlar\u0131n y\u00f6netiminde vatanda\u015flar\u0131n e\u015fit haklara sahip oldu\u011fu ve kat\u0131l\u0131mc\u0131 bir \u015fekilde kararlar al\u0131nd\u0131\u011f\u0131 bir<\/p>\n","protected":false},"author":1,"featured_media":2519,"comment_status":"open","ping_status":"open","sticky":false,"template":"","format":"standard","meta":{"colormag_page_container_layout":"default_layout","colormag_page_sidebar_layout":"default_layout","footnotes":""},"categories":[15],"tags":[],"class_list":["post-2525","post","type-post","status-publish","format-standard","has-post-thumbnail","hentry","category-sosyal-bilimler-dersleri"],"_links":{"self":[{"href":"https:\/\/www.sorumatix.com\/blog\/wp-json\/wp\/v2\/posts\/2525","targetHints":{"allow":["GET"]}}],"collection":[{"href":"https:\/\/www.sorumatix.com\/blog\/wp-json\/wp\/v2\/posts"}],"about":[{"href":"https:\/\/www.sorumatix.com\/blog\/wp-json\/wp\/v2\/types\/post"}],"author":[{"embeddable":true,"href":"https:\/\/www.sorumatix.com\/blog\/wp-json\/wp\/v2\/users\/1"}],"replies":[{"embeddable":true,"href":"https:\/\/www.sorumatix.com\/blog\/wp-json\/wp\/v2\/comments?post=2525"}],"version-history":[{"count":0,"href":"https:\/\/www.sorumatix.com\/blog\/wp-json\/wp\/v2\/posts\/2525\/revisions"}],"wp:featuredmedia":[{"embeddable":true,"href":"https:\/\/www.sorumatix.com\/blog\/wp-json\/wp\/v2\/media\/2519"}],"wp:attachment":[{"href":"https:\/\/www.sorumatix.com\/blog\/wp-json\/wp\/v2\/media?parent=2525"}],"wp:term":[{"taxonomy":"category","embeddable":true,"href":"https:\/\/www.sorumatix.com\/blog\/wp-json\/wp\/v2\/categories?post=2525"},{"taxonomy":"post_tag","embeddable":true,"href":"https:\/\/www.sorumatix.com\/blog\/wp-json\/wp\/v2\/tags?post=2525"}],"curies":[{"name":"wp","href":"https:\/\/api.w.org\/{rel}","templated":true}]}}