{"id":2537,"date":"2023-09-21T23:48:44","date_gmt":"2023-09-21T23:48:44","guid":{"rendered":"https:\/\/www.sorumatix.com\/blog\/?p=2537"},"modified":"2023-09-21T23:48:44","modified_gmt":"2023-09-21T23:48:44","slug":"evrensel-insan-haklari-ilkeleri-acisindan-turkiye-ve-dunyada-yasanan-onemli-gelismeler","status":"publish","type":"post","link":"https:\/\/www.sorumatix.com\/blog\/evrensel-insan-haklari-ilkeleri-acisindan-turkiye-ve-dunyada-yasanan-onemli-gelismeler.html","title":{"rendered":"Evrensel insan haklar\u0131 ilkeleri a\u00e7\u0131s\u0131ndan T\u00fcrkiye ve D\u00fcnyada ya\u015fanan \u00f6nemli geli\u015fmeler"},"content":{"rendered":"<p><center><iframe loading=\"lazy\" width=\"560\" height=\"315\" src=\"https:\/\/www.youtube.com\/embed\/oW_q2dDXWis\" title=\"YouTube video player\" frameborder=\"0\" allow=\"accelerometer; autoplay; clipboard-write; encrypted-media; gyroscope; picture-in-picture; web-share\" allowfullscreen><\/iframe><\/center><html><head><\/head><body><\/p>\n<p>Evrensel \u0130nsan Haklar\u0131 \u0130lkeleri A\u00e7\u0131s\u0131ndan T\u00fcrkiye ve D\u00fcnyada Ya\u015fanan \u00d6nemli Geli\u015fmeler<\/p>\n<p>Merhaba! Bu makalede, evrensel insan haklar\u0131 ilkeleri a\u00e7\u0131s\u0131ndan T\u00fcrkiye ve d\u00fcnyada ya\u015fanan \u00f6nemli geli\u015fmelere odaklanaca\u011f\u0131z. Hedef kitleniz olan 10-13 ya\u015f aral\u0131\u011f\u0131ndaki ortaokul \u00f6\u011frencilerine yard\u0131mc\u0131 olmak i\u00e7in samimi, basit ve e\u011flenceli bir dil kullanaca\u011f\u0131m.<\/p>\n<p>1. \u0130nsan Haklar\u0131 Nedir?<\/p>\n<p>\u0130nsan haklar\u0131, her bireyin do\u011fu\u015ftan sahip oldu\u011fu temel ve evrensel haklard\u0131r. Bu haklar, t\u00fcm insanlar\u0131n e\u015fit oldu\u011funu ve sayg\u0131 g\u00f6rmeyi hak ettiklerini vurgular. Herkesin d\u00fc\u015f\u00fcnce \u00f6zg\u00fcrl\u00fc\u011f\u00fcne, ya\u015fama hakk\u0131na, e\u015fitlik ilkesine ve adil yarg\u0131lanma hakk\u0131na sahip olmas\u0131 gibi bir\u00e7ok temel hak bulunmaktad\u0131r.<\/p>\n<p>2. Evrensel \u0130nsan Haklar\u0131 \u0130lkeleri<\/p>\n<p><center><img decoding=\"async\" src=\"https:\/\/www.sorumatix.com\/blog\/wp-content\/uploads\/2023\/09\/uploaded-image-evrensel-insan-haklari-ilkeleri-acisindan-turkiye-ve-dunyada-yasanan-onemli-gelismeler-1693904973905.jpg\" title=\"Evrensel insan haklar\u0131 ilkeleri a\u00e7\u0131s\u0131ndan T\u00fcrkiye ve D\u00fcnyada ya\u015fanan \u00f6nemli geli\u015fmeler \" alt=\"Evrensel insan haklar\u0131 ilkeleri a\u00e7\u0131s\u0131ndan T\u00fcrkiye ve D\u00fcnyada ya\u015fanan \u00f6nemli geli\u015fmeler \"><\/center><\/p>\n<p>Evrensel insan haklar\u0131 ilkeleri, Birle\u015fmi\u015f Milletler taraf\u0131ndan kabul edilen ve d\u00fcnya genelindeki insan haklar\u0131n\u0131n korunmas\u0131n\u0131 ama\u00e7layan belgelerdir. En \u00f6nemli belge olan \u0130nsan Haklar\u0131 Evrensel Beyannamesi, 1948 y\u0131l\u0131nda kabul edilmi\u015ftir.<\/p>\n<p>3. T\u00fcrkiye&#8217;de \u0130nsan Haklar\u0131 Geli\u015fmeleri<\/p>\n<p>T\u00fcrkiye, insan haklar\u0131 konusunda ge\u00e7mi\u015fte baz\u0131 zorluklar ya\u015fam\u0131\u015f olsa da son y\u0131llarda \u00f6nemli geli\u015fmeler kaydetmi\u015ftir. H\u00fck\u00fcmet, insan haklar\u0131na olan ba\u011fl\u0131l\u0131\u011f\u0131n\u0131 g\u00fc\u00e7lendirmek i\u00e7in \u00e7e\u015fitli ad\u0131mlar atm\u0131\u015ft\u0131r. \u00d6rne\u011fin, insan haklar\u0131na sayg\u0131 g\u00f6steren yasalar\u0131n \u00e7\u0131kar\u0131lmas\u0131 ve sivil toplum kurulu\u015flar\u0131n\u0131n faaliyetlerine daha fazla \u00f6zg\u00fcrl\u00fck tan\u0131nmas\u0131 gibi.<\/p>\n<p>4. T\u00fcrkiye&#8217;deki \u00d6nemli \u0130nsan Haklar\u0131 Sorunlar\u0131<\/p>\n<p><center><img decoding=\"async\" src=\"https:\/\/www.sorumatix.com\/blog\/wp-content\/uploads\/2023\/09\/uploaded-image-evrensel-insan-haklari-ilkeleri-acisindan-turkiye-ve-dunyada-yasanan-onemli-gelismeler-1693904974197.jpg\" title=\"Evrensel insan haklar\u0131 ilkeleri a\u00e7\u0131s\u0131ndan T\u00fcrkiye ve D\u00fcnyada ya\u015fanan \u00f6nemli geli\u015fmeler \" alt=\"Evrensel insan haklar\u0131 ilkeleri a\u00e7\u0131s\u0131ndan T\u00fcrkiye ve D\u00fcnyada ya\u015fanan \u00f6nemli geli\u015fmeler \"><\/center><\/p>\n<p>Ancak, T\u00fcrkiye hala baz\u0131 insan haklar\u0131 sorunlar\u0131yla kar\u015f\u0131 kar\u015f\u0131yad\u0131r. \u00d6zellikle ifade \u00f6zg\u00fcrl\u00fc\u011f\u00fc, bas\u0131n \u00f6zg\u00fcrl\u00fc\u011f\u00fc ve az\u0131nl\u0131k haklar\u0131 konular\u0131nda baz\u0131 endi\u015feler bulunmaktad\u0131r. Bu alanlarda daha fazla ilerleme kaydedilmesi gerekmektedir.<\/p>\n<p>5. D\u00fcnya Genelindeki \u0130nsan Haklar\u0131 Geli\u015fmeleri<\/p>\n<p>T\u00fcrkiye&#8217;nin yan\u0131 s\u0131ra d\u00fcnyan\u0131n bir\u00e7ok yerinde de insan haklar\u0131 ile ilgili \u00f6nemli geli\u015fmeler ya\u015fanmaktad\u0131r. \u00d6rne\u011fin, \u00e7ocuk i\u015f\u00e7ili\u011fiyle m\u00fccadele, kad\u0131n haklar\u0131, LGBTQ+ haklar\u0131 ve m\u00fclteci haklar\u0131 gibi konularda k\u00fcresel d\u00fczeyde \u00e7al\u0131\u015fmalar yap\u0131lmaktad\u0131r.<\/p>\n<p>6. \u0130yi \u00d6rnekler ve Umut Verici Geli\u015fmeler<\/p>\n<p>Bunlar\u0131n yan\u0131 s\u0131ra, d\u00fcnya genelinde de olumlu geli\u015fmeler vard\u0131r. Baz\u0131 \u00fclkeler insan haklar\u0131n\u0131n korunmas\u0131 i\u00e7in etkili ad\u0131mlar atm\u0131\u015flard\u0131r. \u00d6rne\u011fin, e\u011fitim imkanlar\u0131n\u0131n geni\u015fletilmesi, sa\u011fl\u0131k hizmetlerine eri\u015fimin art\u0131r\u0131lmas\u0131 ve cinsiyet e\u015fitli\u011fi konusunda ilerlemeler kaydedilmesi gibi.<\/p>\n<p>Sonu\u00e7 olarak, evrensel insan haklar\u0131 ilkeleri T\u00fcrkiye&#8217;de ve d\u00fcnyada \u00f6nemli bir konudur. T\u00fcrkiye, insan haklar\u0131 konusunda ilerleme kaydetmekte olup daha fazla \u00e7aba harcamal\u0131d\u0131r. Ayn\u0131 \u015fekilde, d\u00fcnya genelinde insan haklar\u0131n\u0131n korunmas\u0131 i\u00e7in s\u00fcrekli \u00e7al\u0131\u015fmal\u0131y\u0131z. Herkesin e\u015fit ve \u00f6zg\u00fcr bir \u015fekilde ya\u015fama hakk\u0131na sahip oldu\u011funu unutmayal\u0131m. \u0130nsan haklar\u0131na sayg\u0131 g\u00f6stererek daha adil<\/p>\n<p><\/body><\/html><\/p>\n","protected":false},"excerpt":{"rendered":"<p>Evrensel \u0130nsan Haklar\u0131 \u0130lkeleri A\u00e7\u0131s\u0131ndan T\u00fcrkiye ve D\u00fcnyada Ya\u015fanan \u00d6nemli Geli\u015fmeler Merhaba! Bu makalede, evrensel insan haklar\u0131 ilkeleri a\u00e7\u0131s\u0131ndan T\u00fcrkiye<\/p>\n","protected":false},"author":1,"featured_media":2534,"comment_status":"open","ping_status":"open","sticky":false,"template":"","format":"standard","meta":{"colormag_page_container_layout":"default_layout","colormag_page_sidebar_layout":"default_layout","footnotes":""},"categories":[15],"tags":[],"class_list":["post-2537","post","type-post","status-publish","format-standard","has-post-thumbnail","hentry","category-sosyal-bilimler-dersleri"],"_links":{"self":[{"href":"https:\/\/www.sorumatix.com\/blog\/wp-json\/wp\/v2\/posts\/2537","targetHints":{"allow":["GET"]}}],"collection":[{"href":"https:\/\/www.sorumatix.com\/blog\/wp-json\/wp\/v2\/posts"}],"about":[{"href":"https:\/\/www.sorumatix.com\/blog\/wp-json\/wp\/v2\/types\/post"}],"author":[{"embeddable":true,"href":"https:\/\/www.sorumatix.com\/blog\/wp-json\/wp\/v2\/users\/1"}],"replies":[{"embeddable":true,"href":"https:\/\/www.sorumatix.com\/blog\/wp-json\/wp\/v2\/comments?post=2537"}],"version-history":[{"count":0,"href":"https:\/\/www.sorumatix.com\/blog\/wp-json\/wp\/v2\/posts\/2537\/revisions"}],"wp:featuredmedia":[{"embeddable":true,"href":"https:\/\/www.sorumatix.com\/blog\/wp-json\/wp\/v2\/media\/2534"}],"wp:attachment":[{"href":"https:\/\/www.sorumatix.com\/blog\/wp-json\/wp\/v2\/media?parent=2537"}],"wp:term":[{"taxonomy":"category","embeddable":true,"href":"https:\/\/www.sorumatix.com\/blog\/wp-json\/wp\/v2\/categories?post=2537"},{"taxonomy":"post_tag","embeddable":true,"href":"https:\/\/www.sorumatix.com\/blog\/wp-json\/wp\/v2\/tags?post=2537"}],"curies":[{"name":"wp","href":"https:\/\/api.w.org\/{rel}","templated":true}]}}