{"id":2545,"date":"2023-10-08T12:28:44","date_gmt":"2023-10-08T12:28:44","guid":{"rendered":"https:\/\/www.sorumatix.com\/blog\/?p=2545"},"modified":"2023-10-08T12:28:44","modified_gmt":"2023-10-08T12:28:44","slug":"yerel-milli-ve-evrensel-duzeyde-kulturel-farkliliklara-saygi","status":"publish","type":"post","link":"https:\/\/www.sorumatix.com\/blog\/yerel-milli-ve-evrensel-duzeyde-kulturel-farkliliklara-saygi.html","title":{"rendered":"Yerel, milli ve evrensel d\u00fczeyde k\u00fclt\u00fcrel farkl\u0131l\u0131klara sayg\u0131"},"content":{"rendered":"<p><center><iframe loading=\"lazy\" width=\"560\" height=\"315\" src=\"https:\/\/www.youtube.com\/embed\/f7WsLZ_xYmo\" title=\"YouTube video player\" frameborder=\"0\" allow=\"accelerometer; autoplay; clipboard-write; encrypted-media; gyroscope; picture-in-picture; web-share\" allowfullscreen><\/iframe><\/center><html><head><\/head><body><center><img decoding=\"async\" src=\"https:\/\/www.sorumatix.com\/blog\/wp-content\/uploads\/2023\/09\/uploaded-image-yerel-milli-ve-evrensel-duzeyde-kulturel-farkliliklara-saygi-1693904974533.jpg\" title=\"Yerel, milli ve evrensel d\u00fczeyde k\u00fclt\u00fcrel farkl\u0131l\u0131klara sayg\u0131 \" alt=\"Yerel, milli ve evrensel d\u00fczeyde k\u00fclt\u00fcrel farkl\u0131l\u0131klara sayg\u0131 \"><\/center><\/p>\n<p>Yerel, Milli ve Evrensel D\u00fczeyde K\u00fclt\u00fcrel Farkl\u0131l\u0131klara Sayg\u0131<\/p>\n<p>Merhaba gen\u00e7 \u00f6\u011frenciler! Bug\u00fcn sizlere Yerel, Milli ve Evrensel D\u00fczeyde K\u00fclt\u00fcrel Farkl\u0131l\u0131klara Sayg\u0131 konusunu anlatmak istiyorum. Haydi, bu keyifli yolculu\u011fa ba\u015flayal\u0131m!<\/p>\n<p><center><img decoding=\"async\" src=\"https:\/\/www.sorumatix.com\/blog\/wp-content\/uploads\/2023\/09\/uploaded-image-yerel-milli-ve-evrensel-duzeyde-kulturel-farkliliklara-saygi-1693904974806.jpg\" title=\"Yerel, milli ve evrensel d\u00fczeyde k\u00fclt\u00fcrel farkl\u0131l\u0131klara sayg\u0131 \" alt=\"Yerel, milli ve evrensel d\u00fczeyde k\u00fclt\u00fcrel farkl\u0131l\u0131klara sayg\u0131 \"><\/center><\/p>\n<p>1. Herkesin Farkl\u0131 Oldu\u011funu Kabullenelim<\/p>\n<p>Bu d\u00fcnyada ya\u015fayan her insan\u0131n farkl\u0131 k\u00fclt\u00fcrlerden geldi\u011fini unutmayal\u0131m. Yerel d\u00fczeyde, \u00e7evremizdeki insanlar\u0131n farkl\u0131 geleneklere, dil ve dinlere sahip oldu\u011funu g\u00f6rebiliriz. Milli d\u00fczeyde ise \u00fclkemizin zengin k\u00fclt\u00fcr mozai\u011fine \u015fahit oluruz. Evrensel d\u00fczeyde ise di\u011fer \u00fclkelerin k\u00fclt\u00fcrlerinin bizimkilerden farkl\u0131 oldu\u011funu ke\u015ffedebiliriz.<\/p>\n<p>2. \u00d6nyarg\u0131lardan Ka\u00e7\u0131nal\u0131m<\/p>\n<p>K\u00fclt\u00fcrler aras\u0131ndaki farkl\u0131l\u0131klar\u0131 anlamaya \u00e7al\u0131\u015f\u0131rken, \u00f6nyarg\u0131l\u0131 olmamak \u00e7ok \u00f6nemlidir. Bir ki\u015fiye veya bir k\u00fclt\u00fcre kar\u015f\u0131 \u00f6nyarg\u0131l\u0131 yakla\u015fmak, onlar\u0131 tan\u0131mam\u0131z\u0131 engeller ve dostluk kurmam\u0131z\u0131 zorla\u015ft\u0131r\u0131r. Bu y\u00fczden, insanlar\u0131 tan\u0131madan \u00f6nce onlara kar\u015f\u0131 tarafs\u0131z ve a\u00e7\u0131k fikirli olmal\u0131y\u0131z.<\/p>\n<p>3. Empati Kurmay\u0131 \u00d6\u011frenelim<\/p>\n<p>Empati, ba\u015fkalar\u0131n\u0131n duygular\u0131n\u0131 anlamaya ve kendimizi onlar\u0131n yerine koymaya dayanan \u00f6nemli bir yetenektir. Bir ba\u015fkas\u0131n\u0131n k\u00fclt\u00fcr\u00fcn\u00fc anlamak i\u00e7in empati kurmay\u0131 \u00f6\u011frenmek \u00f6nemlidir. Onlar\u0131n bak\u0131\u015f a\u00e7\u0131s\u0131n\u0131 g\u00f6rmeye \u00e7al\u0131\u015farak, farkl\u0131l\u0131klar\u0131 daha iyi anlayabilir ve sayg\u0131 duyabiliriz.<\/p>\n<p>4. Bilgi Edinmeye Merak Salal\u0131m<\/p>\n<p>Farkl\u0131 k\u00fclt\u00fcrler hakk\u0131nda bilgi edinmek, yeni \u015feyler \u00f6\u011frenmek i\u00e7in harika bir yoldur. Kitaplar, internet kaynaklar\u0131 veya seyahatler arac\u0131l\u0131\u011f\u0131yla farkl\u0131 k\u00fclt\u00fcrleri ke\u015ffedebiliriz. Bu \u015fekilde, d\u00fcnyay\u0131 daha geni\u015f bir perspektiften g\u00f6rebilir ve k\u00fclt\u00fcrel \u00e7e\u015fitlili\u011fi daha iyi anlayabiliriz.<\/p>\n<p>5. Etkile\u015fimde Bulunal\u0131m<\/p>\n<p>K\u00fclt\u00fcrel farkl\u0131l\u0131klara sayg\u0131 g\u00f6stermek i\u00e7in insanlarla etkile\u015fimde bulunmak \u00e7ok \u00f6nemlidir. Farkl\u0131 k\u00fclt\u00fcrlerden gelen insanlarla konu\u015fmak, onlar\u0131n geleneklerini ve ya\u015fam tarzlar\u0131n\u0131 anlamam\u0131za yard\u0131mc\u0131 olur. Ayn\u0131 zamanda, kendi k\u00fclt\u00fcr\u00fcm\u00fcz\u00fc de payla\u015farak kar\u015f\u0131l\u0131kl\u0131 \u00f6\u011frenme ortam\u0131 yaratabiliriz.<\/p>\n<p>6. Ho\u015fg\u00f6r\u00fcl\u00fc Olal\u0131m<\/p>\n<p>Yerel, milli ve evrensel d\u00fczeyde k\u00fclt\u00fcrel farkl\u0131l\u0131klara sayg\u0131 g\u00f6stermek, ho\u015fg\u00f6r\u00fcl\u00fc olmay\u0131 gerektirir. Farkl\u0131 inan\u00e7lara, d\u00fc\u015f\u00fcncelere ve ya\u015fam tarzlar\u0131na sayg\u0131 duymak \u00f6nemlidir. Ho\u015fg\u00f6r\u00fcl\u00fc olmak, birlikte ya\u015fama k\u00fclt\u00fcr\u00fcn\u00fc benimsemek ve herkesin e\u015fit de\u011ferde oldu\u011funu kabul etmek demektir.<\/p>\n<p>Sonu\u00e7 olarak, yerel, milli ve evrensel d\u00fczeyde k\u00fclt\u00fcrel farkl\u0131l\u0131klara sayg\u0131 g\u00f6stermek, bar\u0131\u015f i\u00e7inde bir arada ya\u015faman\u0131n temelidir. \u00d6nyarg\u0131lardan ka\u00e7\u0131narak, empati kurarak ve bilgi edinerek farkl\u0131l\u0131klar\u0131 anlamaya \u00e7al\u0131\u015fal\u0131m. Bu \u015fekilde, daha ho\u015fg\u00f6r\u00fcl\u00fc ve anlay\u0131\u015fl\u0131 bireyler olabiliriz. Unutmayal\u0131m ki, k\u00fclt\u00fcrel \u00e7e\u015fitlilik d\u00fcnyam\u0131z\u0131n en b\u00fcy\u00fck z<\/p>\n<p><\/body><\/html><\/p>\n","protected":false},"excerpt":{"rendered":"<p>Yerel, Milli ve Evrensel D\u00fczeyde K\u00fclt\u00fcrel Farkl\u0131l\u0131klara Sayg\u0131 Merhaba gen\u00e7 \u00f6\u011frenciler! Bug\u00fcn sizlere Yerel, Milli ve Evrensel D\u00fczeyde K\u00fclt\u00fcrel Farkl\u0131l\u0131klara<\/p>\n","protected":false},"author":1,"featured_media":2538,"comment_status":"open","ping_status":"open","sticky":false,"template":"","format":"standard","meta":{"colormag_page_container_layout":"default_layout","colormag_page_sidebar_layout":"default_layout","footnotes":""},"categories":[15],"tags":[],"class_list":["post-2545","post","type-post","status-publish","format-standard","has-post-thumbnail","hentry","category-sosyal-bilimler-dersleri"],"_links":{"self":[{"href":"https:\/\/www.sorumatix.com\/blog\/wp-json\/wp\/v2\/posts\/2545","targetHints":{"allow":["GET"]}}],"collection":[{"href":"https:\/\/www.sorumatix.com\/blog\/wp-json\/wp\/v2\/posts"}],"about":[{"href":"https:\/\/www.sorumatix.com\/blog\/wp-json\/wp\/v2\/types\/post"}],"author":[{"embeddable":true,"href":"https:\/\/www.sorumatix.com\/blog\/wp-json\/wp\/v2\/users\/1"}],"replies":[{"embeddable":true,"href":"https:\/\/www.sorumatix.com\/blog\/wp-json\/wp\/v2\/comments?post=2545"}],"version-history":[{"count":0,"href":"https:\/\/www.sorumatix.com\/blog\/wp-json\/wp\/v2\/posts\/2545\/revisions"}],"wp:featuredmedia":[{"embeddable":true,"href":"https:\/\/www.sorumatix.com\/blog\/wp-json\/wp\/v2\/media\/2538"}],"wp:attachment":[{"href":"https:\/\/www.sorumatix.com\/blog\/wp-json\/wp\/v2\/media?parent=2545"}],"wp:term":[{"taxonomy":"category","embeddable":true,"href":"https:\/\/www.sorumatix.com\/blog\/wp-json\/wp\/v2\/categories?post=2545"},{"taxonomy":"post_tag","embeddable":true,"href":"https:\/\/www.sorumatix.com\/blog\/wp-json\/wp\/v2\/tags?post=2545"}],"curies":[{"name":"wp","href":"https:\/\/api.w.org\/{rel}","templated":true}]}}