{"id":2548,"date":"2023-09-26T02:58:44","date_gmt":"2023-09-26T02:58:44","guid":{"rendered":"https:\/\/www.sorumatix.com\/blog\/?p=2548"},"modified":"2023-09-26T02:58:44","modified_gmt":"2023-09-26T02:58:44","slug":"insan-hak-ve-ozgurluklerin-toplumsal-yasamla-iliskisi","status":"publish","type":"post","link":"https:\/\/www.sorumatix.com\/blog\/insan-hak-ve-ozgurluklerin-toplumsal-yasamla-iliskisi.html","title":{"rendered":"\u0130nsan hak ve \u00f6zg\u00fcrl\u00fcklerin toplumsal ya\u015famla ili\u015fkisi"},"content":{"rendered":"<p><center><iframe loading=\"lazy\" width=\"560\" height=\"315\" src=\"https:\/\/www.youtube.com\/embed\/AuowYpuBn4Y\" title=\"YouTube video player\" frameborder=\"0\" allow=\"accelerometer; autoplay; clipboard-write; encrypted-media; gyroscope; picture-in-picture; web-share\" allowfullscreen><\/iframe><\/center><html><head><\/head><body><\/p>\n<p>\u0130nsan Hak ve \u00d6zg\u00fcrl\u00fcklerinin Toplumsal Ya\u015famla \u0130li\u015fkisi<\/p>\n<p>Merhaba! Bug\u00fcn sizlere insan haklar\u0131 ve \u00f6zg\u00fcrl\u00fckleri konusunda toplumsal ya\u015famla olan ili\u015fkisinden bahsedece\u011fim. Bu konu, hayat\u0131m\u0131z\u0131n her alan\u0131nda kar\u015f\u0131m\u0131za \u00e7\u0131kan \u00f6nemli bir konudur. \u0130nsan haklar\u0131 ve \u00f6zg\u00fcrl\u00fckleri, her bireyin do\u011fu\u015ftan sahip oldu\u011fu temel haklard\u0131r ve toplumun d\u00fczenli ve adil bir \u015fekilde i\u015flemesini sa\u011flar.<\/p>\n<p>1. \u0130nsan Haklar\u0131 Nedir?<\/p>\n<p>\u0130nsan haklar\u0131, her insan\u0131n sahip oldu\u011fu temel haklar ve \u00f6zg\u00fcrl\u00fcklerdir. Bu haklar, ki\u015finin ya\u015fama hakk\u0131, \u00f6zg\u00fcrl\u00fck, g\u00fcvenlik, adalet, e\u015fitlik gibi temel de\u011ferleri i\u00e7erir. \u0130nsan haklar\u0131 evrensel olup, \u0131rk, cinsiyet, din veya sosyal stat\u00fc gibi ayr\u0131mc\u0131l\u0131k g\u00f6zetmeksizin t\u00fcm insanlara e\u015fit \u015fekilde tan\u0131nmal\u0131d\u0131r.<\/p>\n<p>2. Toplumsal Ya\u015fam\u0131n \u0130n\u015fas\u0131nda \u0130nsan Haklar\u0131<\/p>\n<p>Toplumsal ya\u015fam\u0131n in\u015fas\u0131, insan haklar\u0131na sayg\u0131 g\u00f6stermeyle ba\u015flar. Her birey, toplum i\u00e7inde onurlu bir \u015fekilde ya\u015fama hakk\u0131na sahiptir. \u0130nsan haklar\u0131, bireylerin e\u015fitlik, adalet, \u00f6zg\u00fcrl\u00fck ve g\u00fcvenlik gibi de\u011ferlere dayanarak bir arada ya\u015famas\u0131n\u0131 sa\u011flar.<\/p>\n<p>3. \u0130nsan Haklar\u0131 ve E\u015fitlik<\/p>\n<p>\u0130nsan haklar\u0131, her bireyin e\u015fit de\u011ferde oldu\u011funu kabul eder. Hi\u00e7bir ayr\u0131mc\u0131l\u0131k yap\u0131lmaks\u0131z\u0131n herkesin insan haklar\u0131ndan yararlanmas\u0131 sa\u011flanmal\u0131d\u0131r. Cinsiyet, \u0131rk, din veya sosyal stat\u00fc gibi fakt\u00f6rler, insan haklar\u0131na sayg\u0131n\u0131n \u00f6n\u00fcnde engel te\u015fkil etmemelidir.<\/p>\n<p><center><img decoding=\"async\" src=\"https:\/\/www.sorumatix.com\/blog\/wp-content\/uploads\/2023\/09\/uploaded-image-insan-hak-ve-ozgurluklerin-toplumsal-yasamla-iliskisi-1693904974775.jpg\" title=\"\u0130nsan hak ve \u00f6zg\u00fcrl\u00fcklerin toplumsal ya\u015famla ili\u015fkisi \" alt=\"\u0130nsan hak ve \u00f6zg\u00fcrl\u00fcklerin toplumsal ya\u015famla ili\u015fkisi \"><\/center><\/p>\n<p>4. \u0130nsan Haklar\u0131 ve \u00d6zg\u00fcrl\u00fckler<\/p>\n<p>\u0130nsan haklar\u0131, bireylerin \u00f6zg\u00fcrce d\u00fc\u015f\u00fcnme, ifade etme, inanma, seyahat etme ve toplanma gibi temel \u00f6zg\u00fcrl\u00fcklerini korur. Bu \u00f6zg\u00fcrl\u00fckler, demokratik bir toplumun temel ta\u015flar\u0131d\u0131r ve her bireyin kat\u0131l\u0131m\u0131n\u0131 te\u015fvik eder.<\/p>\n<p><center><img decoding=\"async\" src=\"https:\/\/www.sorumatix.com\/blog\/wp-content\/uploads\/2023\/09\/uploaded-image-insan-hak-ve-ozgurluklerin-toplumsal-yasamla-iliskisi-1693904975063.png\" title=\"\u0130nsan hak ve \u00f6zg\u00fcrl\u00fcklerin toplumsal ya\u015famla ili\u015fkisi \" alt=\"\u0130nsan hak ve \u00f6zg\u00fcrl\u00fcklerin toplumsal ya\u015famla ili\u015fkisi \"><\/center><\/p>\n<p>5. \u0130nsan Haklar\u0131 ve Toplumsal Adalet<\/p>\n<p>Toplumsal adalet, insan haklar\u0131n\u0131n etkin bir \u015fekilde uygulanmas\u0131n\u0131 gerektirir. Her bireyin e\u015fit f\u0131rsatlara sahip olmas\u0131 ve haks\u0131zl\u0131kla m\u00fccadele etmesi i\u00e7in adil bir sistem sa\u011flanmal\u0131d\u0131r. \u0130nsan haklar\u0131, toplumsal adaletin temelini olu\u015fturur.<\/p>\n<p>Sonu\u00e7 olarak, insan haklar\u0131 ve \u00f6zg\u00fcrl\u00fckleri, toplumsal ya\u015fam\u0131n temel de\u011ferleridir. Bu hak ve \u00f6zg\u00fcrl\u00fcklerin korunmas\u0131 ve uygulanmas\u0131, demokratik bir toplumun temelini olu\u015fturur. Her birey, bu haklara sahip olmal\u0131 ve toplumsal ya\u015fam\u0131n her alan\u0131nda e\u015fitlik, adalet ve \u00f6zg\u00fcrl\u00fck ilkesine uygun \u015fekilde hareket etmelidir. \u0130nsan haklar\u0131na sayg\u0131l\u0131 bir toplum in\u015fa ederek daha adil, g\u00fcvenli ve mutlu bir gelecek yaratmam\u0131z m\u00fcmk\u00fcnd\u00fcr.<\/p>\n<p>Bu konuda fark\u0131ndal\u0131k yaratmak ve insan haklar\u0131na olan de\u011feri vurgulamak \u00e7ok \u00f6nemlidir. Unutmay\u0131n, her bireyin haklar\u0131 ve \u00f6zg\u00fcrl\u00fckleri i\u00e7in m\u00fccadele etmek hepimizin sorumlulu\u011fudur.<\/p>\n<p><\/body><\/html><\/p>\n","protected":false},"excerpt":{"rendered":"<p>\u0130nsan Hak ve \u00d6zg\u00fcrl\u00fcklerinin Toplumsal Ya\u015famla \u0130li\u015fkisi Merhaba! Bug\u00fcn sizlere insan haklar\u0131 ve \u00f6zg\u00fcrl\u00fckleri konusunda toplumsal ya\u015famla olan ili\u015fkisinden bahsedece\u011fim.<\/p>\n","protected":false},"author":1,"featured_media":2540,"comment_status":"open","ping_status":"open","sticky":false,"template":"","format":"standard","meta":{"colormag_page_container_layout":"default_layout","colormag_page_sidebar_layout":"default_layout","footnotes":""},"categories":[15],"tags":[],"class_list":["post-2548","post","type-post","status-publish","format-standard","has-post-thumbnail","hentry","category-sosyal-bilimler-dersleri"],"_links":{"self":[{"href":"https:\/\/www.sorumatix.com\/blog\/wp-json\/wp\/v2\/posts\/2548","targetHints":{"allow":["GET"]}}],"collection":[{"href":"https:\/\/www.sorumatix.com\/blog\/wp-json\/wp\/v2\/posts"}],"about":[{"href":"https:\/\/www.sorumatix.com\/blog\/wp-json\/wp\/v2\/types\/post"}],"author":[{"embeddable":true,"href":"https:\/\/www.sorumatix.com\/blog\/wp-json\/wp\/v2\/users\/1"}],"replies":[{"embeddable":true,"href":"https:\/\/www.sorumatix.com\/blog\/wp-json\/wp\/v2\/comments?post=2548"}],"version-history":[{"count":0,"href":"https:\/\/www.sorumatix.com\/blog\/wp-json\/wp\/v2\/posts\/2548\/revisions"}],"wp:featuredmedia":[{"embeddable":true,"href":"https:\/\/www.sorumatix.com\/blog\/wp-json\/wp\/v2\/media\/2540"}],"wp:attachment":[{"href":"https:\/\/www.sorumatix.com\/blog\/wp-json\/wp\/v2\/media?parent=2548"}],"wp:term":[{"taxonomy":"category","embeddable":true,"href":"https:\/\/www.sorumatix.com\/blog\/wp-json\/wp\/v2\/categories?post=2548"},{"taxonomy":"post_tag","embeddable":true,"href":"https:\/\/www.sorumatix.com\/blog\/wp-json\/wp\/v2\/tags?post=2548"}],"curies":[{"name":"wp","href":"https:\/\/api.w.org\/{rel}","templated":true}]}}