{"id":2561,"date":"2023-10-06T10:53:44","date_gmt":"2023-10-06T10:53:44","guid":{"rendered":"https:\/\/www.sorumatix.com\/blog\/?p=2561"},"modified":"2023-10-06T10:53:44","modified_gmt":"2023-10-06T10:53:44","slug":"dogal-cevrenin-korunmasi-konusunda-yapilan-calismalar","status":"publish","type":"post","link":"https:\/\/www.sorumatix.com\/blog\/dogal-cevrenin-korunmasi-konusunda-yapilan-calismalar.html","title":{"rendered":"Do\u011fal \u00e7evrenin korunmas\u0131 konusunda yap\u0131lan \u00e7al\u0131\u015fmalar"},"content":{"rendered":"<p><center><iframe loading=\"lazy\" width=\"560\" height=\"315\" src=\"https:\/\/www.youtube.com\/embed\/-UfvgBtqy2c\" title=\"YouTube video player\" frameborder=\"0\" allow=\"accelerometer; autoplay; clipboard-write; encrypted-media; gyroscope; picture-in-picture; web-share\" allowfullscreen><\/iframe><\/center><html><head><\/head><body><\/p>\n<p>Do\u011fal \u00c7evrenin Korunmas\u0131 Konusunda Yap\u0131lan \u00c7al\u0131\u015fmalar<\/p>\n<p>Merhaba! Bu makalede do\u011fal \u00e7evrenin korunmas\u0131 konusundaki \u00e7al\u0131\u015fmalara de\u011finece\u011fiz. \u00d6zellikle 10-13 ya\u015f aral\u0131\u011f\u0131ndaki \u00f6\u011frencilere y\u00f6nelik olarak haz\u0131rlad\u0131\u011f\u0131m\u0131z bu yaz\u0131da, sade ve anla\u015f\u0131l\u0131r bir dil kullanarak sizlere bu \u00f6nemli konuyu aktaraca\u011f\u0131z.<\/p>\n<p>1. Ormanlar\u0131n Korunmas\u0131:<\/p>\n<p>Ormanlar, d\u00fcnyam\u0131z\u0131n akci\u011ferleri olarak adland\u0131r\u0131labilir. Do\u011fal ya\u015fam\u0131n devam etmesi i\u00e7in ormanlar\u0131n korunmas\u0131na b\u00fcy\u00fck \u00f6nem verilmektedir. Orman yang\u0131nlar\u0131na kar\u015f\u0131 g\u00f6sterilen hassasiyet, a\u011fa\u00e7 dikme kampanyalar\u0131 ve ormanc\u0131l\u0131k projeleri gibi \u00e7al\u0131\u015fmalarla ormanlar korunmaya \u00e7al\u0131\u015f\u0131lmaktad\u0131r.<\/p>\n<p>2. Su Kaynaklar\u0131n\u0131n Korumas\u0131:<\/p>\n<p>Su, hayat\u0131n temel kayna\u011f\u0131d\u0131r ve do\u011fal ekosistemlerin s\u00fcrd\u00fcr\u00fclebilirli\u011fi i\u00e7in \u00e7ok \u00f6nemlidir. Su kaynaklar\u0131n\u0131n korunmas\u0131 i\u00e7in at\u0131k suyun ar\u0131t\u0131lmas\u0131, su tasarrufu bilincinin olu\u015fturulmas\u0131 ve kirlilikle m\u00fccadele gibi \u00e7al\u0131\u015fmalar y\u00fcr\u00fct\u00fclmektedir.<\/p>\n<p>3. Biyolojik \u00c7e\u015fitlili\u011fin Desteklenmesi:<\/p>\n<p>Do\u011fada bulunan t\u00fcm canl\u0131 t\u00fcrlerine biyolojik \u00e7e\u015fitlilik denir. Biyolojik \u00e7e\u015fitlilik, ekosistemlerin dengeli bir \u015fekilde i\u015flemesini sa\u011flar. Koruma alt\u0131na al\u0131nan do\u011fal alanlar\u0131n geni\u015fletilmesi ve tehdit alt\u0131ndaki t\u00fcrlerin korunmas\u0131 amac\u0131yla yap\u0131lan projeler, biyolojik \u00e7e\u015fitlili\u011fin desteklenmesine yard\u0131mc\u0131 olmaktad\u0131r.<\/p>\n<p>4. Do\u011fal Kaynaklar\u0131n S\u00fcrd\u00fcr\u00fclebilir Kullan\u0131m\u0131:<\/p>\n<p><center><img decoding=\"async\" src=\"https:\/\/www.sorumatix.com\/blog\/wp-content\/uploads\/2023\/09\/uploaded-image-dogal-cevrenin-korunmasi-konusunda-yapilan-calismalar-1693904975747.jpg\" title=\"Do\u011fal \u00e7evrenin korunmas\u0131 konusunda yap\u0131lan \u00e7al\u0131\u015fmalar \" alt=\"Do\u011fal \u00e7evrenin korunmas\u0131 konusunda yap\u0131lan \u00e7al\u0131\u015fmalar \"><\/center><\/p>\n<p>Do\u011fal kaynaklar, enerji, g\u0131da, su gibi insanlar\u0131n ya\u015fam\u0131n\u0131 s\u00fcrd\u00fcrebilmek i\u00e7in kulland\u0131\u011f\u0131 kaynaklard\u0131r. Ancak bu kaynaklar s\u0131n\u0131rl\u0131d\u0131r ve do\u011fru bir \u015fekilde y\u00f6netilmelidir. S\u00fcrd\u00fcr\u00fclebilir tar\u0131m uygulamalar\u0131, yenilenebilir enerji kullan\u0131m\u0131 ve geri d\u00f6n\u00fc\u015f\u00fcm \u00e7al\u0131\u015fmalar\u0131 gibi y\u00f6ntemlerle do\u011fal kaynaklar\u0131n s\u00fcrd\u00fcr\u00fclebilir kullan\u0131m\u0131 hedeflenmektedir.<\/p>\n<p>5. \u00c7evre E\u011fitimi ve Bilin\u00e7lendirme:<\/p>\n<p>Do\u011fal \u00e7evrenin korunmas\u0131 konusunda en etkili y\u00f6ntemlerden biri de \u00e7evre e\u011fitimi ve bilin\u00e7lendirmedir. Okullarda ve toplumda \u00e7evre bilincinin olu\u015fturulmas\u0131 i\u00e7in \u00e7al\u0131\u015fmalar yap\u0131l\u0131r. E\u011flenceli etkinlikler, seminerler ve kampanyalar arac\u0131l\u0131\u011f\u0131yla insanlar\u0131n \u00e7evre konusunda fark\u0131ndal\u0131klar\u0131n\u0131n art\u0131r\u0131lmas\u0131 hedeflenir.<\/p>\n<p>Sonu\u00e7 olarak, do\u011fal \u00e7evrenin korunmas\u0131 b\u00fcy\u00fck \u00f6nem ta\u015f\u0131maktad\u0131r. Bu konuda yap\u0131lan \u00e7al\u0131\u015fmalar, gelecek nesillere temiz bir \u00e7evre b\u0131rakabilmek ve do\u011fal dengenin s\u00fcrd\u00fcr\u00fclebilirli\u011fini sa\u011flamak amac\u0131yla ger\u00e7ekle\u015ftirilmektedir. Her bireyin \u00fczerine d\u00fc\u015fen g\u00f6revleri yerine getirerek do\u011fal \u00e7evrenin korunmas\u0131na katk\u0131da bulunabiliriz.<\/p>\n<p><center><img decoding=\"async\" src=\"https:\/\/www.sorumatix.com\/blog\/wp-content\/uploads\/2023\/09\/uploaded-image-dogal-cevrenin-korunmasi-konusunda-yapilan-calismalar-1693904976759.png\" title=\"Do\u011fal \u00e7evrenin korunmas\u0131 konusunda yap\u0131lan \u00e7al\u0131\u015fmalar \" alt=\"Do\u011fal \u00e7evrenin korunmas\u0131 konusunda yap\u0131lan \u00e7al\u0131\u015fmalar \"><\/center><\/p>\n<p>Umar\u0131z bu yaz\u0131, do\u011fal \u00e7evrenin korunmas\u0131 konusunda fark\u0131ndal\u0131\u011f\u0131n\u0131z\u0131 art\u0131rmaya yard\u0131mc\u0131 olmu\u015ftur. Unutmay\u0131n, k\u00fc\u00e7\u00fck ad\u0131mlarla bile b\u00fcy\u00fck de\u011fi\u015fiklikler yapabiliriz!<\/p>\n<p><\/body><\/html><\/p>\n","protected":false},"excerpt":{"rendered":"<p>Do\u011fal \u00c7evrenin Korunmas\u0131 Konusunda Yap\u0131lan \u00c7al\u0131\u015fmalar Merhaba! Bu makalede do\u011fal \u00e7evrenin korunmas\u0131 konusundaki \u00e7al\u0131\u015fmalara de\u011finece\u011fiz. \u00d6zellikle 10-13 ya\u015f aral\u0131\u011f\u0131ndaki \u00f6\u011frencilere<\/p>\n","protected":false},"author":1,"featured_media":2551,"comment_status":"open","ping_status":"open","sticky":false,"template":"","format":"standard","meta":{"colormag_page_container_layout":"default_layout","colormag_page_sidebar_layout":"default_layout","footnotes":""},"categories":[15],"tags":[],"class_list":["post-2561","post","type-post","status-publish","format-standard","has-post-thumbnail","hentry","category-sosyal-bilimler-dersleri"],"_links":{"self":[{"href":"https:\/\/www.sorumatix.com\/blog\/wp-json\/wp\/v2\/posts\/2561","targetHints":{"allow":["GET"]}}],"collection":[{"href":"https:\/\/www.sorumatix.com\/blog\/wp-json\/wp\/v2\/posts"}],"about":[{"href":"https:\/\/www.sorumatix.com\/blog\/wp-json\/wp\/v2\/types\/post"}],"author":[{"embeddable":true,"href":"https:\/\/www.sorumatix.com\/blog\/wp-json\/wp\/v2\/users\/1"}],"replies":[{"embeddable":true,"href":"https:\/\/www.sorumatix.com\/blog\/wp-json\/wp\/v2\/comments?post=2561"}],"version-history":[{"count":0,"href":"https:\/\/www.sorumatix.com\/blog\/wp-json\/wp\/v2\/posts\/2561\/revisions"}],"wp:featuredmedia":[{"embeddable":true,"href":"https:\/\/www.sorumatix.com\/blog\/wp-json\/wp\/v2\/media\/2551"}],"wp:attachment":[{"href":"https:\/\/www.sorumatix.com\/blog\/wp-json\/wp\/v2\/media?parent=2561"}],"wp:term":[{"taxonomy":"category","embeddable":true,"href":"https:\/\/www.sorumatix.com\/blog\/wp-json\/wp\/v2\/categories?post=2561"},{"taxonomy":"post_tag","embeddable":true,"href":"https:\/\/www.sorumatix.com\/blog\/wp-json\/wp\/v2\/tags?post=2561"}],"curies":[{"name":"wp","href":"https:\/\/api.w.org\/{rel}","templated":true}]}}