{"id":2563,"date":"2023-09-11T15:53:44","date_gmt":"2023-09-11T15:53:44","guid":{"rendered":"https:\/\/www.sorumatix.com\/blog\/?p=2563"},"modified":"2023-09-12T11:30:36","modified_gmt":"2023-09-12T11:30:36","slug":"demokratik-vatandaslik-bilincine-sahip-olmanin-demokratik-surecin-isleyisine-katkisi","status":"publish","type":"post","link":"https:\/\/www.sorumatix.com\/blog\/demokratik-vatandaslik-bilincine-sahip-olmanin-demokratik-surecin-isleyisine-katkisi.html","title":{"rendered":"Demokratik vatanda\u015fl\u0131k bilincine sahip olman\u0131n demokratik s\u00fcrecin i\u015fleyi\u015fine katk\u0131s\u0131"},"content":{"rendered":"<p><center><iframe loading=\"lazy\" width=\"560\" height=\"315\" src=\"https:\/\/www.youtube.com\/embed\/4XWaRgreZDQ\" title=\"YouTube video player\" frameborder=\"0\" allow=\"accelerometer; autoplay; clipboard-write; encrypted-media; gyroscope; picture-in-picture; web-share\" allowfullscreen><\/iframe><\/center><html><head><\/head><body><\/p>\n<p>Demokratik Vatanda\u015fl\u0131k Bilincine Sahip Olman\u0131n Demokratik S\u00fcrecin \u0130\u015fleyi\u015fine Katk\u0131s\u0131<\/p>\n<p>Merhaba! Bu makalede, demokratik vatanda\u015fl\u0131k bilincinin 10-13 ya\u015f aral\u0131\u011f\u0131ndaki \u00e7ocuklar i\u00e7in neden \u00f6nemli oldu\u011funu ve demokratik s\u00fcre\u00e7lere nas\u0131l katk\u0131 sa\u011flad\u0131\u011f\u0131n\u0131 ele alaca\u011f\u0131z. Demokratik vatanda\u015fl\u0131k bilinci, demokrasinin temel de\u011ferlerine sayg\u0131 g\u00f6sterme, toplumsal sorumluluk alma ve aktif bir \u015fekilde kat\u0131l\u0131m sa\u011flama anlam\u0131na gelir.<\/p>\n<p>1. Empati ve Fark\u0131ndal\u0131k:<\/p>\n<p>Demokrasi, insanlar\u0131n farkl\u0131 d\u00fc\u015f\u00fcnceleri, k\u00fclt\u00fcrleri ve ya\u015famlar\u0131yla bir arada var olmas\u0131n\u0131 sa\u011flar. Demokratik vatanda\u015fl\u0131k bilinci, ba\u015fkalar\u0131n\u0131n farkl\u0131l\u0131klar\u0131na anlay\u0131\u015fla yakla\u015fmay\u0131 \u00f6\u011fretir. Empati yetene\u011fi geli\u015fen bir birey, toplumdaki di\u011fer insanlar\u0131n haklar\u0131na ve ihtiya\u00e7lar\u0131na daha duyarl\u0131 olur. Bu da demokratik s\u00fcrecin temelini olu\u015fturan e\u015fitlik ve adalet kavramlar\u0131n\u0131 anlamalar\u0131na yard\u0131mc\u0131 olur.<\/p>\n<p>2. Kat\u0131l\u0131m ve Sorumluluk:<\/p>\n<p><center><img decoding=\"async\" src=\"https:\/\/www.sorumatix.com\/blog\/wp-content\/uploads\/2023\/09\/uploaded-image-demokratik-vatandaslik-bilincine-sahip-olmanin-demokratik-surecin-isleyisine-katkisi-1693904975653.jpg\" title=\"Demokratik vatanda\u015fl\u0131k bilincine sahip olman\u0131n demokratik s\u00fcrecin i\u015fleyi\u015fine katk\u0131s\u0131 \" alt=\"Demokratik vatanda\u015fl\u0131k bilincine sahip olman\u0131n demokratik s\u00fcrecin i\u015fleyi\u015fine katk\u0131s\u0131 \"><\/center><\/p>\n<p>Demokratik vatanda\u015fl\u0131k bilinci, gen\u00e7lerin toplumun bir par\u00e7as\u0131 olduklar\u0131n\u0131 ve karar s\u00fcre\u00e7lerinde s\u00f6z sahibi olmalar\u0131 gerekti\u011fini kavramalar\u0131n\u0131 sa\u011flar. Topluma katk\u0131da bulunman\u0131n ve sorumluluk alman\u0131n \u00f6nemini \u00f6\u011frenirler. \u00d6rne\u011fin, okul toplant\u0131lar\u0131na aktif bir \u015fekilde kat\u0131larak fikirlerini payla\u015fabilir veya \u00e7evre temizli\u011fi gibi sosyal etkinliklere kat\u0131labilirler. Bu t\u00fcr deneyimler, demokratik s\u00fcrecin i\u015fleyi\u015fine do\u011frudan katk\u0131 sa\u011flar.<\/p>\n<p>3. Ele\u015ftirel D\u00fc\u015f\u00fcnme:<\/p>\n<p><center><img decoding=\"async\" src=\"https:\/\/www.sorumatix.com\/blog\/wp-content\/uploads\/2023\/09\/uploaded-image-demokratik-vatandaslik-bilincine-sahip-olmanin-demokratik-surecin-isleyisine-katkisi-1693904976523.png\" title=\"Demokratik vatanda\u015fl\u0131k bilincine sahip olman\u0131n demokratik s\u00fcrecin i\u015fleyi\u015fine katk\u0131s\u0131 \" alt=\"Demokratik vatanda\u015fl\u0131k bilincine sahip olman\u0131n demokratik s\u00fcrecin i\u015fleyi\u015fine katk\u0131s\u0131 \"><\/center><\/p>\n<p>Demokratik vatanda\u015fl\u0131k bilinci, gen\u00e7lerin ele\u015ftirel d\u00fc\u015f\u00fcnme becerilerini geli\u015ftirmelerine yard\u0131mc\u0131 olur. Bilgiye ula\u015fma ve analiz etme yetenekleri sayesinde, farkl\u0131 perspektiflerde d\u00fc\u015f\u00fcnmeyi \u00f6\u011frenirler. Bu da demokratik s\u00fcre\u00e7te daha iyi kararlar alabilmelerini sa\u011flar. Kendi fikirlerini ifade etme cesareti kazanan gen\u00e7ler, demokrasinin temel ta\u015flar\u0131 olan d\u00fc\u015f\u00fcnce \u00f6zg\u00fcrl\u00fc\u011f\u00fc ve ifade hakk\u0131n\u0131 daha iyi anlar.<\/p>\n<p>4. Aktif Vatanda\u015fl\u0131k:<\/p>\n<p>Demokratik vatanda\u015fl\u0131k bilinci, gen\u00e7 bireylerin demokratik s\u00fcrece aktif bir \u015fekilde dahil olmalar\u0131n\u0131 te\u015fvik eder. Se\u00e7imlere kat\u0131larak oy kullanma hakk\u0131n\u0131 kullanabilirler. Ayr\u0131ca, toplumsal konular hakk\u0131nda bilgi sahibi olarak kamuoyunu etkileyebilirler. Bunun yan\u0131 s\u0131ra, demokratik de\u011ferlere ve s\u00fcrece uygun hareket ederek, gelecekteki liderler olma potansiyelini de ta\u015f\u0131rlar.<\/p>\n<p>Demokratik vatanda\u015fl\u0131k bilincine sahip olman\u0131n demokratik s\u00fcrecin i\u015fleyi\u015fine katk\u0131s\u0131 olduk\u00e7a b\u00fcy\u00fck. Bu bilin\u00e7le yeti\u015fen gen\u00e7ler, toplumsal adaleti sa\u011flamak ve demokrasiyi g\u00fc\u00e7lendirmek i\u00e7in aktif bir rol oynarlar. Onlar\u0131 destekleyerek, demokratik de\u011ferleri benimseyen ve bunlar\u0131 uygulayan bir toplumun temellerini atm\u0131\u015f oluruz.<\/p>\n<p>Sonu\u00e7 olarak, 10-13 ya\u015f aral\u0131\u011f\u0131ndaki \u00e7ocuklar\u0131n demokratik vatanda\u015fl\u0131k bilincine sahip olmalar\u0131 \u00f6nemlidir. Empati, kat\u0131l\u0131m, ele\u015ftirel d\u00fc\u015f\u00fcnme ve aktif vatanda\u015fl\u0131k gibi becerileri geli\u015ftirmeleri,<\/p>\n<p><\/body><\/html><\/p>\n","protected":false},"excerpt":{"rendered":"<p>Demokratik Vatanda\u015fl\u0131k Bilincine Sahip Olman\u0131n Demokratik S\u00fcrecin \u0130\u015fleyi\u015fine Katk\u0131s\u0131 Merhaba! Bu makalede, demokratik vatanda\u015fl\u0131k bilincinin 10-13 ya\u015f aral\u0131\u011f\u0131ndaki \u00e7ocuklar i\u00e7in<\/p>\n","protected":false},"author":1,"featured_media":2550,"comment_status":"open","ping_status":"open","sticky":false,"template":"","format":"standard","meta":{"colormag_page_container_layout":"default_layout","colormag_page_sidebar_layout":"default_layout","footnotes":""},"categories":[15],"tags":[],"class_list":["post-2563","post","type-post","status-publish","format-standard","has-post-thumbnail","hentry","category-sosyal-bilimler-dersleri"],"_links":{"self":[{"href":"https:\/\/www.sorumatix.com\/blog\/wp-json\/wp\/v2\/posts\/2563","targetHints":{"allow":["GET"]}}],"collection":[{"href":"https:\/\/www.sorumatix.com\/blog\/wp-json\/wp\/v2\/posts"}],"about":[{"href":"https:\/\/www.sorumatix.com\/blog\/wp-json\/wp\/v2\/types\/post"}],"author":[{"embeddable":true,"href":"https:\/\/www.sorumatix.com\/blog\/wp-json\/wp\/v2\/users\/1"}],"replies":[{"embeddable":true,"href":"https:\/\/www.sorumatix.com\/blog\/wp-json\/wp\/v2\/comments?post=2563"}],"version-history":[{"count":1,"href":"https:\/\/www.sorumatix.com\/blog\/wp-json\/wp\/v2\/posts\/2563\/revisions"}],"predecessor-version":[{"id":3541,"href":"https:\/\/www.sorumatix.com\/blog\/wp-json\/wp\/v2\/posts\/2563\/revisions\/3541"}],"wp:featuredmedia":[{"embeddable":true,"href":"https:\/\/www.sorumatix.com\/blog\/wp-json\/wp\/v2\/media\/2550"}],"wp:attachment":[{"href":"https:\/\/www.sorumatix.com\/blog\/wp-json\/wp\/v2\/media?parent=2563"}],"wp:term":[{"taxonomy":"category","embeddable":true,"href":"https:\/\/www.sorumatix.com\/blog\/wp-json\/wp\/v2\/categories?post=2563"},{"taxonomy":"post_tag","embeddable":true,"href":"https:\/\/www.sorumatix.com\/blog\/wp-json\/wp\/v2\/tags?post=2563"}],"curies":[{"name":"wp","href":"https:\/\/api.w.org\/{rel}","templated":true}]}}