{"id":2564,"date":"2023-09-17T20:38:44","date_gmt":"2023-09-17T20:38:44","guid":{"rendered":"https:\/\/www.sorumatix.com\/blog\/?p=2564"},"modified":"2023-09-17T20:38:44","modified_gmt":"2023-09-17T20:38:44","slug":"insan-hak-ve-ozgurluklerinin-anlami-ve-ozellikleri","status":"publish","type":"post","link":"https:\/\/www.sorumatix.com\/blog\/insan-hak-ve-ozgurluklerinin-anlami-ve-ozellikleri.html","title":{"rendered":"\u0130nsan hak ve \u00f6zg\u00fcrl\u00fcklerinin anlam\u0131 ve \u00f6zellikleri"},"content":{"rendered":"<p><center><iframe loading=\"lazy\" width=\"560\" height=\"315\" src=\"https:\/\/www.youtube.com\/embed\/AuowYpuBn4Y\" title=\"YouTube video player\" frameborder=\"0\" allow=\"accelerometer; autoplay; clipboard-write; encrypted-media; gyroscope; picture-in-picture; web-share\" allowfullscreen><\/iframe><\/center><html><head><\/head><body><\/p>\n<p>\u0130nsan Hak ve \u00d6zg\u00fcrl\u00fcklerinin Anlam\u0131 ve \u00d6zellikleri<\/p>\n<p><center><img decoding=\"async\" src=\"https:\/\/www.sorumatix.com\/blog\/wp-content\/uploads\/2023\/09\/uploaded-image-insan-hak-ve-ozgurluklerinin-anlami-ve-ozellikleri-1693904976453.jpg\" title=\"\u0130nsan hak ve \u00f6zg\u00fcrl\u00fcklerinin anlam\u0131 ve \u00f6zellikleri \" alt=\"\u0130nsan hak ve \u00f6zg\u00fcrl\u00fcklerinin anlam\u0131 ve \u00f6zellikleri \"><\/center><\/p>\n<p>Merhaba! Bu yaz\u0131da, insan haklar\u0131 ve \u00f6zg\u00fcrl\u00fcklerini ele alaca\u011f\u0131z. Belki de daha \u00f6nce duymu\u015fsunuzdur, ancak ger\u00e7ekten ne anlama geldi\u011fini ve neden \u00f6nemli oldu\u011funu tam olarak bilmek isteyebilirsiniz. \u0130\u015fte bu konuyla ilgili baz\u0131 temel bilgiler:<\/p>\n<p>1. \u0130nsan Haklar\u0131 Nedir?<\/p>\n<p>\u0130nsan haklar\u0131, t\u00fcm insanlar\u0131n do\u011fu\u015ftan sahip oldu\u011fu temel haklar ve \u00f6zg\u00fcrl\u00fcklerdir. Bu haklar, herkesin e\u015fit ve onurlu bir \u015fekilde ya\u015famaya hakk\u0131 oldu\u011funu vurgular. \u0130nsan haklar\u0131 evrensel kabul g\u00f6rm\u00fc\u015f olup, t\u00fcm \u00fclkelerde ge\u00e7erlidir. \u0130nsan haklar\u0131, insan\u0131n ya\u015fam hakk\u0131, ifade \u00f6zg\u00fcrl\u00fc\u011f\u00fc, d\u00fc\u015f\u00fcnce \u00f6zg\u00fcrl\u00fc\u011f\u00fc, inan\u00e7 \u00f6zg\u00fcrl\u00fc\u011f\u00fc gibi \u00e7e\u015fitli alanlarda korunur.<\/p>\n<p><center><img decoding=\"async\" src=\"https:\/\/www.sorumatix.com\/blog\/wp-content\/uploads\/2023\/09\/uploaded-image-insan-hak-ve-ozgurluklerinin-anlami-ve-ozellikleri-1693904977014.jpg\" title=\"\u0130nsan hak ve \u00f6zg\u00fcrl\u00fcklerinin anlam\u0131 ve \u00f6zellikleri \" alt=\"\u0130nsan hak ve \u00f6zg\u00fcrl\u00fcklerinin anlam\u0131 ve \u00f6zellikleri \"><\/center><\/p>\n<p>2. \u0130nsan Haklar\u0131n\u0131n \u00d6zellikleri<\/p>\n<p>&#8211; Evrensellik: \u0130nsan haklar\u0131, t\u00fcm insanlar i\u00e7in ge\u00e7erlidir ve \u0131rk, cinsiyet, din veya sosyal stat\u00fc gibi farkl\u0131l\u0131klara bak\u0131lmaks\u0131z\u0131n herkesin hakk\u0131d\u0131r.<\/p>\n<p>&#8211; E\u015fitlik: \u0130nsan haklar\u0131, herkesin e\u015fit de\u011ferde oldu\u011funu ve ayr\u0131mc\u0131l\u0131\u011fa u\u011framamas\u0131 gerekti\u011fini vurgular.<\/p>\n<p>&#8211; Dokunulmazl\u0131k: \u0130nsan haklar\u0131, devletlerin veya di\u011fer bireylerin ihlal etme yetkisine sahip olmad\u0131\u011f\u0131 temel haklard\u0131r.<\/p>\n<p>&#8211; Ba\u011f\u0131ms\u0131zl\u0131k: \u0130nsan haklar\u0131, herhangi bir politik, ekonomik veya sosyal g\u00fcc\u00fcn kontrol\u00fc alt\u0131nda olmamal\u0131d\u0131r.<\/p>\n<p>3. \u0130nsan Haklar\u0131n\u0131n \u00d6nemi<\/p>\n<p>\u0130nsan haklar\u0131, insan onurunun korunmas\u0131n\u0131 sa\u011flar ve adil bir toplumun temelini olu\u015fturur. \u0130nsan haklar\u0131na sayg\u0131 g\u00f6steren bir toplumda, insanlar \u00f6zg\u00fcrce ifade edebilir, inan\u00e7lar\u0131n\u0131 serbest\u00e7e ya\u015fayabilir ve demokratik s\u00fcre\u00e7lere kat\u0131labilir. \u0130nsan haklar\u0131, zul\u00fcm, i\u015fkence, k\u00f6lelik gibi insanl\u0131k d\u0131\u015f\u0131 uygulamalar\u0131n engellenmesinde de b\u00fcy\u00fck rol oynar.<\/p>\n<p>4. \u0130nsan Haklar\u0131 Evrensel Beyannamesi<\/p>\n<p>1948 y\u0131l\u0131nda Birle\u015fmi\u015f Milletler taraf\u0131ndan kabul edilen \u0130nsan Haklar\u0131 Evrensel Beyannamesi, insan haklar\u0131n\u0131n evrensel standartlar\u0131n\u0131 belirler. Bu beyanname, t\u00fcm \u00fclkelerin insan haklar\u0131na sayg\u0131 g\u00f6stermesini ve korumas\u0131n\u0131 talep eder.<\/p>\n<p>5. \u0130nsan Haklar\u0131 ve Sen<\/p>\n<p>Belki de \u015fu anda ortaokul \u00e7a\u011f\u0131nda oldu\u011fun i\u00e7in insan haklar\u0131na ili\u015fkin baz\u0131 konular\u0131 daha iyi anlamak istiyorsun. Unutma ki insan haklar\u0131 senin de hakk\u0131n! \u0130fade \u00f6zg\u00fcrl\u00fc\u011f\u00fcne sahip olmal\u0131, d\u00fc\u015f\u00fcncelerini ifade edebilmelisin. E\u011fitim hakk\u0131n oldu\u011fu gibi, \u015fiddetten korunma hakk\u0131n da vard\u0131r. Bu haklara sahip \u00e7\u0131kmak i\u00e7in ba\u015fkalar\u0131n\u0131n haklar\u0131na sayg\u0131 g\u00f6stermeyi \u00f6\u011frenmek \u00f6nemlidir.<\/p>\n<p>Sonu\u00e7 olarak, insan haklar\u0131 ve \u00f6zg\u00fcrl\u00fcklerinin anlam\u0131 ve \u00f6nemi olduk\u00e7a b\u00fcy\u00fckt\u00fcr. Bu haklar, herkesin do\u011fu\u015ftan sahip oldu\u011fu temel haklard\u0131r ve t\u00fcm insanlar i\u00e7in ge\u00e7erlidir. \u0130nsan haklar\u0131na sayg\u0131 g\u00f6steren bir toplumda, daha adil, e\u015fit ve \u00f6zg\u00fcr bir d\u00fcnya m\u00fcmk\u00fcnd\u00fcr.<\/p>\n<p><\/body><\/html><\/p>\n","protected":false},"excerpt":{"rendered":"<p>\u0130nsan Hak ve \u00d6zg\u00fcrl\u00fcklerinin Anlam\u0131 ve \u00d6zellikleri Merhaba! Bu yaz\u0131da, insan haklar\u0131 ve \u00f6zg\u00fcrl\u00fcklerini ele alaca\u011f\u0131z. Belki de daha \u00f6nce<\/p>\n","protected":false},"author":1,"featured_media":2555,"comment_status":"open","ping_status":"open","sticky":false,"template":"","format":"standard","meta":{"colormag_page_container_layout":"default_layout","colormag_page_sidebar_layout":"default_layout","footnotes":""},"categories":[15],"tags":[],"class_list":["post-2564","post","type-post","status-publish","format-standard","has-post-thumbnail","hentry","category-sosyal-bilimler-dersleri"],"_links":{"self":[{"href":"https:\/\/www.sorumatix.com\/blog\/wp-json\/wp\/v2\/posts\/2564","targetHints":{"allow":["GET"]}}],"collection":[{"href":"https:\/\/www.sorumatix.com\/blog\/wp-json\/wp\/v2\/posts"}],"about":[{"href":"https:\/\/www.sorumatix.com\/blog\/wp-json\/wp\/v2\/types\/post"}],"author":[{"embeddable":true,"href":"https:\/\/www.sorumatix.com\/blog\/wp-json\/wp\/v2\/users\/1"}],"replies":[{"embeddable":true,"href":"https:\/\/www.sorumatix.com\/blog\/wp-json\/wp\/v2\/comments?post=2564"}],"version-history":[{"count":0,"href":"https:\/\/www.sorumatix.com\/blog\/wp-json\/wp\/v2\/posts\/2564\/revisions"}],"wp:featuredmedia":[{"embeddable":true,"href":"https:\/\/www.sorumatix.com\/blog\/wp-json\/wp\/v2\/media\/2555"}],"wp:attachment":[{"href":"https:\/\/www.sorumatix.com\/blog\/wp-json\/wp\/v2\/media?parent=2564"}],"wp:term":[{"taxonomy":"category","embeddable":true,"href":"https:\/\/www.sorumatix.com\/blog\/wp-json\/wp\/v2\/categories?post=2564"},{"taxonomy":"post_tag","embeddable":true,"href":"https:\/\/www.sorumatix.com\/blog\/wp-json\/wp\/v2\/tags?post=2564"}],"curies":[{"name":"wp","href":"https:\/\/api.w.org\/{rel}","templated":true}]}}