{"id":2567,"date":"2023-10-10T14:03:44","date_gmt":"2023-10-10T14:03:44","guid":{"rendered":"https:\/\/www.sorumatix.com\/blog\/?p=2567"},"modified":"2023-10-10T14:03:44","modified_gmt":"2023-10-10T14:03:44","slug":"toplumsal-birlik-ve-beraberligin-saglanmasinda-ortak-degerlerin-onemi","status":"publish","type":"post","link":"https:\/\/www.sorumatix.com\/blog\/toplumsal-birlik-ve-beraberligin-saglanmasinda-ortak-degerlerin-onemi.html","title":{"rendered":"Toplumsal birlik ve beraberli\u011fin sa\u011flanmas\u0131nda ortak de\u011ferlerin \u00f6nemi"},"content":{"rendered":"<p><center><iframe loading=\"lazy\" width=\"560\" height=\"315\" src=\"https:\/\/www.youtube.com\/embed\/qh14Wg8d_2I\" title=\"YouTube video player\" frameborder=\"0\" allow=\"accelerometer; autoplay; clipboard-write; encrypted-media; gyroscope; picture-in-picture; web-share\" allowfullscreen><\/iframe><\/center><html><head><\/head><body><\/p>\n<p>Toplumsal Birlik ve Beraberli\u011fin Sa\u011flanmas\u0131nda Ortak De\u011ferlerin \u00d6nemi<\/p>\n<p>Toplumlar, farkl\u0131 bireylerin bir araya gelerek olu\u015fturduklar\u0131 karma\u015f\u0131k yap\u0131lar\u0131yla var olan ve geli\u015fen organizmalard\u0131r. Bu yap\u0131 i\u00e7erisinde toplumsal birlik ve beraberlik, sa\u011flam temellere dayanan ortak de\u011ferlerle m\u00fcmk\u00fcn k\u0131l\u0131n\u0131r. \u00d6zellikle 10-13 ya\u015f aral\u0131\u011f\u0131ndaki \u00e7ocuklar i\u00e7in bu de\u011ferlerin anlam\u0131n\u0131 kavramalar\u0131 ve \u00f6nemini kavramalar\u0131, gelece\u011fin daha ho\u015fg\u00f6r\u00fcl\u00fc ve uyumlu bir toplumunun in\u015fas\u0131nda b\u00fcy\u00fck bir rol oynar.<\/p>\n<p>1. Empati ve Sayg\u0131<\/p>\n<p><center><img decoding=\"async\" src=\"https:\/\/www.sorumatix.com\/blog\/wp-content\/uploads\/2023\/09\/uploaded-image-toplumsal-birlik-ve-beraberligin-saglanmasinda-ortak-degerlerin-onemi-1693905092793.jpg\" title=\"Toplumsal birlik ve beraberli\u011fin sa\u011flanmas\u0131nda ortak de\u011ferlerin \u00f6nemi \" alt=\"Toplumsal birlik ve beraberli\u011fin sa\u011flanmas\u0131nda ortak de\u011ferlerin \u00f6nemi \"><\/center><\/p>\n<p>Empati, ba\u015fkalar\u0131n\u0131n duygular\u0131n\u0131 anlayabilmek ve onlar\u0131 \u00f6nemseyebilmektir. \u00c7ocuklar\u0131m\u0131za empatiyi \u00f6\u011fretmek, onlar\u0131 di\u011fer insanlar\u0131n bak\u0131\u015f a\u00e7\u0131lar\u0131n\u0131 anlamaya te\u015fvik eder. Bu da sayg\u0131l\u0131 davranmalar\u0131n\u0131 sa\u011flar. Sayg\u0131, toplumun temel ta\u015flar\u0131ndan biridir ve farkl\u0131 k\u00fclt\u00fcrlerden, d\u00fc\u015f\u00fcncelerden ve g\u00f6r\u00fc\u015flerden insanlara sayg\u0131 g\u00f6stermek, toplumsal birlik ve beraberli\u011fi g\u00fc\u00e7lendirir.<\/p>\n<p>2. \u0130yi \u0130leti\u015fim<\/p>\n<p>\u0130yi ileti\u015fim kurmak, anla\u015fmazl\u0131klar\u0131 \u00e7\u00f6zmek ve ili\u015fkileri g\u00fc\u00e7lendirmek i\u00e7in hayati \u00f6neme sahiptir. \u00c7ocuklar\u0131m\u0131za etkili ileti\u015fim becerileri kazand\u0131rmak, duygular\u0131n\u0131 ifade edebilmelerini ve ba\u015fkalar\u0131n\u0131n fikirlerine sayg\u0131l\u0131 bir \u015fekilde dinleyebilmelerini sa\u011flar. Bu da toplumsal birlik ve beraberli\u011fi destekler.<\/p>\n<p>3. Yard\u0131mla\u015fma ve Dayan\u0131\u015fma<\/p>\n<p>Toplum i\u00e7inde yard\u0131mla\u015fma ve dayan\u0131\u015fma k\u00fclt\u00fcr\u00fcn\u00fcn geli\u015ftirilmesi, toplumsal birlik ve beraberli\u011fin temel ta\u015flar\u0131ndan biridir. \u00c7ocuklar\u0131m\u0131z\u0131n ba\u015fkalar\u0131na yard\u0131m etme al\u0131\u015fkanl\u0131\u011f\u0131 kazanmalar\u0131, kar\u015f\u0131l\u0131kl\u0131 sevgi ve g\u00fcven ba\u011flar\u0131n\u0131 g\u00fc\u00e7lendirir. K\u00fc\u00e7\u00fck ya\u015flardan itibaren \u00f6zg\u00fcrce yard\u0131mla\u015fma ortamlar\u0131 yaratmak, \u00e7ocuklar\u0131n empati kurmas\u0131n\u0131 ve insanl\u0131k de\u011ferlerine katk\u0131da bulunmalar\u0131n\u0131 te\u015fvik eder.<\/p>\n<p>4. Adalet ve E\u015fitlik<\/p>\n<p>Adalet duygusu, toplumun adil ve e\u015fitlik\u00e7i bir \u015fekilde i\u015flemesi i\u00e7in \u00f6nemlidir. \u00c7ocuklar\u0131m\u0131za adalet kavram\u0131n\u0131 anlatmak ve haks\u0131zl\u0131\u011fa kar\u015f\u0131 durmay\u0131 \u00f6\u011fretmek, onlar\u0131n toplumda do\u011fruyu savunan bireyler olmalar\u0131n\u0131 sa\u011flar. Herkesin e\u015fit haklara sahip oldu\u011fu bir toplumda yeti\u015fen \u00e7ocuklar, gelecekte daha adil bir d\u00fcnya in\u015fa etme potansiyeline sahiptir.<\/p>\n<p>5. \u00c7e\u015fitlilik ve Ho\u015fg\u00f6r\u00fc<\/p>\n<p>Toplumsal birlik ve beraberli\u011fin sa\u011flanmas\u0131nda \u00e7e\u015fitlili\u011fe ve ho\u015fg\u00f6r\u00fcye olan sayg\u0131 b\u00fcy\u00fck \u00f6nem ta\u015f\u0131r. Farkl\u0131 k\u00fclt\u00fcrlerden, dinlerden ve ya\u015fam tarzlar\u0131ndan gelen insanlar\u0131 anlamak ve kabul etmek, toplumun zenginle\u015fmesine katk\u0131da bulunur. \u00c7ocuklar\u0131m\u0131za ho\u015fg\u00f6r\u00fc de\u011ferini a\u015f\u0131lamak, onlar\u0131n farkl\u0131l\u0131klar\u0131 kucaklayan bir yakla\u015f\u0131m geli\u015ftirmelerini sa\u011flar.<\/p>\n<p><center><img decoding=\"async\" src=\"https:\/\/www.sorumatix.com\/blog\/wp-content\/uploads\/2023\/09\/uploaded-image-toplumsal-birlik-ve-beraberligin-saglanmasinda-ortak-degerlerin-onemi-1693905093149.jpg\" title=\"Toplumsal birlik ve beraberli\u011fin sa\u011flanmas\u0131nda ortak de\u011ferlerin \u00f6nemi \" alt=\"Toplumsal birlik ve beraberli\u011fin sa\u011flanmas\u0131nda ortak de\u011ferlerin \u00f6nemi \"><\/center><\/p>\n<p>Sonu\u00e7 olarak, toplumsal birlik ve beraberli\u011fin sa\u011flanmas\u0131nda ortak de\u011ferlerin rol\u00fc b\u00fcy\u00fckt\u00fcr. Empati, sayg\u0131, ileti\u015fim becerileri, yard\u0131mla\u015fma, adalet,<\/p>\n<p><\/body><\/html><\/p>\n","protected":false},"excerpt":{"rendered":"<p>Toplumsal Birlik ve Beraberli\u011fin Sa\u011flanmas\u0131nda Ortak De\u011ferlerin \u00d6nemi Toplumlar, farkl\u0131 bireylerin bir araya gelerek olu\u015fturduklar\u0131 karma\u015f\u0131k yap\u0131lar\u0131yla var olan ve<\/p>\n","protected":false},"author":1,"featured_media":2565,"comment_status":"open","ping_status":"open","sticky":false,"template":"","format":"standard","meta":{"colormag_page_container_layout":"default_layout","colormag_page_sidebar_layout":"default_layout","footnotes":""},"categories":[15],"tags":[],"class_list":["post-2567","post","type-post","status-publish","format-standard","has-post-thumbnail","hentry","category-sosyal-bilimler-dersleri"],"_links":{"self":[{"href":"https:\/\/www.sorumatix.com\/blog\/wp-json\/wp\/v2\/posts\/2567","targetHints":{"allow":["GET"]}}],"collection":[{"href":"https:\/\/www.sorumatix.com\/blog\/wp-json\/wp\/v2\/posts"}],"about":[{"href":"https:\/\/www.sorumatix.com\/blog\/wp-json\/wp\/v2\/types\/post"}],"author":[{"embeddable":true,"href":"https:\/\/www.sorumatix.com\/blog\/wp-json\/wp\/v2\/users\/1"}],"replies":[{"embeddable":true,"href":"https:\/\/www.sorumatix.com\/blog\/wp-json\/wp\/v2\/comments?post=2567"}],"version-history":[{"count":0,"href":"https:\/\/www.sorumatix.com\/blog\/wp-json\/wp\/v2\/posts\/2567\/revisions"}],"wp:featuredmedia":[{"embeddable":true,"href":"https:\/\/www.sorumatix.com\/blog\/wp-json\/wp\/v2\/media\/2565"}],"wp:attachment":[{"href":"https:\/\/www.sorumatix.com\/blog\/wp-json\/wp\/v2\/media?parent=2567"}],"wp:term":[{"taxonomy":"category","embeddable":true,"href":"https:\/\/www.sorumatix.com\/blog\/wp-json\/wp\/v2\/categories?post=2567"},{"taxonomy":"post_tag","embeddable":true,"href":"https:\/\/www.sorumatix.com\/blog\/wp-json\/wp\/v2\/tags?post=2567"}],"curies":[{"name":"wp","href":"https:\/\/api.w.org\/{rel}","templated":true}]}}