{"id":2630,"date":"2023-11-01T04:08:39","date_gmt":"2023-11-01T04:08:39","guid":{"rendered":"https:\/\/www.sorumatix.com\/blog\/?p=2630"},"modified":"2023-11-01T04:08:39","modified_gmt":"2023-11-01T04:08:39","slug":"hz-muhammedin-ornek-sahsiyeti","status":"publish","type":"post","link":"https:\/\/www.sorumatix.com\/blog\/hz-muhammedin-ornek-sahsiyeti.html","title":{"rendered":"Hz. Muhammed\u2019in \u00f6rnek \u015fahsiyeti"},"content":{"rendered":"<p><center><iframe loading=\"lazy\" width=\"560\" height=\"315\" src=\"https:\/\/www.youtube.com\/embed\/TQ7WcWbtjjI\" title=\"YouTube video player\" frameborder=\"0\" allow=\"accelerometer; autoplay; clipboard-write; encrypted-media; gyroscope; picture-in-picture; web-share\" allowfullscreen><\/iframe><\/center><html><head><\/head><body><\/p>\n<p>Hz. Muhammed\u2019in \u00d6rnek \u015eahsiyeti<\/p>\n<p><center><img decoding=\"async\" src=\"https:\/\/www.sorumatix.com\/blog\/wp-content\/uploads\/2023\/09\/uploaded-image-hz-muhammedin-ornek-sahsiyeti-1693913060054.jpg\" title=\"Hz. Muhammed\u2019in \u00f6rnek \u015fahsiyeti \" alt=\"Hz. Muhammed\u2019in \u00f6rnek \u015fahsiyeti \"><\/center><\/p>\n<p>Merhaba sevgili ortaokul \u00f6\u011frencisi! Bug\u00fcn sana, Hz. Muhammed&#8217;in \u00f6rnek \u015fahsiyetinden bahsedece\u011fim. Hz. Muhammed, \u0130slam peygamberidir ve insanlara ya\u015fam\u0131 boyunca \u00f6rnek olmu\u015ftur.<\/p>\n<p>1. \u0130ffet ve Do\u011fruluk:<\/p>\n<p>Hz. Muhammed, iffetli ve do\u011fru bir ya\u015fam s\u00fcrm\u00fc\u015ft\u00fcr. O, d\u00fcr\u00fcstl\u00fck, sadakat ve s\u00f6z\u00fcnde durma konular\u0131nda her zaman \u00f6rnek bir ki\u015filik g\u00f6stermi\u015ftir.<\/p>\n<p>2. Merhamet ve Yard\u0131mseverlik:<\/p>\n<p>Hz. Muhammed, merhametiyle tan\u0131nan bir insand\u0131. Fakirleri, yetimleri ve kimsesizleri koruma ve destekleme konusunda b\u00fcy\u00fck bir \u00f6zen g\u00f6sterirdi. Yard\u0131ma ihtiya\u00e7 duyan herkesin yan\u0131nda olurdu.<\/p>\n<p>3. Ho\u015fg\u00f6r\u00fc ve Adalet:<\/p>\n<p>Hz. Muhammed, ho\u015fg\u00f6r\u00fcl\u00fc ve adaletli bir liderdi. Farkl\u0131 dini inan\u00e7lara sahip olan insanlara kar\u015f\u0131 sayg\u0131l\u0131yd\u0131 ve onlar\u0131 ayr\u0131mc\u0131l\u0131\u011fa maruz b\u0131rakmad\u0131. Adaletin \u00f6nemini vurgulayarak toplumda adil davran\u0131lmas\u0131n\u0131 sa\u011flad\u0131.<\/p>\n<p>4. Sab\u0131r ve Tevazu:<\/p>\n<p>Hz. Muhammed, sab\u0131rl\u0131 bir insan olarak bilinir. Zorluklarla kar\u015f\u0131la\u015ft\u0131\u011f\u0131nda pes etmez, sab\u0131rla m\u00fccadele ederdi. Ayn\u0131 zamanda tevazu sahibi bir ya\u015fam s\u00fcrd\u00fc, kendini di\u011fer insanlardan \u00fcst\u00fcn g\u00f6rmezdi.<\/p>\n<p>5. E\u011fitim ve Bilgelik:<\/p>\n<p>Hz. Muhammed, e\u011fitimin \u00f6nemini vurgulayan bir liderdi. Bilgiye a\u00e7\u0131k olurdu ve \u00e7evresindeki insanlar\u0131 da e\u011fitim almaya te\u015fvik ederdi. Kendisi de bilge bir ki\u015fi olarak tan\u0131n\u0131r.<\/p>\n<p>Hz. Muhammed&#8217;in \u00f6rnek \u015fahsiyeti, t\u00fcm insanlara dersler \u00e7\u0131karabilecek bir ya\u015fam\u0131 temsil eder. Onun hayat\u0131ndan ilham alarak d\u00fcr\u00fcstl\u00fck, merhamet, adil davran\u0131\u015f, sab\u0131r ve bilgelik gibi de\u011ferleri geli\u015ftirebiliriz.<\/p>\n<p>Sonu\u00e7 olarak, Hz. Muhammed&#8217;in \u00f6rnek \u015fahsiyeti, her ya\u015ftan insan\u0131n takip edebilece\u011fi g\u00fczel bir \u00f6rnektir. Siz de onun hayat\u0131n\u0131 ara\u015ft\u0131rarak daha fazla bilgi edinebilir ve ya\u015fant\u0131n\u0131za uygulayabilirsiniz. Unutmay\u0131n, g\u00fczel bir insan olmak i\u00e7in her zaman \u00e7abalamal\u0131s\u0131n\u0131z.<\/p>\n<p><\/body><\/html><\/p>\n","protected":false},"excerpt":{"rendered":"<p>Hz. Muhammed\u2019in \u00d6rnek \u015eahsiyeti Merhaba sevgili ortaokul \u00f6\u011frencisi! Bug\u00fcn sana, Hz. Muhammed&#8217;in \u00f6rnek \u015fahsiyetinden bahsedece\u011fim. Hz. Muhammed, \u0130slam peygamberidir ve<\/p>\n","protected":false},"author":1,"featured_media":2629,"comment_status":"open","ping_status":"open","sticky":false,"template":"","format":"standard","meta":{"colormag_page_container_layout":"default_layout","colormag_page_sidebar_layout":"default_layout","footnotes":""},"categories":[15],"tags":[],"class_list":["post-2630","post","type-post","status-publish","format-standard","has-post-thumbnail","hentry","category-sosyal-bilimler-dersleri"],"_links":{"self":[{"href":"https:\/\/www.sorumatix.com\/blog\/wp-json\/wp\/v2\/posts\/2630","targetHints":{"allow":["GET"]}}],"collection":[{"href":"https:\/\/www.sorumatix.com\/blog\/wp-json\/wp\/v2\/posts"}],"about":[{"href":"https:\/\/www.sorumatix.com\/blog\/wp-json\/wp\/v2\/types\/post"}],"author":[{"embeddable":true,"href":"https:\/\/www.sorumatix.com\/blog\/wp-json\/wp\/v2\/users\/1"}],"replies":[{"embeddable":true,"href":"https:\/\/www.sorumatix.com\/blog\/wp-json\/wp\/v2\/comments?post=2630"}],"version-history":[{"count":0,"href":"https:\/\/www.sorumatix.com\/blog\/wp-json\/wp\/v2\/posts\/2630\/revisions"}],"wp:featuredmedia":[{"embeddable":true,"href":"https:\/\/www.sorumatix.com\/blog\/wp-json\/wp\/v2\/media\/2629"}],"wp:attachment":[{"href":"https:\/\/www.sorumatix.com\/blog\/wp-json\/wp\/v2\/media?parent=2630"}],"wp:term":[{"taxonomy":"category","embeddable":true,"href":"https:\/\/www.sorumatix.com\/blog\/wp-json\/wp\/v2\/categories?post=2630"},{"taxonomy":"post_tag","embeddable":true,"href":"https:\/\/www.sorumatix.com\/blog\/wp-json\/wp\/v2\/tags?post=2630"}],"curies":[{"name":"wp","href":"https:\/\/api.w.org\/{rel}","templated":true}]}}