{"id":2712,"date":"2023-10-01T14:08:39","date_gmt":"2023-10-01T14:08:39","guid":{"rendered":"https:\/\/www.sorumatix.com\/blog\/?p=2712"},"modified":"2023-10-01T14:08:39","modified_gmt":"2023-10-01T14:08:39","slug":"islam-dininin-cevre-sorunlarina-yaklasimi-ve-cozum-onerileri","status":"publish","type":"post","link":"https:\/\/www.sorumatix.com\/blog\/islam-dininin-cevre-sorunlarina-yaklasimi-ve-cozum-onerileri.html","title":{"rendered":"\u0130slam dininin \u00e7evre sorunlar\u0131na yakla\u015f\u0131m\u0131 ve \u00e7\u00f6z\u00fcm \u00f6nerileri"},"content":{"rendered":"<p><center><iframe loading=\"lazy\" width=\"560\" height=\"315\" src=\"https:\/\/www.youtube.com\/embed\/ZPmaC5vPJpA\" title=\"YouTube video player\" frameborder=\"0\" allow=\"accelerometer; autoplay; clipboard-write; encrypted-media; gyroscope; picture-in-picture; web-share\" allowfullscreen><\/iframe><\/center><html><head><\/head><body><\/p>\n<p>\u0130slam Dininin \u00c7evre Sorunlar\u0131na Yakla\u015f\u0131m\u0131 ve \u00c7\u00f6z\u00fcm \u00d6nerileri<\/p>\n<p>\u00c7evre sorunlar\u0131 g\u00fcn\u00fcm\u00fczde giderek artan bir endi\u015fe kayna\u011f\u0131 haline gelmi\u015ftir. Do\u011fal kaynaklar\u0131n t\u00fckenmesi, iklim de\u011fi\u015fiklikleri, su kirlili\u011fi gibi sorunlar insanl\u0131k i\u00e7in b\u00fcy\u00fck tehditler olu\u015ftururken, \u0130slam dininin \u00e7evre konusundaki yakla\u015f\u0131m\u0131 da \u00f6nemli bir rol oynamaktad\u0131r. \u0130slam dini, insanlar\u0131n do\u011fay\u0131 korumak, s\u00fcrd\u00fcr\u00fclebilirlik ve adil bir ya\u015fam i\u00e7in sorumluluk ta\u015f\u0131d\u0131\u011f\u0131na vurgu yapar. \u0130\u015fte \u0130slam dininin \u00e7evre sorunlar\u0131na yakla\u015f\u0131m\u0131 ve \u00e7\u00f6z\u00fcm \u00f6nerileri:<\/p>\n<p>1. Yarat\u0131l\u0131\u015f\u0131n Di\u011fer Varl\u0131klara Sayg\u0131y\u0131 Gerektirdi\u011fi:<\/p>\n<p>\u0130slam inanc\u0131na g\u00f6re Allah, t\u00fcm evreni yaratm\u0131\u015ft\u0131r ve insanlar bu evrende sadece bir varl\u0131k olarak yer al\u0131r. Bu nedenle insanlar, di\u011fer canl\u0131lara ve do\u011faya sayg\u0131 g\u00f6stermeli, onlar\u0131 korumal\u0131 ve s\u00fcrd\u00fcr\u00fclebilir bir \u015fekilde kullanmal\u0131d\u0131r.<\/p>\n<p>2. Adalet ve Denge Kavram\u0131:<\/p>\n<p>\u0130slam dini, adaletin sa\u011flanmas\u0131 ve dengeye dayal\u0131 bir ya\u015fam\u0131n te\u015fvik edilmesi gerekti\u011fini vurgular. Bir ki\u015fi veya toplum, \u00e7evreye zarar vererek veya do\u011fal kaynaklar\u0131 adaletsiz bir \u015fekilde kullanarak dengeyi bozmamal\u0131d\u0131r.<\/p>\n<p>3. \u0130sraf\u0131n Yasaklanmas\u0131:<\/p>\n<p><center><img decoding=\"async\" src=\"https:\/\/www.sorumatix.com\/blog\/wp-content\/uploads\/2023\/09\/uploaded-image-islam-dininin-cevre-sorunlarina-yaklasimi-ve-cozum-onerileri-1693913072786.jpg\" title=\"\u0130slam dininin \u00e7evre sorunlar\u0131na yakla\u015f\u0131m\u0131 ve \u00e7\u00f6z\u00fcm \u00f6nerileri \" alt=\"\u0130slam dininin \u00e7evre sorunlar\u0131na yakla\u015f\u0131m\u0131 ve \u00e7\u00f6z\u00fcm \u00f6nerileri \"><\/center><\/p>\n<p>Kur&#8217;an&#8217;da, israf\u0131n k\u00f6t\u00fc bir davran\u0131\u015f oldu\u011fu ve insanlar\u0131n mallar\u0131n\u0131 bo\u015fa harcamamas\u0131 gerekti\u011fi belirtilir. Bu, do\u011fal kaynaklar\u0131n ak\u0131ll\u0131ca kullan\u0131lmas\u0131n\u0131 ve enerji, su gibi kaynaklar\u0131n israf edilmemesini \u00f6nerir.<\/p>\n<p>4. Do\u011fan\u0131n \u0130\u015faretleri:<\/p>\n<p>\u0130slam dininde do\u011fa d\u00fcnyas\u0131, Allah&#8217;\u0131n varl\u0131\u011f\u0131n\u0131n ve kudretinin i\u015faretlerinden biri olarak kabul edilir. \u0130nsanlar do\u011fada g\u00f6rd\u00fckleri g\u00fczellikleri takdir etmeli ve bu g\u00fczelliklerin korunmas\u0131na katk\u0131da bulunmal\u0131d\u0131r.<\/p>\n<p>5. S\u00fcrd\u00fcr\u00fclebilirlik ve Geri D\u00f6n\u00fc\u015f\u00fcm:<\/p>\n<p>\u0130slam dininde s\u00fcrd\u00fcr\u00fclebilirlik \u00f6nemli bir kavramd\u0131r. \u0130nsanlar, t\u00fcketim al\u0131\u015fkanl\u0131klar\u0131n\u0131 g\u00f6zden ge\u00e7irmeli ve at\u0131k miktar\u0131n\u0131 azaltmak i\u00e7in geri d\u00f6n\u00fc\u015f\u00fcm ve yeniden kullan\u0131m gibi y\u00f6ntemlere ba\u015fvurmal\u0131d\u0131r.<\/p>\n<p>6. Toplumsal Sorumluluk:<\/p>\n<p>\u0130slam dinine g\u00f6re, \u00e7evre korumas\u0131 ve s\u00fcrd\u00fcr\u00fclebilirlik toplumsal bir sorumluluktur. \u0130nsanlar, toplumun refah\u0131n\u0131 ve gelece\u011fini d\u00fc\u015f\u00fcnerek \u00e7evre dostu politikalara destek vermeli ve \u00e7evre bilincini toplumun her kesimine yaymal\u0131d\u0131r.<\/p>\n<p>\u0130slam dininin \u00e7evre sorunlar\u0131na yakla\u015f\u0131m\u0131 ve \u00e7\u00f6z\u00fcm \u00f6nerileri, insanlar\u0131n do\u011fay\u0131 koruma, s\u00fcrd\u00fcr\u00fclebilirlik ve adil bir ya\u015fam i\u00e7in sorumluluk ta\u015f\u0131mas\u0131 gerekti\u011fini vurgular. \u0130nsanlar, \u0130slam&#8217;\u0131n \u00f6\u011fretileri do\u011frultusunda hareket ederek \u00e7evreye sayg\u0131l\u0131 olmal\u0131, kaynaklar\u0131 israf etmemeli ve do\u011fan\u0131n dengesini korumal\u0131d\u0131r. Ayr\u0131ca, geri d\u00f6n\u00fc\u015f\u00fcm gibi \u00e7evre dostu uygulamalar\u0131 benimsemeli ve toplumsal sorumluluk bilinciyle hareket etmelidir. Bu \u015fekilde, \u0130slam dininin \u00f6\u011fretilerini takip eden bireyler hem kendi hayatlar\u0131nda hem de toplumda \u00e7evre konusunda pozitif<\/p>\n<p><\/body><\/html><\/p>\n","protected":false},"excerpt":{"rendered":"<p>\u0130slam Dininin \u00c7evre Sorunlar\u0131na Yakla\u015f\u0131m\u0131 ve \u00c7\u00f6z\u00fcm \u00d6nerileri \u00c7evre sorunlar\u0131 g\u00fcn\u00fcm\u00fczde giderek artan bir endi\u015fe kayna\u011f\u0131 haline gelmi\u015ftir. Do\u011fal kaynaklar\u0131n<\/p>\n","protected":false},"author":1,"featured_media":2689,"comment_status":"open","ping_status":"open","sticky":false,"template":"","format":"standard","meta":{"colormag_page_container_layout":"default_layout","colormag_page_sidebar_layout":"default_layout","footnotes":""},"categories":[15],"tags":[],"class_list":["post-2712","post","type-post","status-publish","format-standard","has-post-thumbnail","hentry","category-sosyal-bilimler-dersleri"],"_links":{"self":[{"href":"https:\/\/www.sorumatix.com\/blog\/wp-json\/wp\/v2\/posts\/2712","targetHints":{"allow":["GET"]}}],"collection":[{"href":"https:\/\/www.sorumatix.com\/blog\/wp-json\/wp\/v2\/posts"}],"about":[{"href":"https:\/\/www.sorumatix.com\/blog\/wp-json\/wp\/v2\/types\/post"}],"author":[{"embeddable":true,"href":"https:\/\/www.sorumatix.com\/blog\/wp-json\/wp\/v2\/users\/1"}],"replies":[{"embeddable":true,"href":"https:\/\/www.sorumatix.com\/blog\/wp-json\/wp\/v2\/comments?post=2712"}],"version-history":[{"count":0,"href":"https:\/\/www.sorumatix.com\/blog\/wp-json\/wp\/v2\/posts\/2712\/revisions"}],"wp:featuredmedia":[{"embeddable":true,"href":"https:\/\/www.sorumatix.com\/blog\/wp-json\/wp\/v2\/media\/2689"}],"wp:attachment":[{"href":"https:\/\/www.sorumatix.com\/blog\/wp-json\/wp\/v2\/media?parent=2712"}],"wp:term":[{"taxonomy":"category","embeddable":true,"href":"https:\/\/www.sorumatix.com\/blog\/wp-json\/wp\/v2\/categories?post=2712"},{"taxonomy":"post_tag","embeddable":true,"href":"https:\/\/www.sorumatix.com\/blog\/wp-json\/wp\/v2\/tags?post=2712"}],"curies":[{"name":"wp","href":"https:\/\/api.w.org\/{rel}","templated":true}]}}