{"id":2792,"date":"2023-12-12T17:47:03","date_gmt":"2023-12-12T17:47:03","guid":{"rendered":"https:\/\/www.sorumatix.com\/blog\/?p=2792"},"modified":"2023-12-12T17:47:03","modified_gmt":"2023-12-12T17:47:03","slug":"turkiyede-issizligin-ekonomiye-etkileri","status":"publish","type":"post","link":"https:\/\/www.sorumatix.com\/blog\/turkiyede-issizligin-ekonomiye-etkileri.html","title":{"rendered":"T\u00fcrkiye\u2019de i\u015fsizli\u011fin ekonomiye etkileri"},"content":{"rendered":"<p><center><iframe loading=\"lazy\" width=\"560\" height=\"315\" src=\"https:\/\/www.youtube.com\/embed\/0LBu_Wj7pAE\" title=\"YouTube video player\" frameborder=\"0\" allow=\"accelerometer; autoplay; clipboard-write; encrypted-media; gyroscope; picture-in-picture; web-share\" allowfullscreen><\/iframe><\/center><html><head><\/head><body><\/p>\n<p>T\u00fcrkiye&#8217;de \u0130\u015fsizli\u011fin Ekonomiye Etkileri<\/p>\n<p>\u0130\u015fsizlik, her \u00fclkenin kar\u015f\u0131la\u015ft\u0131\u011f\u0131 \u00f6nemli bir sorundur ve ekonomik yap\u0131y\u0131 derinden etkileyebilir. T\u00fcrkiye de bu sorun ile m\u00fccadele etmek zorunda olan \u00fclkelerden biridir. \u0130\u015fsizli\u011fin ekonomiye olan etkilerini anlamak, bu sorunun \u00e7\u00f6z\u00fcm\u00fc i\u00e7in ad\u0131mlar atmak a\u00e7\u0131s\u0131ndan \u00f6nemlidir.<\/p>\n<p>1. Azalan T\u00fcketim Harcamalar\u0131: \u0130\u015fsizlik, insanlar\u0131n gelir kaynaklar\u0131n\u0131 kaybetmelerine neden oldu\u011fu i\u00e7in t\u00fcketim harcamalar\u0131nda azalmaya yol a\u00e7ar. \u0130\u015fsiz ki\u015filerin sat\u0131n alma g\u00fcc\u00fcnde d\u00fc\u015f\u00fc\u015f oldu\u011funda, talep azal\u0131r ve i\u015fletmeler etkilenir. Bu durum, i\u015fletmelerin \u00fcretimi azaltmas\u0131na ve dolay\u0131s\u0131yla ekonomide durgunlu\u011fa sebep olabilir.<\/p>\n<p>2. Vergi Geliri Azalmas\u0131: \u0130\u015fsizlik artt\u0131k\u00e7a vergi gelirleri de azal\u0131r. \u0130\u015fsiz ki\u015filerin gelirlerinden al\u0131nan vergiler ortadan kalkar ve devletin gelir kaynaklar\u0131 daral\u0131r. Bu da kamu hizmetlerinde kesintilere neden olabilir veya vergi y\u00fck\u00fcn\u00fcn di\u011fer kesimlere daha fazla y\u00fcklenmesine sebep olabilir.<\/p>\n<p><center><img decoding=\"async\" src=\"https:\/\/www.sorumatix.com\/blog\/wp-content\/uploads\/2023\/09\/uploaded-image-turkiyede-issizligin-ekonomiye-etkileri-1693981924056.jpg\" title=\"T\u00fcrkiye\u2019de i\u015fsizli\u011fin ekonomiye etkileri \" alt=\"T\u00fcrkiye\u2019de i\u015fsizli\u011fin ekonomiye etkileri \"><\/center><\/p>\n<p>3. Sosyal G\u00fcvenlik Harcamalar\u0131ndaki Art\u0131\u015f: \u0130\u015fsizlik d\u00f6neminde, i\u015fsiz kalan ki\u015filere sa\u011flanan sosyal g\u00fcvenlik harcamalar\u0131 artar. \u0130\u015fsizlik maa\u015flar\u0131, i\u015fsizlik sigortas\u0131 gibi yard\u0131mlar devreye girer. Bu da devletin b\u00fct\u00e7esinde ek bir y\u00fck olu\u015fturur ve ekonomik dengeleri etkileyebilir.<\/p>\n<p>4. Gen\u00e7 \u0130stihdam\u0131n\u0131n Azalmas\u0131: \u0130\u015fsizli\u011fin en \u00e7ok etkiledi\u011fi gruplardan biri gen\u00e7lerdir. T\u00fcrkiye&#8217;de 10-13 ya\u015f aral\u0131\u011f\u0131ndaki \u00e7ocuklar gelecekte i\u015fg\u00fcc\u00fcne kat\u0131lacak olan bireylerdir. E\u011fer gen\u00e7ler i\u015fsiz kal\u0131rsa, istihdam sorunu daha da derinle\u015fir. Gen\u00e7 istihdam\u0131n\u0131n azalmas\u0131 \u00fclkenin rekabet g\u00fcc\u00fcn\u00fc d\u00fc\u015f\u00fcrebilir ve uzun vadede ekonomiyi olumsuz etkileyebilir.<\/p>\n<p>Sonu\u00e7 olarak, T\u00fcrkiye&#8217;de i\u015fsizli\u011fin ekonomiye etkileri \u00f6nemli bir konudur. Azalan t\u00fcketim harcamalar\u0131, vergi geliri azalmas\u0131, sosyal g\u00fcvenlik harcamalar\u0131ndaki art\u0131\u015f ve gen\u00e7 istihdam\u0131n\u0131n azalmas\u0131 gibi etkiler ekonomik b\u00fcy\u00fcmeyi olumsuz y\u00f6nde etkileyebilir. \u0130\u015fsizlik sorununun \u00e7\u00f6z\u00fcm\u00fc i\u00e7in ise istihdam politikalar\u0131n\u0131n geli\u015ftirilmesi, e\u011fitim sisteminin iyile\u015ftirilmesi ve yat\u0131r\u0131mlar\u0131n te\u015fvik edilmesi gibi ad\u0131mlar at\u0131lmal\u0131d\u0131r. Ancak bunlar\u0131n yan\u0131 s\u0131ra, i\u015fsizlik sorununun \u00e7\u00f6z\u00fcm\u00fc i\u00e7in uzun vadeli ve s\u00fcrd\u00fcr\u00fclebilir politikalar\u0131n olu\u015fturulmas\u0131 da gerekmektedir.<\/p>\n<p><\/body><\/html><\/p>\n","protected":false},"excerpt":{"rendered":"<p>T\u00fcrkiye&#8217;de \u0130\u015fsizli\u011fin Ekonomiye Etkileri \u0130\u015fsizlik, her \u00fclkenin kar\u015f\u0131la\u015ft\u0131\u011f\u0131 \u00f6nemli bir sorundur ve ekonomik yap\u0131y\u0131 derinden etkileyebilir. T\u00fcrkiye de bu sorun<\/p>\n","protected":false},"author":1,"featured_media":2791,"comment_status":"open","ping_status":"open","sticky":false,"template":"","format":"standard","meta":{"colormag_page_container_layout":"default_layout","colormag_page_sidebar_layout":"default_layout","footnotes":""},"categories":[8],"tags":[],"class_list":["post-2792","post","type-post","status-publish","format-standard","has-post-thumbnail","hentry","category-ekonomi-ve-finans-dersleri"],"_links":{"self":[{"href":"https:\/\/www.sorumatix.com\/blog\/wp-json\/wp\/v2\/posts\/2792","targetHints":{"allow":["GET"]}}],"collection":[{"href":"https:\/\/www.sorumatix.com\/blog\/wp-json\/wp\/v2\/posts"}],"about":[{"href":"https:\/\/www.sorumatix.com\/blog\/wp-json\/wp\/v2\/types\/post"}],"author":[{"embeddable":true,"href":"https:\/\/www.sorumatix.com\/blog\/wp-json\/wp\/v2\/users\/1"}],"replies":[{"embeddable":true,"href":"https:\/\/www.sorumatix.com\/blog\/wp-json\/wp\/v2\/comments?post=2792"}],"version-history":[{"count":1,"href":"https:\/\/www.sorumatix.com\/blog\/wp-json\/wp\/v2\/posts\/2792\/revisions"}],"predecessor-version":[{"id":5106,"href":"https:\/\/www.sorumatix.com\/blog\/wp-json\/wp\/v2\/posts\/2792\/revisions\/5106"}],"wp:featuredmedia":[{"embeddable":true,"href":"https:\/\/www.sorumatix.com\/blog\/wp-json\/wp\/v2\/media\/2791"}],"wp:attachment":[{"href":"https:\/\/www.sorumatix.com\/blog\/wp-json\/wp\/v2\/media?parent=2792"}],"wp:term":[{"taxonomy":"category","embeddable":true,"href":"https:\/\/www.sorumatix.com\/blog\/wp-json\/wp\/v2\/categories?post=2792"},{"taxonomy":"post_tag","embeddable":true,"href":"https:\/\/www.sorumatix.com\/blog\/wp-json\/wp\/v2\/tags?post=2792"}],"curies":[{"name":"wp","href":"https:\/\/api.w.org\/{rel}","templated":true}]}}