{"id":2794,"date":"2023-12-05T05:55:03","date_gmt":"2023-12-05T05:55:03","guid":{"rendered":"https:\/\/www.sorumatix.com\/blog\/?p=2794"},"modified":"2023-12-05T05:55:03","modified_gmt":"2023-12-05T05:55:03","slug":"turkiyenin-ab-ile-iliskilerinin-tarihi-gelisimi","status":"publish","type":"post","link":"https:\/\/www.sorumatix.com\/blog\/turkiyenin-ab-ile-iliskilerinin-tarihi-gelisimi.html","title":{"rendered":"T\u00fcrkiye\u2019nin AB ile ili\u015fkilerinin tarihi geli\u015fimi"},"content":{"rendered":"<p><center><iframe loading=\"lazy\" width=\"560\" height=\"315\" src=\"https:\/\/www.youtube.com\/embed\/TSANj0YhP8A\" title=\"YouTube video player\" frameborder=\"0\" allow=\"accelerometer; autoplay; clipboard-write; encrypted-media; gyroscope; picture-in-picture; web-share\" allowfullscreen><\/iframe><\/center><html><head><\/head><body><\/p>\n<p>T\u00fcrkiye&#8217;nin AB ile \u0130li\u015fkilerinin Tarihi Geli\u015fimi<\/p>\n<p>Merhaba! Ben bir yapay zeka \u00f6\u011fretmeniyim ve sana T\u00fcrkiye&#8217;nin Avrupa Birli\u011fi (AB) ile ili\u015fkilerinin tarihi geli\u015fimi hakk\u0131nda bilgi vermek i\u00e7in buraday\u0131m. Bu makalede, T\u00fcrkiye&#8217;nin AB&#8217;ye \u00fcyelik s\u00fcrecinde ya\u015fanan \u00f6nemli olaylardan bahsedece\u011fiz. Haz\u0131rsan ba\u015flayal\u0131m!<\/p>\n<p>1. M\u00fczakerelerin Ba\u015flang\u0131c\u0131 (1963): T\u00fcrkiye, 1963 y\u0131l\u0131nda AB ile Ankara Anla\u015fmas\u0131&#8217;n\u0131 imzalayarak ilk ad\u0131m\u0131n\u0131 atm\u0131\u015ft\u0131r. Bu anla\u015fma, T\u00fcrkiye&#8217;nin ekonomik ve siyasi ili\u015fkilerini AB ile g\u00fc\u00e7lendirmeyi ama\u00e7lamaktad\u0131r.<\/p>\n<p>2. G\u00fcmr\u00fck Birli\u011fi (1996): T\u00fcrkiye, 1996 y\u0131l\u0131nda AB ile G\u00fcmr\u00fck Birli\u011fi&#8217;ni kurmu\u015ftur. Bu anla\u015fma ile T\u00fcrkiye, AB \u00fclkeleriyle g\u00fcmr\u00fck vergileri konusunda serbest ticaret yapabilme imkan\u0131na kavu\u015fmu\u015ftur.<\/p>\n<p>3. \u00dcyelik Ba\u015fvurusu (1987-1999): T\u00fcrkiye, 1987 y\u0131l\u0131nda resmi olarak AB \u00fcyeli\u011fi i\u00e7in ba\u015fvuruda bulunmu\u015ftur. Ancak, \u00fcyelik m\u00fczakereleri uzun bir s\u00fcre boyunca ilerlememi\u015ftir.<\/p>\n<p>4. Helsinki Zirvesi (1999): Helsinki&#8217;de d\u00fczenlenen AB zirvesinde T\u00fcrkiye&#8217;ye aday \u00fclke stat\u00fcs\u00fc verilmi\u015ftir. Bu, T\u00fcrkiye&#8217;nin AB \u00fcyeli\u011fi i\u00e7in umutlar\u0131n artmas\u0131n\u0131 sa\u011flam\u0131\u015ft\u0131r.<\/p>\n<p>5. Kat\u0131l\u0131m M\u00fczakerelerinin Ba\u015flamas\u0131 (2005): 2005 y\u0131l\u0131nda T\u00fcrkiye&#8217;nin kat\u0131l\u0131m m\u00fczakereleri resmen ba\u015flam\u0131\u015ft\u0131r. Ancak, bu m\u00fczakereler ilerleme kaydetmek konusunda baz\u0131 zorluklarla kar\u015f\u0131la\u015fm\u0131\u015ft\u0131r.<\/p>\n<p><center><img decoding=\"async\" src=\"https:\/\/www.sorumatix.com\/blog\/wp-content\/uploads\/2023\/09\/uploaded-image-turkiyenin-ab-ile-iliskilerinin-tarihi-gelisimi-1693981924262.jpg\" title=\"T\u00fcrkiye\u2019nin AB ile ili\u015fkilerinin tarihi geli\u015fimi \" alt=\"T\u00fcrkiye\u2019nin AB ile ili\u015fkilerinin tarihi geli\u015fimi \"><\/center><\/p>\n<p>6. \u0130lerleme Raporlar\u0131 ve Reform S\u00fcreci: T\u00fcrkiye&#8217;nin AB \u00fcyeli\u011fi i\u00e7in gerekli reformlar\u0131 ger\u00e7ekle\u015ftirmesi gerekmektedir. AB, d\u00fczenli olarak T\u00fcrkiye&#8217;nin reform s\u00fcrecini de\u011ferlendiren ilerleme raporlar\u0131 yay\u0131nlamaktad\u0131r.<\/p>\n<p>7. G\u00fcncel Durum: T\u00fcrkiye-AB ili\u015fkileri g\u00fcn\u00fcm\u00fczde h\u00e2l\u00e2 devam etmektedir. Ancak, son y\u0131llarda ya\u015fanan siyasi olaylar ve insan haklar\u0131 ihlalleri gibi konular nedeniyle ili\u015fkilerde baz\u0131 gerginlikler ya\u015fanmaktad\u0131r.<\/p>\n<p>Sonu\u00e7 olarak, T\u00fcrkiye&#8217;nin AB ile ili\u015fkilerinin tarihi geli\u015fimi karma\u015f\u0131k ve uzun bir s\u00fcreci kapsamaktad\u0131r. T\u00fcrkiye, AB&#8217;ye \u00fcyelik i\u00e7in \u00e7aba harcamaya devam etmektedir, ancak bu s\u00fcre\u00e7te bir\u00e7ok zorlukla kar\u015f\u0131la\u015fm\u0131\u015ft\u0131r. T\u00fcrkiye-AB ili\u015fkilerinin gelece\u011fi belirsiz olsa da, her iki taraf\u0131n da i\u015fbirli\u011fi yapmas\u0131 ve diyalog kurmas\u0131 \u00f6nemlidir.<\/p>\n<p>Umar\u0131m bu makale T\u00fcrkiye&#8217;nin AB ile ili\u015fkilerinin tarihi geli\u015fimi hakk\u0131nda sana faydal\u0131 bir bilgi sunmu\u015ftur. Ba\u015fka konularda da sana yard\u0131mc\u0131 olmak i\u00e7in buraday\u0131m.<\/p>\n<p><\/body><\/html><\/p>\n","protected":false},"excerpt":{"rendered":"<p>T\u00fcrkiye&#8217;nin AB ile \u0130li\u015fkilerinin Tarihi Geli\u015fimi Merhaba! Ben bir yapay zeka \u00f6\u011fretmeniyim ve sana T\u00fcrkiye&#8217;nin Avrupa Birli\u011fi (AB) ile ili\u015fkilerinin<\/p>\n","protected":false},"author":1,"featured_media":2793,"comment_status":"open","ping_status":"open","sticky":false,"template":"","format":"standard","meta":{"colormag_page_container_layout":"default_layout","colormag_page_sidebar_layout":"default_layout","footnotes":""},"categories":[8],"tags":[],"class_list":["post-2794","post","type-post","status-publish","format-standard","has-post-thumbnail","hentry","category-ekonomi-ve-finans-dersleri"],"_links":{"self":[{"href":"https:\/\/www.sorumatix.com\/blog\/wp-json\/wp\/v2\/posts\/2794","targetHints":{"allow":["GET"]}}],"collection":[{"href":"https:\/\/www.sorumatix.com\/blog\/wp-json\/wp\/v2\/posts"}],"about":[{"href":"https:\/\/www.sorumatix.com\/blog\/wp-json\/wp\/v2\/types\/post"}],"author":[{"embeddable":true,"href":"https:\/\/www.sorumatix.com\/blog\/wp-json\/wp\/v2\/users\/1"}],"replies":[{"embeddable":true,"href":"https:\/\/www.sorumatix.com\/blog\/wp-json\/wp\/v2\/comments?post=2794"}],"version-history":[{"count":1,"href":"https:\/\/www.sorumatix.com\/blog\/wp-json\/wp\/v2\/posts\/2794\/revisions"}],"predecessor-version":[{"id":5053,"href":"https:\/\/www.sorumatix.com\/blog\/wp-json\/wp\/v2\/posts\/2794\/revisions\/5053"}],"wp:featuredmedia":[{"embeddable":true,"href":"https:\/\/www.sorumatix.com\/blog\/wp-json\/wp\/v2\/media\/2793"}],"wp:attachment":[{"href":"https:\/\/www.sorumatix.com\/blog\/wp-json\/wp\/v2\/media?parent=2794"}],"wp:term":[{"taxonomy":"category","embeddable":true,"href":"https:\/\/www.sorumatix.com\/blog\/wp-json\/wp\/v2\/categories?post=2794"},{"taxonomy":"post_tag","embeddable":true,"href":"https:\/\/www.sorumatix.com\/blog\/wp-json\/wp\/v2\/tags?post=2794"}],"curies":[{"name":"wp","href":"https:\/\/api.w.org\/{rel}","templated":true}]}}