{"id":2840,"date":"2023-10-23T04:41:03","date_gmt":"2023-10-23T04:41:03","guid":{"rendered":"https:\/\/www.sorumatix.com\/blog\/?p=2840"},"modified":"2023-10-23T04:41:03","modified_gmt":"2023-10-23T04:41:03","slug":"istihdamin-ekonomideki-yeri-ve-onemi","status":"publish","type":"post","link":"https:\/\/www.sorumatix.com\/blog\/istihdamin-ekonomideki-yeri-ve-onemi.html","title":{"rendered":"\u0130stihdam\u0131n ekonomideki yeri ve \u00f6nemi"},"content":{"rendered":"<p><center><iframe loading=\"lazy\" width=\"560\" height=\"315\" src=\"https:\/\/www.youtube.com\/embed\/w7JPpatu1wA\" title=\"YouTube video player\" frameborder=\"0\" allow=\"accelerometer; autoplay; clipboard-write; encrypted-media; gyroscope; picture-in-picture; web-share\" allowfullscreen><\/iframe><\/center><html><head><\/head><body><\/p>\n<p>\u0130stihdam\u0131n Ekonomideki Yeri ve \u00d6nemi<\/p>\n<p><center><img decoding=\"async\" src=\"https:\/\/www.sorumatix.com\/blog\/wp-content\/uploads\/2023\/09\/uploaded-image-istihdamin-ekonomideki-yeri-ve-onemi-1693981929418.jpg\" title=\"\u0130stihdam\u0131n ekonomideki yeri ve \u00f6nemi \" alt=\"\u0130stihdam\u0131n ekonomideki yeri ve \u00f6nemi \"><\/center><\/p>\n<p>G\u00fcn\u00fcm\u00fcz d\u00fcnyas\u0131nda, istihdam ekonomik b\u00fcy\u00fcme ve sosyal refah a\u00e7\u0131s\u0131ndan b\u00fcy\u00fck bir \u00f6neme sahiptir. \u0130\u015f g\u00fcc\u00fcn\u00fcn istihdam edilmesi, hem bireylerin maddi gereksinimlerini kar\u015f\u0131lamalar\u0131n\u0131 sa\u011flar hem de \u00fclkenin ekonomik geli\u015fimi i\u00e7in kritik bir rol oynar. Peki, istihdam\u0131n ekonomideki yeri ve \u00f6nemi nedir? \u0130\u015fte bu konuda daha fazla bilgi:<\/p>\n<p>1. Ekonomik B\u00fcy\u00fcme: \u0130stihdam, ekonomik b\u00fcy\u00fcmenin temel dinamiklerinden biridir. Bir \u00fclkede daha fazla insan\u0131n i\u015f bulmas\u0131, toplam \u00fcretim ve hizmet sekt\u00f6rlerinin geni\u015flemesine katk\u0131da bulunur. \u0130\u015fsizlik oran\u0131n\u0131n d\u00fc\u015fmesiyle birlikte, milli gelir art\u0131\u015f\u0131, t\u00fcketim ve yat\u0131r\u0131m harcamalar\u0131ndaki art\u0131\u015f da g\u00f6r\u00fcl\u00fcr. Bu da ekonomik b\u00fcy\u00fcmenin ivme kazanmas\u0131na yard\u0131mc\u0131 olur.<\/p>\n<p>2. Sosyal Refah\u0131n Artmas\u0131: \u0130stihdam, bireylerin ya\u015fam standartlar\u0131n\u0131 iyile\u015ftirir ve sosyal refah\u0131n artmas\u0131na katk\u0131da bulunur. \u0130\u015f sahibi olan insanlar, maa\u015f ve yan haklar gibi kazan\u00e7lar elde ederler. Bu da onlara daha iyi bir ya\u015fam standard\u0131 sunar ve temel ihtiya\u00e7lar\u0131n\u0131 kar\u015f\u0131lamalar\u0131na yard\u0131mc\u0131 olur. Ayn\u0131 zamanda, i\u015fe al\u0131nan ki\u015filerin topluma katk\u0131da bulunma ve kendilerini geli\u015ftirme f\u0131rsatlar\u0131 da artar.<\/p>\n<p>3. Vergi Gelirleri: \u0130stihdam edilen bireyler, vergi \u00f6deyerek devlet gelirlerine katk\u0131da bulunurlar. Vergi gelirleri, kamu hizmetlerinin finansman\u0131nda kullan\u0131l\u0131r ve temel altyap\u0131 projeleri gibi ekonomik b\u00fcy\u00fcmeyi destekleyen alanlara yat\u0131r\u0131m yap\u0131l\u0131r. Dolay\u0131s\u0131yla, daha fazla istihdam, toplumun genel refah\u0131n\u0131 art\u0131rman\u0131n yan\u0131 s\u0131ra devletin de gelirlerini art\u0131r\u0131r.<\/p>\n<p>4. Piyasa Canl\u0131l\u0131\u011f\u0131: \u0130stihdam, piyasalar\u0131n canl\u0131 ve hareketli olmas\u0131n\u0131 sa\u011flar. \u0130\u015fsizlik oran\u0131n\u0131n d\u00fc\u015f\u00fck oldu\u011fu bir ekonomide, i\u015fverenler \u00e7e\u015fitli sekt\u00f6rlerde nitelikli i\u015f g\u00fcc\u00fcn\u00fc bulmakta daha kolayl\u0131k ya\u015farlar. B\u00f6ylece, i\u015fverenlerin taleplerine uygun \u00e7al\u0131\u015fanlar bulunabilir ve \u00fcretim s\u00fcre\u00e7leri daha verimli hale gelir.<\/p>\n<p>5. Sosyal \u0130stikrar: \u0130stihdam, sosyal istikrar\u0131n korunmas\u0131nda \u00f6nemli bir rol oynar. \u0130\u015fsizlik oran\u0131n\u0131n d\u00fc\u015f\u00fck olmas\u0131, su\u00e7 oranlar\u0131 ve sosyal huzursuzluklar\u0131n azalmas\u0131na yard\u0131mc\u0131 olabilir. \u0130\u015f bulamayan bireylerin i\u015f g\u00fcc\u00fcne kat\u0131lmas\u0131yla, toplumun sosyal dengesi ve g\u00fcvenli\u011fi sa\u011flan\u0131r.<\/p>\n<p>Sonu\u00e7 olarak, istihdam\u0131n ekonomideki yeri ve \u00f6nemi olduk\u00e7a b\u00fcy\u00fckt\u00fcr. \u0130stihdam edilen insanlar, ekonomik b\u00fcy\u00fcmeyi desteklemekte, sosyal refah\u0131 art\u0131rmakta ve vergi gelirlerini art\u0131rmaktad\u0131r. Ayn\u0131 zamanda, istihdam\u0131n y\u00fcksek oldu\u011fu bir \u00fclkede piyasalar canl\u0131l\u0131k kazan\u0131r ve sosyal istikrar sa\u011flan\u0131r. Bu nedenle, h\u00fck\u00fcmetler ve i\u015fverenler aras\u0131ndaki i\u015fbirli\u011fi ile istihdam politikalar\u0131n\u0131n olu\u015fturulmas\u0131 ve uygulanmas\u0131 b\u00fcy\u00fck bir \u00f6neme sahiptir.<\/p>\n<p><\/body><\/html><\/p>\n","protected":false},"excerpt":{"rendered":"<p>\u0130stihdam\u0131n Ekonomideki Yeri ve \u00d6nemi G\u00fcn\u00fcm\u00fcz d\u00fcnyas\u0131nda, istihdam ekonomik b\u00fcy\u00fcme ve sosyal refah a\u00e7\u0131s\u0131ndan b\u00fcy\u00fck bir \u00f6neme sahiptir. \u0130\u015f g\u00fcc\u00fcn\u00fcn<\/p>\n","protected":false},"author":1,"featured_media":2834,"comment_status":"open","ping_status":"open","sticky":false,"template":"","format":"standard","meta":{"colormag_page_container_layout":"default_layout","colormag_page_sidebar_layout":"default_layout","footnotes":""},"categories":[8],"tags":[],"class_list":["post-2840","post","type-post","status-publish","format-standard","has-post-thumbnail","hentry","category-ekonomi-ve-finans-dersleri"],"_links":{"self":[{"href":"https:\/\/www.sorumatix.com\/blog\/wp-json\/wp\/v2\/posts\/2840","targetHints":{"allow":["GET"]}}],"collection":[{"href":"https:\/\/www.sorumatix.com\/blog\/wp-json\/wp\/v2\/posts"}],"about":[{"href":"https:\/\/www.sorumatix.com\/blog\/wp-json\/wp\/v2\/types\/post"}],"author":[{"embeddable":true,"href":"https:\/\/www.sorumatix.com\/blog\/wp-json\/wp\/v2\/users\/1"}],"replies":[{"embeddable":true,"href":"https:\/\/www.sorumatix.com\/blog\/wp-json\/wp\/v2\/comments?post=2840"}],"version-history":[{"count":0,"href":"https:\/\/www.sorumatix.com\/blog\/wp-json\/wp\/v2\/posts\/2840\/revisions"}],"wp:featuredmedia":[{"embeddable":true,"href":"https:\/\/www.sorumatix.com\/blog\/wp-json\/wp\/v2\/media\/2834"}],"wp:attachment":[{"href":"https:\/\/www.sorumatix.com\/blog\/wp-json\/wp\/v2\/media?parent=2840"}],"wp:term":[{"taxonomy":"category","embeddable":true,"href":"https:\/\/www.sorumatix.com\/blog\/wp-json\/wp\/v2\/categories?post=2840"},{"taxonomy":"post_tag","embeddable":true,"href":"https:\/\/www.sorumatix.com\/blog\/wp-json\/wp\/v2\/tags?post=2840"}],"curies":[{"name":"wp","href":"https:\/\/api.w.org\/{rel}","templated":true}]}}