{"id":2853,"date":"2023-10-21T07:43:03","date_gmt":"2023-10-21T07:43:03","guid":{"rendered":"https:\/\/www.sorumatix.com\/blog\/?p=2853"},"modified":"2023-10-21T07:43:03","modified_gmt":"2023-10-21T07:43:03","slug":"ekonomik-buyume-ile-yasam-standardi-arasindaki-iliski","status":"publish","type":"post","link":"https:\/\/www.sorumatix.com\/blog\/ekonomik-buyume-ile-yasam-standardi-arasindaki-iliski.html","title":{"rendered":"Ekonomik b\u00fcy\u00fcme ile ya\u015fam standard\u0131 aras\u0131ndaki ili\u015fki"},"content":{"rendered":"<p><center><iframe loading=\"lazy\" width=\"560\" height=\"315\" src=\"https:\/\/www.youtube.com\/embed\/jy7cljbh4mA\" title=\"YouTube video player\" frameborder=\"0\" allow=\"accelerometer; autoplay; clipboard-write; encrypted-media; gyroscope; picture-in-picture; web-share\" allowfullscreen><\/iframe><\/center><html><head><\/head><body><\/p>\n<p>Ekonomik B\u00fcy\u00fcme ile Ya\u015fam Standard\u0131 Aras\u0131ndaki \u0130li\u015fki<\/p>\n<p>Merhaba! Bu makalede, ekonomik b\u00fcy\u00fcme ile ya\u015fam standard\u0131 aras\u0131ndaki \u00f6nemli ili\u015fkiyi ele alaca\u011f\u0131z. \u00d6zellikle 10-13 ya\u015f aral\u0131\u011f\u0131ndaki ortaokul \u00f6\u011frencilerine y\u00f6nelik olarak, basit ve e\u011flenceli bir dille anlatmaya \u00e7al\u0131\u015faca\u011f\u0131m. Haz\u0131rsan\u0131z ba\u015flayal\u0131m!<\/p>\n<p>Ekonomik b\u00fcy\u00fcme, bir \u00fclkenin toplam mal ve hizmet \u00fcretimindeki art\u0131\u015f\u0131 ifade eder. B\u00fcy\u00fcmenin temel amac\u0131, bir \u00fclkenin refah\u0131n\u0131 art\u0131rmakt\u0131r. Ya\u015fam standard\u0131 ise insanlar\u0131n refah seviyesini belirleyen fakt\u00f6rlerin bir b\u00fct\u00fcn\u00fcd\u00fcr. \u015eimdi bu iki kavram\u0131n nas\u0131l bir ili\u015fkisi oldu\u011funa birlikte bakal\u0131m.<\/p>\n<p>1. \u0130stihdam Olanaklar\u0131: Ekonomik b\u00fcy\u00fcme, i\u015f olanaklar\u0131n\u0131n artmas\u0131na katk\u0131da bulunur. Bir \u00fclkede ekonomik b\u00fcy\u00fcme ger\u00e7ekle\u015fti\u011finde, \u015firketler daha fazla i\u015f\u00e7iye ihtiya\u00e7 duyar. Bu da i\u015f arayan ki\u015filere yeni f\u0131rsatlar sunar. \u0130stihdam olanaklar\u0131 artt\u0131k\u00e7a, insanlar\u0131n gelirleri y\u00fckselir ve ya\u015fam standard\u0131 iyile\u015fir.<\/p>\n<p>2. Gelir Da\u011f\u0131l\u0131m\u0131: Ekonomik b\u00fcy\u00fcme, gelir da\u011f\u0131l\u0131m\u0131nda dengesizlikleri azaltabilir. Bir \u00fclkede daha fazla kaynak \u00fcretildik\u00e7e, bu kaynaklar daha adil bir \u015fekilde da\u011f\u0131t\u0131labilir. B\u00f6ylece toplumdaki gelir e\u015fitsizli\u011fi azal\u0131r ve insanlar\u0131n ya\u015fam standard\u0131 daha dengeli bir seviyeye y\u00fckselir.<\/p>\n<p>3. E\u011fitim ve Sa\u011fl\u0131k Hizmetleri: Ekonomik b\u00fcy\u00fcme, e\u011fitim ve sa\u011fl\u0131k hizmetlerine yap\u0131lan yat\u0131r\u0131mlara olanak sa\u011flar. Bir \u00fclkenin b\u00fcy\u00fcmesiyle birlikte, daha fazla kaynak bu alanlara aktar\u0131labilir. \u0130nsanlar daha iyi e\u011fitim alabilir ve sa\u011fl\u0131k hizmetlerinden daha geni\u015f \u00f6l\u00e7\u00fcde faydalanabilir. Bu da ya\u015fam kalitesini art\u0131r\u0131r.<\/p>\n<p><center><img decoding=\"async\" src=\"https:\/\/www.sorumatix.com\/blog\/wp-content\/uploads\/2023\/09\/uploaded-image-ekonomik-buyume-ile-yasam-standardi-arasindaki-iliski-1693981929846.jpg\" title=\"Ekonomik b\u00fcy\u00fcme ile ya\u015fam standard\u0131 aras\u0131ndaki ili\u015fki \" alt=\"Ekonomik b\u00fcy\u00fcme ile ya\u015fam standard\u0131 aras\u0131ndaki ili\u015fki \"><\/center><\/p>\n<p>4. Altyap\u0131 Geli\u015fimi: Ekonomik b\u00fcy\u00fcme, altyap\u0131 projelerinin ger\u00e7ekle\u015ftirilmesini destekler. Yollar, k\u00f6pr\u00fcler, elektrik ve su gibi altyap\u0131 unsurlar\u0131 iyile\u015ftirildik\u00e7e, ula\u015f\u0131m kolayla\u015f\u0131r, enerji temini g\u00fcvenli hale gelir ve ya\u015fam standartlar\u0131 artar.<\/p>\n<p>5. T\u00fcketim ve \u0130mkanlar: Ekonomik b\u00fcy\u00fcme, insanlar\u0131n t\u00fcketim kapasitelerini art\u0131r\u0131r. Daha fazla mal ve hizmet sat\u0131n alabilme imkan\u0131 do\u011far. \u0130nsanlar hayatlar\u0131n\u0131 daha iyi hale getirecek \u015feylere sahip olma f\u0131rsat\u0131na sahip olurlar. Bu da ya\u015fam standard\u0131n\u0131 y\u00fckseltir.<\/p>\n<p>Sonu\u00e7 olarak, ekonomik b\u00fcy\u00fcme ile ya\u015fam standard\u0131 aras\u0131nda yak\u0131n bir ili\u015fki vard\u0131r. B\u00fcy\u00fcme, istihdam olanaklar\u0131n\u0131 art\u0131r\u0131r, gelir da\u011f\u0131l\u0131m\u0131n\u0131 d\u00fczeltir, e\u011fitim ve sa\u011fl\u0131k hizmetlerini geli\u015ftirir, altyap\u0131y\u0131 iyile\u015ftirir ve insanlar\u0131n t\u00fcketim imkanlar\u0131n\u0131 art\u0131r\u0131r. Dolay\u0131s\u0131yla, bir \u00fclkenin ekonomik b\u00fcy\u00fcmesi, insanlar\u0131n ya\u015fam kalitesini do\u011frudan etkiler.<\/p>\n<p>Umar\u0131m bu makale, ekonomik b\u00fcy\u00fcme ve ya\u015fam standard\u0131 aras\u0131ndaki ili\u015fkiyi anlaman\u0131za yard\u0131mc\u0131 olmu\u015ftur. Unutmay\u0131n, sadece ekonomik b\u00fcy\u00fcme de\u011fil, ayn\u0131 zamanda adil bir b\u00fcy\u00fcme de \u00f6nemlidir. Herkesin refah<\/p>\n<p><\/body><\/html><\/p>\n","protected":false},"excerpt":{"rendered":"<p>Ekonomik B\u00fcy\u00fcme ile Ya\u015fam Standard\u0131 Aras\u0131ndaki \u0130li\u015fki Merhaba! Bu makalede, ekonomik b\u00fcy\u00fcme ile ya\u015fam standard\u0131 aras\u0131ndaki \u00f6nemli ili\u015fkiyi ele alaca\u011f\u0131z.<\/p>\n","protected":false},"author":1,"featured_media":2839,"comment_status":"open","ping_status":"open","sticky":false,"template":"","format":"standard","meta":{"colormag_page_container_layout":"default_layout","colormag_page_sidebar_layout":"default_layout","footnotes":""},"categories":[8],"tags":[],"class_list":["post-2853","post","type-post","status-publish","format-standard","has-post-thumbnail","hentry","category-ekonomi-ve-finans-dersleri"],"_links":{"self":[{"href":"https:\/\/www.sorumatix.com\/blog\/wp-json\/wp\/v2\/posts\/2853","targetHints":{"allow":["GET"]}}],"collection":[{"href":"https:\/\/www.sorumatix.com\/blog\/wp-json\/wp\/v2\/posts"}],"about":[{"href":"https:\/\/www.sorumatix.com\/blog\/wp-json\/wp\/v2\/types\/post"}],"author":[{"embeddable":true,"href":"https:\/\/www.sorumatix.com\/blog\/wp-json\/wp\/v2\/users\/1"}],"replies":[{"embeddable":true,"href":"https:\/\/www.sorumatix.com\/blog\/wp-json\/wp\/v2\/comments?post=2853"}],"version-history":[{"count":0,"href":"https:\/\/www.sorumatix.com\/blog\/wp-json\/wp\/v2\/posts\/2853\/revisions"}],"wp:featuredmedia":[{"embeddable":true,"href":"https:\/\/www.sorumatix.com\/blog\/wp-json\/wp\/v2\/media\/2839"}],"wp:attachment":[{"href":"https:\/\/www.sorumatix.com\/blog\/wp-json\/wp\/v2\/media?parent=2853"}],"wp:term":[{"taxonomy":"category","embeddable":true,"href":"https:\/\/www.sorumatix.com\/blog\/wp-json\/wp\/v2\/categories?post=2853"},{"taxonomy":"post_tag","embeddable":true,"href":"https:\/\/www.sorumatix.com\/blog\/wp-json\/wp\/v2\/tags?post=2853"}],"curies":[{"name":"wp","href":"https:\/\/api.w.org\/{rel}","templated":true}]}}