{"id":2855,"date":"2023-10-28T19:35:03","date_gmt":"2023-10-28T19:35:03","guid":{"rendered":"https:\/\/www.sorumatix.com\/blog\/?p=2855"},"modified":"2023-10-28T19:35:03","modified_gmt":"2023-10-28T19:35:03","slug":"issizligin-ekonomik-ve-toplumsal-sonuclari","status":"publish","type":"post","link":"https:\/\/www.sorumatix.com\/blog\/issizligin-ekonomik-ve-toplumsal-sonuclari.html","title":{"rendered":"\u0130\u015fsizli\u011fin ekonomik ve toplumsal sonu\u00e7lar\u0131"},"content":{"rendered":"<p><center><iframe loading=\"lazy\" width=\"560\" height=\"315\" src=\"https:\/\/www.youtube.com\/embed\/5bSBgPdprlo\" title=\"YouTube video player\" frameborder=\"0\" allow=\"accelerometer; autoplay; clipboard-write; encrypted-media; gyroscope; picture-in-picture; web-share\" allowfullscreen><\/iframe><\/center><html><head><\/head><body><\/p>\n<p>\u0130\u015fsizli\u011fin Ekonomik ve Toplumsal Sonu\u00e7lar\u0131<\/p>\n<p><center><img decoding=\"async\" src=\"https:\/\/www.sorumatix.com\/blog\/wp-content\/uploads\/2023\/09\/uploaded-image-issizligin-ekonomik-ve-toplumsal-sonuclari-1693981929834.jpg\" title=\"\u0130\u015fsizli\u011fin ekonomik ve toplumsal sonu\u00e7lar\u0131 \" alt=\"\u0130\u015fsizli\u011fin ekonomik ve toplumsal sonu\u00e7lar\u0131 \"><\/center><\/p>\n<p>\u0130\u015fsizlik, ekonomik ve toplumsal a\u00e7\u0131dan \u00f6nemli sonu\u00e7lar do\u011furan bir sorundur. Bu makalede, i\u015fsizli\u011fin yaratt\u0131\u011f\u0131 etkileri ve bu durumla ba\u015fa \u00e7\u0131kmak i\u00e7in al\u0131nabilecek \u00f6nlemleri ele alaca\u011f\u0131z.<\/p>\n<p>1. \u0130stihdam\u0131n Azalmas\u0131<\/p>\n<p>\u0130\u015fsizlik, istihdam\u0131n azalmas\u0131 anlam\u0131na gelir. \u0130nsanlar\u0131n i\u015f bulma g\u00fc\u00e7l\u00fc\u011f\u00fcyle kar\u015f\u0131 kar\u015f\u0131ya kald\u0131\u011f\u0131 zamanlarda, i\u015fsizlik oran\u0131 y\u00fckselir ve ekonomi olumsuz etkilenir. \u0130\u015fsizlik nedeniyle i\u015f arayan ki\u015filerin say\u0131s\u0131 artarken, i\u015fverenlerin de yeni i\u015f pozisyonlar\u0131 a\u00e7ma e\u011filimi azal\u0131r. Bu durumda, insanlar\u0131n ge\u00e7imini sa\u011flamak i\u00e7in alternatif kaynaklar bulmalar\u0131 zorla\u015f\u0131r.<\/p>\n<p>2. Gelir Dengesizli\u011fi<\/p>\n<p>\u0130\u015fsizlik, gelir dengesizli\u011fini art\u0131rabilir. \u0130\u015fsizlik oran\u0131n\u0131n y\u00fckselmesiyle birlikte, \u00e7al\u0131\u015fanlar\u0131n gelirleri azal\u0131r veya hi\u00e7 gelir elde edemezler. Bu durum, toplumdaki gelir da\u011f\u0131l\u0131m\u0131n\u0131 bozar ve gelir e\u015fitsizli\u011fini art\u0131r\u0131r. \u0130\u015fsizlikten en \u00e7ok etkilenen genellikle d\u00fc\u015f\u00fck gelirli gruplard\u0131r, \u00e7\u00fcnk\u00fc onlar daha az korunmaya sahip olabilir ve i\u015f arama kaynaklar\u0131na daha s\u0131n\u0131rl\u0131 eri\u015fime sahip olabilirler.<\/p>\n<p>3. Ekonomik B\u00fcy\u00fcme ve Verimlilik Azalmas\u0131<\/p>\n<p>\u0130\u015fsizlik, ekonomik b\u00fcy\u00fcmeyi ve verimlili\u011fi olumsuz etkileyebilir. \u0130\u015fg\u00fcc\u00fcndeki bo\u015fluklar, \u00fcretkenli\u011fi azalt\u0131r ve ekonomik b\u00fcy\u00fcmeyi s\u0131n\u0131rlar. \u0130\u015fsizlik oran\u0131n\u0131n y\u00fcksek oldu\u011fu bir d\u00f6nemde, ekonomik aktivitelerde d\u00fc\u015f\u00fc\u015f g\u00f6zlemlenebilir ve potansiyel b\u00fcy\u00fcme f\u0131rsatlar\u0131 ka\u00e7\u0131r\u0131labilir. \u0130\u015fsizlik, bir ekonomideki kaynaklar\u0131n etkin kullan\u0131m\u0131n\u0131 engeller ve toplumun refah\u0131n\u0131 olumsuz y\u00f6nde etkiler.<\/p>\n<p>4. Sosyal Sorunlar<\/p>\n<p>\u0130\u015fsizlik, sosyal sorunlar\u0131 da beraberinde getirebilir. \u0130\u015fsiz kalan bireylerde psikolojik sorunlar, \u00f6zsayg\u0131 kayb\u0131 ve sosyal izolasyon gibi sorunlar ortaya \u00e7\u0131kabilir. Ayr\u0131ca, i\u015fsizlik toplumda artan su\u00e7 oranlar\u0131, uyu\u015fturucu kullan\u0131m\u0131 ve aile i\u00e7i \u015fiddet gibi olumsuz davran\u0131\u015flar\u0131n da tetikleyicisi olabilir. \u0130\u015fsizlik, toplumsal huzursuzlu\u011fa ve sosyal dokunun zay\u0131flamas\u0131na yol a\u00e7abilir.<\/p>\n<p>\u0130\u015fsizli\u011fin bu olumsuz sonu\u00e7lar\u0131yla ba\u015fa \u00e7\u0131kabilmek i\u00e7in \u00e7e\u015fitli \u00f6nlemler al\u0131nabilir. Bunlar aras\u0131nda:<\/p>\n<p>&#8211; E\u011fitim ve beceri geli\u015ftirme programlar\u0131yla i\u015fsiz bireylerin yeteneklerini art\u0131rmak ve istihdam edilebilirliklerini y\u00fckseltmek.<\/p>\n<p>&#8211; Giri\u015fimcili\u011fi te\u015fvik ederek yeni i\u015f f\u0131rsatlar\u0131 yaratmak.<\/p>\n<p>&#8211; \u0130stihdam politikalar\u0131n\u0131 g\u00f6zden ge\u00e7irerek i\u015fg\u00fcc\u00fc talebini art\u0131rmak.<\/p>\n<p>&#8211; Sosyal g\u00fcvenlik a\u011flar\u0131n\u0131 g\u00fc\u00e7lendirerek i\u015fsizlik d\u00f6nemlerinde insanlar\u0131 desteklemek.<\/p>\n<p>&#8211; Ekonomik b\u00fcy\u00fcmeyi te\u015fvik eden politikalar uygulamak.<\/p>\n<p>Sonu\u00e7 olarak, i\u015fsizlik ekonomik ve toplumsal sonu\u00e7lar\u0131 olan ciddi bir sorundur. Gelir dengesizli\u011fi, ekonomik b\u00fcy\u00fcme ve<\/p>\n<p><\/body><\/html><\/p>\n","protected":false},"excerpt":{"rendered":"<p>\u0130\u015fsizli\u011fin Ekonomik ve Toplumsal Sonu\u00e7lar\u0131 \u0130\u015fsizlik, ekonomik ve toplumsal a\u00e7\u0131dan \u00f6nemli sonu\u00e7lar do\u011furan bir sorundur. Bu makalede, i\u015fsizli\u011fin yaratt\u0131\u011f\u0131 etkileri<\/p>\n","protected":false},"author":1,"featured_media":2841,"comment_status":"open","ping_status":"open","sticky":false,"template":"","format":"standard","meta":{"colormag_page_container_layout":"default_layout","colormag_page_sidebar_layout":"default_layout","footnotes":""},"categories":[8],"tags":[],"class_list":["post-2855","post","type-post","status-publish","format-standard","has-post-thumbnail","hentry","category-ekonomi-ve-finans-dersleri"],"_links":{"self":[{"href":"https:\/\/www.sorumatix.com\/blog\/wp-json\/wp\/v2\/posts\/2855","targetHints":{"allow":["GET"]}}],"collection":[{"href":"https:\/\/www.sorumatix.com\/blog\/wp-json\/wp\/v2\/posts"}],"about":[{"href":"https:\/\/www.sorumatix.com\/blog\/wp-json\/wp\/v2\/types\/post"}],"author":[{"embeddable":true,"href":"https:\/\/www.sorumatix.com\/blog\/wp-json\/wp\/v2\/users\/1"}],"replies":[{"embeddable":true,"href":"https:\/\/www.sorumatix.com\/blog\/wp-json\/wp\/v2\/comments?post=2855"}],"version-history":[{"count":0,"href":"https:\/\/www.sorumatix.com\/blog\/wp-json\/wp\/v2\/posts\/2855\/revisions"}],"wp:featuredmedia":[{"embeddable":true,"href":"https:\/\/www.sorumatix.com\/blog\/wp-json\/wp\/v2\/media\/2841"}],"wp:attachment":[{"href":"https:\/\/www.sorumatix.com\/blog\/wp-json\/wp\/v2\/media?parent=2855"}],"wp:term":[{"taxonomy":"category","embeddable":true,"href":"https:\/\/www.sorumatix.com\/blog\/wp-json\/wp\/v2\/categories?post=2855"},{"taxonomy":"post_tag","embeddable":true,"href":"https:\/\/www.sorumatix.com\/blog\/wp-json\/wp\/v2\/tags?post=2855"}],"curies":[{"name":"wp","href":"https:\/\/api.w.org\/{rel}","templated":true}]}}