{"id":2860,"date":"2023-09-30T17:05:03","date_gmt":"2023-09-30T17:05:03","guid":{"rendered":"https:\/\/www.sorumatix.com\/blog\/?p=2860"},"modified":"2023-09-30T17:05:03","modified_gmt":"2023-09-30T17:05:03","slug":"ataturkun-ekonomi-ile-ilgili-gorus-ve-uygulamalari","status":"publish","type":"post","link":"https:\/\/www.sorumatix.com\/blog\/ataturkun-ekonomi-ile-ilgili-gorus-ve-uygulamalari.html","title":{"rendered":"Atat\u00fcrk\u2019\u00fcn ekonomi ile ilgili g\u00f6r\u00fc\u015f ve uygulamalar\u0131"},"content":{"rendered":"<p><center><iframe loading=\"lazy\" width=\"560\" height=\"315\" src=\"https:\/\/www.youtube.com\/embed\/n-RtEOZ4MNQ\" title=\"YouTube video player\" frameborder=\"0\" allow=\"accelerometer; autoplay; clipboard-write; encrypted-media; gyroscope; picture-in-picture; web-share\" allowfullscreen><\/iframe><\/center><html><head><\/head><body><\/p>\n<p>Atat\u00fcrk&#8217;\u00fcn Ekonomi ile \u0130lgili G\u00f6r\u00fc\u015f ve Uygulamalar\u0131<\/p>\n<p>Merhaba! Bu makalede, T\u00fcrkiye&#8217;nin kurucusu ve \u00f6nderi Mustafa Kemal Atat\u00fcrk&#8217;\u00fcn ekonomiyle ilgili g\u00f6r\u00fc\u015f ve uygulamalar\u0131n\u0131 ele alaca\u011f\u0131z. Atat\u00fcrk, \u00fclkemizi \u00e7a\u011fda\u015f bir ekonomiye kavu\u015fturmay\u0131 hedefleyen \u00f6nemli ad\u0131mlar atm\u0131\u015ft\u0131r. Hadi gelin, onun ekonomi anlay\u0131\u015f\u0131n\u0131 ve icraatlar\u0131n\u0131 yak\u0131ndan inceleyelim.<\/p>\n<p>1. Milli Ekonomi Anlay\u0131\u015f\u0131<\/p>\n<p>Atat\u00fcrk, T\u00fcrkiye&#8217;nin ba\u011f\u0131ms\u0131zl\u0131\u011f\u0131n\u0131 koruyabilmesi i\u00e7in milli ekonomiyi g\u00fc\u00e7lendirmenin \u00f6nemini vurgulam\u0131\u015ft\u0131r. Yabanc\u0131 sermayeye ba\u011f\u0131ml\u0131 olmaktansa, yerli kaynaklar\u0131 kullanarak kalk\u0131nman\u0131n sa\u011flanmas\u0131 gerekti\u011fine inanm\u0131\u015ft\u0131r. Atat\u00fcrk&#8217;\u00fcn milli ekonomi anlay\u0131\u015f\u0131, T\u00fcrkiye&#8217;nin kendi kaynaklar\u0131na dayanan sa\u011flam bir ekonomik yap\u0131ya sahip olmas\u0131n\u0131 savunmu\u015ftur.<\/p>\n<p>2. Sanayile\u015fme Politikalar\u0131<\/p>\n<p>Atat\u00fcrk, T\u00fcrkiye&#8217;nin sanayile\u015fmesi ve end\u00fcstriyel \u00fcretimin art\u0131r\u0131lmas\u0131 i\u00e7in \u00e7e\u015fitli politikalar uygulam\u0131\u015ft\u0131r. \u00d6zellikle tar\u0131m \u00fcr\u00fcnlerinin i\u015flenerek katma de\u011ferinin art\u0131r\u0131lmas\u0131 i\u00e7in fabrikalar kurulmu\u015ftur. Sanayile\u015fme sayesinde \u00fclkenin d\u0131\u015fa ba\u011f\u0131ml\u0131l\u0131\u011f\u0131 azalt\u0131lacak ve istihdam f\u0131rsatlar\u0131 yarat\u0131lacakt\u0131r.<\/p>\n<p>3. Tar\u0131m ve K\u00f6y \u0130\u015fleri Politikalar\u0131<\/p>\n<p>Atat\u00fcrk, tar\u0131m\u0131n T\u00fcrkiye&#8217;nin en \u00f6nemli sekt\u00f6rlerinden biri oldu\u011funu bilmekteydi. Bu nedenle tar\u0131m\u0131n geli\u015ftirilmesine b\u00fcy\u00fck \u00f6nem vermi\u015ftir. K\u00f6yl\u00fclerin ya\u015fam standartlar\u0131n\u0131 y\u00fckseltmek amac\u0131yla k\u00f6ylerde modern tar\u0131m y\u00f6ntemlerinin kullan\u0131m\u0131n\u0131 te\u015fvik etmi\u015ftir. Ayn\u0131 zamanda tar\u0131msal \u00fcretimi art\u0131rmak i\u00e7in sulama projeleri ger\u00e7ekle\u015ftirilmi\u015ftir.<\/p>\n<p>4. E\u011fitim ve Ara\u015ft\u0131rma<\/p>\n<p>Atat\u00fcrk, ekonominin geli\u015fmesi i\u00e7in e\u011fitimin ve ara\u015ft\u0131rman\u0131n \u00f6nemini vurgulam\u0131\u015ft\u0131r. \u00dcniversitelerin kurulmas\u0131, bilimsel \u00e7al\u0131\u015fmalara destek verilmesi ve teknik e\u011fitimin yayg\u0131nla\u015ft\u0131r\u0131lmas\u0131 gibi ad\u0131mlar at\u0131lm\u0131\u015ft\u0131r. Bu sayede nitelikli insan kayna\u011f\u0131 yeti\u015ftirilerek teknolojik yeniliklerin \u00fclkede ger\u00e7ekle\u015ftirilmesi hedeflenmi\u015ftir.<\/p>\n<p><center><img decoding=\"async\" src=\"https:\/\/www.sorumatix.com\/blog\/wp-content\/uploads\/2023\/09\/uploaded-image-ataturkun-ekonomi-ile-ilgili-gorus-ve-uygulamalari-1693981930144.jpg\" title=\"Atat\u00fcrk\u2019\u00fcn ekonomi ile ilgili g\u00f6r\u00fc\u015f ve uygulamalar\u0131 \" alt=\"Atat\u00fcrk\u2019\u00fcn ekonomi ile ilgili g\u00f6r\u00fc\u015f ve uygulamalar\u0131 \"><\/center><\/p>\n<p>5. D\u0131\u015f Ticaret Politikalar\u0131<\/p>\n<p>Atat\u00fcrk, T\u00fcrkiye&#8217;nin d\u0131\u015f ticaretini dengelemek ve s\u00fcrd\u00fcr\u00fclebilir bir d\u0131\u015f ticaret politikas\u0131 izlemek i\u00e7in \u00e7aba g\u00f6stermi\u015ftir. Yabanc\u0131 sermayeye dayal\u0131 d\u0131\u015fa ba\u011f\u0131ml\u0131l\u0131\u011f\u0131 azaltmak amac\u0131yla i\u00e7 piyasay\u0131 korumak ve yerli sanayiyi desteklemek \u00f6n plana \u00e7\u0131km\u0131\u015ft\u0131r. Ayn\u0131 zamanda d\u0131\u015f ticaretteki dengeyi sa\u011flamak i\u00e7in g\u00fcmr\u00fck vergileri ve ticaret anla\u015fmalar\u0131 gibi ara\u00e7lar kullan\u0131lm\u0131\u015ft\u0131r.<\/p>\n<p>Sonu\u00e7 olarak, Atat\u00fcrk&#8217;\u00fcn ekonomiyle ilgili g\u00f6r\u00fc\u015f ve uygulamalar\u0131, T\u00fcrkiye&#8217;nin ba\u011f\u0131ms\u0131zl\u0131k ve kalk\u0131nma hedefleri do\u011frultusunda \u015fekillenmi\u015ftir. Milli ekonomi anlay\u0131\u015f\u0131, sanayile\u015fme politikalar\u0131, tar\u0131m ve k\u00f6y i\u015fleri politikalar\u0131, e\u011fitim ve ara\u015ft\u0131rma faaliyetleri, d\u0131\u015f ticaret politikalar\u0131 gibi alanlarda at\u0131lan ad\u0131mlar \u00fclkemizin ekonomik geli\u015fimine katk\u0131 sa\u011flam\u0131\u015ft<\/p>\n<p><\/body><\/html><\/p>\n","protected":false},"excerpt":{"rendered":"<p>Atat\u00fcrk&#8217;\u00fcn Ekonomi ile \u0130lgili G\u00f6r\u00fc\u015f ve Uygulamalar\u0131 Merhaba! Bu makalede, T\u00fcrkiye&#8217;nin kurucusu ve \u00f6nderi Mustafa Kemal Atat\u00fcrk&#8217;\u00fcn ekonomiyle ilgili g\u00f6r\u00fc\u015f<\/p>\n","protected":false},"author":1,"featured_media":2846,"comment_status":"open","ping_status":"open","sticky":false,"template":"","format":"standard","meta":{"colormag_page_container_layout":"default_layout","colormag_page_sidebar_layout":"default_layout","footnotes":""},"categories":[8],"tags":[],"class_list":["post-2860","post","type-post","status-publish","format-standard","has-post-thumbnail","hentry","category-ekonomi-ve-finans-dersleri"],"_links":{"self":[{"href":"https:\/\/www.sorumatix.com\/blog\/wp-json\/wp\/v2\/posts\/2860","targetHints":{"allow":["GET"]}}],"collection":[{"href":"https:\/\/www.sorumatix.com\/blog\/wp-json\/wp\/v2\/posts"}],"about":[{"href":"https:\/\/www.sorumatix.com\/blog\/wp-json\/wp\/v2\/types\/post"}],"author":[{"embeddable":true,"href":"https:\/\/www.sorumatix.com\/blog\/wp-json\/wp\/v2\/users\/1"}],"replies":[{"embeddable":true,"href":"https:\/\/www.sorumatix.com\/blog\/wp-json\/wp\/v2\/comments?post=2860"}],"version-history":[{"count":0,"href":"https:\/\/www.sorumatix.com\/blog\/wp-json\/wp\/v2\/posts\/2860\/revisions"}],"wp:featuredmedia":[{"embeddable":true,"href":"https:\/\/www.sorumatix.com\/blog\/wp-json\/wp\/v2\/media\/2846"}],"wp:attachment":[{"href":"https:\/\/www.sorumatix.com\/blog\/wp-json\/wp\/v2\/media?parent=2860"}],"wp:term":[{"taxonomy":"category","embeddable":true,"href":"https:\/\/www.sorumatix.com\/blog\/wp-json\/wp\/v2\/categories?post=2860"},{"taxonomy":"post_tag","embeddable":true,"href":"https:\/\/www.sorumatix.com\/blog\/wp-json\/wp\/v2\/tags?post=2860"}],"curies":[{"name":"wp","href":"https:\/\/api.w.org\/{rel}","templated":true}]}}