{"id":2863,"date":"2023-12-14T14:45:03","date_gmt":"2023-12-14T14:45:03","guid":{"rendered":"https:\/\/www.sorumatix.com\/blog\/?p=2863"},"modified":"2023-12-14T14:45:03","modified_gmt":"2023-12-14T14:45:03","slug":"turkiyede-verim-dusuklugu-ile-milli-gelir-arasindaki-iliski","status":"publish","type":"post","link":"https:\/\/www.sorumatix.com\/blog\/turkiyede-verim-dusuklugu-ile-milli-gelir-arasindaki-iliski.html","title":{"rendered":"T\u00fcrkiye\u2019de verim d\u00fc\u015f\u00fckl\u00fc\u011f\u00fc ile mill\u00ee gelir aras\u0131ndaki ili\u015fki"},"content":{"rendered":"<p><center><iframe loading=\"lazy\" width=\"560\" height=\"315\" src=\"https:\/\/www.youtube.com\/embed\/awsr2uncY4U\" title=\"YouTube video player\" frameborder=\"0\" allow=\"accelerometer; autoplay; clipboard-write; encrypted-media; gyroscope; picture-in-picture; web-share\" allowfullscreen><\/iframe><\/center><html><head><\/head><body><\/p>\n<p>T\u00fcrkiye&#8217;de Verim D\u00fc\u015f\u00fckl\u00fc\u011f\u00fc ile Mill\u00ee Gelir Aras\u0131ndaki \u0130li\u015fki<\/p>\n<p>Merhaba gen\u00e7ler! Bug\u00fcn sizlere T\u00fcrkiye&#8217;de verim d\u00fc\u015f\u00fckl\u00fc\u011f\u00fc ile mill\u00ee gelir aras\u0131ndaki ili\u015fkiden bahsedece\u011fim. Bu konu, \u00fclkemizin ekonomik durumu hakk\u0131nda \u00f6nemli bir g\u00f6sterge olup, gelecekteki kalk\u0131nma potansiyelimizi etkileyebilir. Hadi gelin, bu konuyu daha yak\u0131ndan inceleyelim!<\/p>\n<p>1. Verim D\u00fc\u015f\u00fckl\u00fc\u011f\u00fc Nedir?<\/p>\n<p>Verim d\u00fc\u015f\u00fckl\u00fc\u011f\u00fc, bir ekonomide \u00fcretkenlik seviyesinin d\u00fc\u015f\u00fck olmas\u0131 durumunu ifade eder. Yani, belirli bir \u00fcretim miktar\u0131 i\u00e7in gereken kaynaklar\u0131n fazla kullan\u0131lmas\u0131 veya az \u00e7\u0131kt\u0131 elde edilmesi anlam\u0131na gelir. \u00d6rne\u011fin, tar\u0131m sekt\u00f6r\u00fcnde verim d\u00fc\u015f\u00fckl\u00fc\u011f\u00fc, topraklar\u0131n optimum \u015fekilde kullan\u0131lmamas\u0131, sulama sistemlerinin yetersiz olmas\u0131 veya do\u011fru tar\u0131m y\u00f6ntemlerinin uygulanmamas\u0131 gibi fakt\u00f6rlerle ortaya \u00e7\u0131kabilir.<\/p>\n<p>2. Mill\u00ee Gelir ve \u0130li\u015fkisi<\/p>\n<p>Mill\u00ee gelir, bir \u00fclkenin belirli bir d\u00f6nemde \u00fcretilen mal ve hizmetlerin toplam de\u011ferini ifade eder. Yani, \u00fclkenin ekonomik b\u00fcy\u00fckl\u00fc\u011f\u00fcn\u00fc ve gelir da\u011f\u0131l\u0131m\u0131n\u0131 g\u00f6steren bir \u00f6l\u00e7\u00fctt\u00fcr. T\u00fcrkiye&#8217;de mill\u00ee gelir, \u00fclkemizin ekonomik geli\u015fimini ve refah seviyesini yans\u0131t\u0131r.<\/p>\n<p>Verim d\u00fc\u015f\u00fckl\u00fc\u011f\u00fc ile mill\u00ee gelir aras\u0131ndaki ili\u015fki olduk\u00e7a \u00f6nemlidir. E\u011fer bir \u00fclkede verim d\u00fc\u015f\u00fckl\u00fc\u011f\u00fc sorunu varsa, bu durum genellikle mill\u00ee geliri olumsuz etkiler. Daha az \u00fcretilen mal ve hizmetler, toplam gelirin azalmas\u0131na neden olur ve dolay\u0131s\u0131yla ekonomik b\u00fcy\u00fcme h\u0131z\u0131 yava\u015flar.<\/p>\n<p>3. T\u00fcrkiye&#8217;de Verim D\u00fc\u015f\u00fckl\u00fc\u011f\u00fc<\/p>\n<p>T\u00fcrkiye, tar\u0131m, sanayi ve hizmet sekt\u00f6rleriyle \u00e7e\u015fitlendirilmi\u015f bir ekonomiye sahiptir. Ancak, baz\u0131 alanlarda verim d\u00fc\u015f\u00fckl\u00fc\u011f\u00fc sorunlar\u0131 ya\u015fanmaktad\u0131r. \u00d6zellikle tar\u0131m sekt\u00f6r\u00fcnde, teknolojik yeniliklere yeterince adapte olunamamas\u0131, sulama sistemlerinin yetersizli\u011fi ve verimli topraklar\u0131n do\u011fru \u015fekilde kullan\u0131lmamas\u0131 gibi fakt\u00f6rler verim d\u00fc\u015f\u00fckl\u00fc\u011f\u00fcn\u00fc tetikler.<\/p>\n<p>Ayr\u0131ca, e\u011fitim d\u00fczeyinin d\u00fc\u015f\u00fck olmas\u0131, nitelikli i\u015fg\u00fcc\u00fc eksikli\u011fi ve giri\u015fimcilik k\u00fclt\u00fcr\u00fcn\u00fcn yeterince geli\u015fmemesi de verim d\u00fc\u015f\u00fckl\u00fc\u011f\u00fcn\u00fc etkileyen di\u011fer fakt\u00f6rler aras\u0131ndad\u0131r.<\/p>\n<p>4. \u00c7\u00f6z\u00fcm \u00d6nerileri<\/p>\n<p>Verim d\u00fc\u015f\u00fckl\u00fc\u011f\u00fcn\u00fc azaltmak ve mill\u00ee geliri art\u0131rmak i\u00e7in baz\u0131 \u00e7\u00f6z\u00fcm \u00f6nerileri vard\u0131r:<\/p>\n<p>&#8211; Tar\u0131m sekt\u00f6r\u00fcnde teknolojik yeniliklere ve modern tar\u0131m y\u00f6ntemlerine daha fazla yat\u0131r\u0131m yap\u0131lmal\u0131d\u0131r.<\/p>\n<p><center><img decoding=\"async\" src=\"https:\/\/www.sorumatix.com\/blog\/wp-content\/uploads\/2023\/09\/uploaded-image-turkiyede-verim-dusuklugu-ile-milli-gelir-arasindaki-iliski-1693981929816.jpg\" title=\"T\u00fcrkiye\u2019de verim d\u00fc\u015f\u00fckl\u00fc\u011f\u00fc ile mill\u00ee gelir aras\u0131ndaki ili\u015fki \" alt=\"T\u00fcrkiye\u2019de verim d\u00fc\u015f\u00fckl\u00fc\u011f\u00fc ile mill\u00ee gelir aras\u0131ndaki ili\u015fki \"><\/center><\/p>\n<p>&#8211; Sulama sistemleri iyile\u015ftirilmeli ve su kaynaklar\u0131n\u0131n etkin kullan\u0131m\u0131 te\u015fvik edilmelidir.<\/p>\n<p>&#8211; E\u011fitim sistemi ve mesleki e\u011fitim programlar\u0131 g\u00fcncellenmeli, nitelikli i\u015fg\u00fcc\u00fcn\u00fcn yeti\u015fmesi desteklenmelidir.<\/p>\n<p>&#8211; \u0130novasyon ve Ar-Ge faaliyetlerine daha fazla \u00f6nem verilmeli, giri\u015fimcilik k\u00fclt\u00fcr\u00fc te\u015fvik edilmelidir.<\/p>\n<p>Sonu\u00e7 olarak, T\u00fcrkiye&#8217;de verim d\u00fc\u015f\u00fckl\u00fc\u011f\u00fc ile mill\u00ee gelir ar<\/p>\n<p><\/body><\/html><\/p>\n","protected":false},"excerpt":{"rendered":"<p>T\u00fcrkiye&#8217;de Verim D\u00fc\u015f\u00fckl\u00fc\u011f\u00fc ile Mill\u00ee Gelir Aras\u0131ndaki \u0130li\u015fki Merhaba gen\u00e7ler! Bug\u00fcn sizlere T\u00fcrkiye&#8217;de verim d\u00fc\u015f\u00fckl\u00fc\u011f\u00fc ile mill\u00ee gelir aras\u0131ndaki ili\u015fkiden<\/p>\n","protected":false},"author":1,"featured_media":2845,"comment_status":"open","ping_status":"open","sticky":false,"template":"","format":"standard","meta":{"colormag_page_container_layout":"default_layout","colormag_page_sidebar_layout":"default_layout","footnotes":""},"categories":[8],"tags":[],"class_list":["post-2863","post","type-post","status-publish","format-standard","has-post-thumbnail","hentry","category-ekonomi-ve-finans-dersleri"],"_links":{"self":[{"href":"https:\/\/www.sorumatix.com\/blog\/wp-json\/wp\/v2\/posts\/2863","targetHints":{"allow":["GET"]}}],"collection":[{"href":"https:\/\/www.sorumatix.com\/blog\/wp-json\/wp\/v2\/posts"}],"about":[{"href":"https:\/\/www.sorumatix.com\/blog\/wp-json\/wp\/v2\/types\/post"}],"author":[{"embeddable":true,"href":"https:\/\/www.sorumatix.com\/blog\/wp-json\/wp\/v2\/users\/1"}],"replies":[{"embeddable":true,"href":"https:\/\/www.sorumatix.com\/blog\/wp-json\/wp\/v2\/comments?post=2863"}],"version-history":[{"count":1,"href":"https:\/\/www.sorumatix.com\/blog\/wp-json\/wp\/v2\/posts\/2863\/revisions"}],"predecessor-version":[{"id":5118,"href":"https:\/\/www.sorumatix.com\/blog\/wp-json\/wp\/v2\/posts\/2863\/revisions\/5118"}],"wp:featuredmedia":[{"embeddable":true,"href":"https:\/\/www.sorumatix.com\/blog\/wp-json\/wp\/v2\/media\/2845"}],"wp:attachment":[{"href":"https:\/\/www.sorumatix.com\/blog\/wp-json\/wp\/v2\/media?parent=2863"}],"wp:term":[{"taxonomy":"category","embeddable":true,"href":"https:\/\/www.sorumatix.com\/blog\/wp-json\/wp\/v2\/categories?post=2863"},{"taxonomy":"post_tag","embeddable":true,"href":"https:\/\/www.sorumatix.com\/blog\/wp-json\/wp\/v2\/tags?post=2863"}],"curies":[{"name":"wp","href":"https:\/\/api.w.org\/{rel}","templated":true}]}}