{"id":2866,"date":"2023-09-21T08:15:03","date_gmt":"2023-09-21T08:15:03","guid":{"rendered":"https:\/\/www.sorumatix.com\/blog\/?p=2866"},"modified":"2023-09-21T08:15:03","modified_gmt":"2023-09-21T08:15:03","slug":"kaynaklar-ile-ihtiyaclar-arasindaki-dengesizlik","status":"publish","type":"post","link":"https:\/\/www.sorumatix.com\/blog\/kaynaklar-ile-ihtiyaclar-arasindaki-dengesizlik.html","title":{"rendered":"Kaynaklar ile ihtiya\u00e7lar aras\u0131ndaki dengesizlik"},"content":{"rendered":"<p><center><iframe loading=\"lazy\" width=\"560\" height=\"315\" src=\"https:\/\/www.youtube.com\/embed\/ySNMwyqEL_4\" title=\"YouTube video player\" frameborder=\"0\" allow=\"accelerometer; autoplay; clipboard-write; encrypted-media; gyroscope; picture-in-picture; web-share\" allowfullscreen><\/iframe><\/center><html><head><\/head><body><\/p>\n<p>Kaynaklar ile \u0130htiya\u00e7lar Aras\u0131ndaki Dengesizlik: Ortaokul \u00d6\u011frencilerinin Derslerinde Kar\u015f\u0131la\u015ft\u0131klar\u0131 Zorluklar<\/p>\n<p>Merhaba! Bu makalede, ortaokul \u00f6\u011frencilerinin derslerinde kar\u015f\u0131la\u015ft\u0131\u011f\u0131 kaynaklar ile ihtiya\u00e7lar aras\u0131ndaki dengesizlik konusunu ele alaca\u011f\u0131z. \u00d6zellikle 10-13 ya\u015f aral\u0131\u011f\u0131ndaki \u00e7ocuklar i\u00e7in yaz\u0131lan bu makale, size basit ve anla\u015f\u0131l\u0131r bir dilde bilgi sunmay\u0131 hedeflemektedir.<\/p>\n<p>1. \u00c7ok Fazla Bilgi, S\u0131n\u0131rl\u0131 Zaman:<\/p>\n<p>Ortaokul d\u00f6nemi, \u00f6\u011frencilerin daha karma\u015f\u0131k konularla tan\u0131\u015ft\u0131\u011f\u0131 bir zaman dilimidir. Ancak, s\u0131n\u0131flar\u0131nda \u00f6\u011frendikleri konular\u0131n \u00e7oklu\u011fuyla ba\u015fa \u00e7\u0131kabilmek zor olabilir. \u00d6\u011frenciler, belirli bir derse yeterli zaman ay\u0131ramadan bir sonraki derse ge\u00e7mek zorunda kalabilirler. Bu durumda, kaynaklar ile ihtiya\u00e7lar aras\u0131nda bir denge sa\u011flamak olduk\u00e7a \u00f6nemlidir.<\/p>\n<p><center><img decoding=\"async\" src=\"https:\/\/www.sorumatix.com\/blog\/wp-content\/uploads\/2023\/09\/uploaded-image-kaynaklar-ile-ihtiyaclar-arasindaki-dengesizlik-1693981930444.jpg\" title=\"Kaynaklar ile ihtiya\u00e7lar aras\u0131ndaki dengesizlik \" alt=\"Kaynaklar ile ihtiya\u00e7lar aras\u0131ndaki dengesizlik \"><\/center><\/p>\n<p>2. Ders Kitaplar\u0131 ve Yard\u0131mc\u0131 Kaynaklar:<\/p>\n<p>Ortaokul \u00f6\u011frencileri genellikle ders kitaplar\u0131na g\u00fcvenirler. Ancak, bazen ders kitaplar\u0131, konular\u0131 daha iyi anlamalar\u0131n\u0131 sa\u011flayacak a\u00e7\u0131klamalar veya \u00f6rneklerle yetersiz olabilir. Bu noktada, \u00f6\u011frencilerin ek kaynaklara ula\u015fmalar\u0131 \u00f6nemlidir. \u0130nternet, kitaplar veya \u00e7evrimi\u00e7i e\u011fitim platformlar\u0131 gibi kaynaklardan yararlanarak \u00f6\u011frencilerin ihtiya\u00e7 duyduklar\u0131 bilgileri bulmalar\u0131na yard\u0131mc\u0131 olunabilir.<\/p>\n<p>3. \u00d6\u011fretmenlerin Rol\u00fc:<\/p>\n<p>\u00d6\u011fretmenler, kaynaklar ile ihtiya\u00e7lar aras\u0131ndaki dengeyi sa\u011flamada \u00f6nemli bir rol oynarlar. \u0130yi bir \u00f6\u011fretmen, \u00f6\u011frencilerin ihtiya\u00e7lar\u0131na uygun ders materyalleri sunabilir ve onlar\u0131 do\u011fru kaynaklara y\u00f6nlendirebilir. Ayr\u0131ca, s\u0131n\u0131fta etkile\u015fimli ve e\u011flenceli \u00f6\u011frenme ortamlar\u0131 olu\u015fturarak \u00f6\u011frencilerin daha fazla motive olmas\u0131n\u0131 sa\u011flayabilirler.<\/p>\n<p>4. Ebeveynlerin Destekleri:<\/p>\n<p>Ebeveynlerin de \u00e7ocuklar\u0131n\u0131n e\u011fitim s\u00fcrecinde aktif bir rol oynamalar\u0131 \u00f6nemlidir. Ebeveynler, \u00e7ocuklar\u0131n\u0131n okulda kar\u015f\u0131la\u015ft\u0131klar\u0131 zorluklar\u0131 anlamal\u0131 ve onlara destek olmal\u0131d\u0131r. Ders \u00e7al\u0131\u015fma saatlerini d\u00fczenlemek, \u00e7ocuklar\u0131n kaynaklara eri\u015fimini sa\u011flamak ve onlar\u0131 motive etmek, kaynaklar ile ihtiya\u00e7lar aras\u0131ndaki dengeyi korumak a\u00e7\u0131s\u0131ndan \u00f6nemlidir.<\/p>\n<p>5. \u00d6\u011frencilerin Kendi \u0130htiya\u00e7lar\u0131:<\/p>\n<p>Her \u00f6\u011frencinin \u00f6\u011frenme stilleri ve ihtiya\u00e7lar\u0131 farkl\u0131 olabilir. Baz\u0131 \u00f6\u011frenciler, g\u00f6rsel materyallerden daha fazla faydalan\u0131rken, baz\u0131lar\u0131 konular\u0131 daha iyi anlamak i\u00e7in sesli a\u00e7\u0131klamalara ihtiya\u00e7 duyabilir. \u00d6\u011frenciler, kendi \u00f6\u011frenme stillerine uygun kaynaklara eri\u015fim sa\u011flayarak derslerindeki ba\u015far\u0131lar\u0131n\u0131 art\u0131rabilirler.<\/p>\n<p>Sonu\u00e7 olarak, ortaokul \u00f6\u011frencileri i\u00e7in kaynaklar ile ihtiya\u00e7lar aras\u0131nda denge sa\u011flamak b\u00fcy\u00fck \u00f6nem ta\u015f\u0131maktad\u0131r. \u00d6\u011fretmenlerin, ebeveynlerin ve \u00f6\u011frencilerin i\u015fbirli\u011fi i\u00e7inde \u00e7al\u0131\u015fmas\u0131, bu dengeyi korumada yard\u0131mc\u0131 olabilir. Her \u00e7ocu\u011fun \u00f6\u011frenme s\u00fcreci biriciktir ve onlar\u0131n ihtiya\u00e7lar\u0131n\u0131 kar\u015f\u0131lamak i\u00e7in uygun kaynaklara eri\u015fim<\/p>\n<p><\/body><\/html><\/p>\n","protected":false},"excerpt":{"rendered":"<p>Kaynaklar ile \u0130htiya\u00e7lar Aras\u0131ndaki Dengesizlik: Ortaokul \u00d6\u011frencilerinin Derslerinde Kar\u015f\u0131la\u015ft\u0131klar\u0131 Zorluklar Merhaba! Bu makalede, ortaokul \u00f6\u011frencilerinin derslerinde kar\u015f\u0131la\u015ft\u0131\u011f\u0131 kaynaklar ile ihtiya\u00e7lar<\/p>\n","protected":false},"author":1,"featured_media":2850,"comment_status":"open","ping_status":"open","sticky":false,"template":"","format":"standard","meta":{"colormag_page_container_layout":"default_layout","colormag_page_sidebar_layout":"default_layout","footnotes":""},"categories":[8],"tags":[],"class_list":["post-2866","post","type-post","status-publish","format-standard","has-post-thumbnail","hentry","category-ekonomi-ve-finans-dersleri"],"_links":{"self":[{"href":"https:\/\/www.sorumatix.com\/blog\/wp-json\/wp\/v2\/posts\/2866","targetHints":{"allow":["GET"]}}],"collection":[{"href":"https:\/\/www.sorumatix.com\/blog\/wp-json\/wp\/v2\/posts"}],"about":[{"href":"https:\/\/www.sorumatix.com\/blog\/wp-json\/wp\/v2\/types\/post"}],"author":[{"embeddable":true,"href":"https:\/\/www.sorumatix.com\/blog\/wp-json\/wp\/v2\/users\/1"}],"replies":[{"embeddable":true,"href":"https:\/\/www.sorumatix.com\/blog\/wp-json\/wp\/v2\/comments?post=2866"}],"version-history":[{"count":0,"href":"https:\/\/www.sorumatix.com\/blog\/wp-json\/wp\/v2\/posts\/2866\/revisions"}],"wp:featuredmedia":[{"embeddable":true,"href":"https:\/\/www.sorumatix.com\/blog\/wp-json\/wp\/v2\/media\/2850"}],"wp:attachment":[{"href":"https:\/\/www.sorumatix.com\/blog\/wp-json\/wp\/v2\/media?parent=2866"}],"wp:term":[{"taxonomy":"category","embeddable":true,"href":"https:\/\/www.sorumatix.com\/blog\/wp-json\/wp\/v2\/categories?post=2866"},{"taxonomy":"post_tag","embeddable":true,"href":"https:\/\/www.sorumatix.com\/blog\/wp-json\/wp\/v2\/tags?post=2866"}],"curies":[{"name":"wp","href":"https:\/\/api.w.org\/{rel}","templated":true}]}}