{"id":2874,"date":"2023-12-07T02:53:03","date_gmt":"2023-12-07T02:53:03","guid":{"rendered":"https:\/\/www.sorumatix.com\/blog\/?p=2874"},"modified":"2023-12-07T02:53:03","modified_gmt":"2023-12-07T02:53:03","slug":"turkiyenin-abye-tam-uyeligi-surecinde-yapilan-calismalarin-ilerleme-surecine-etkileri","status":"publish","type":"post","link":"https:\/\/www.sorumatix.com\/blog\/turkiyenin-abye-tam-uyeligi-surecinde-yapilan-calismalarin-ilerleme-surecine-etkileri.html","title":{"rendered":"T\u00fcrkiye\u2019nin AB\u2019ye tam \u00fcyeli\u011fi s\u00fcrecinde yap\u0131lan \u00e7al\u0131\u015fmalar\u0131n ilerleme s\u00fcrecine etkileri"},"content":{"rendered":"<p><center><iframe loading=\"lazy\" width=\"560\" height=\"315\" src=\"https:\/\/www.youtube.com\/embed\/FUpkulEfwAk\" title=\"YouTube video player\" frameborder=\"0\" allow=\"accelerometer; autoplay; clipboard-write; encrypted-media; gyroscope; picture-in-picture; web-share\" allowfullscreen><\/iframe><\/center><html><head><\/head><body><\/p>\n<p>T\u00fcrkiye&#8217;nin AB&#8217;ye Tam \u00dcyeli\u011fi S\u00fcrecinde Yap\u0131lan \u00c7al\u0131\u015fmalar\u0131n \u0130lerleme S\u00fcrecine Etkileri<\/p>\n<p>T\u00fcrkiye&#8217;nin Avrupa Birli\u011fi&#8217;ne (AB) tam \u00fcyeli\u011fi s\u00fcreci, \u00fclkemizin uluslararas\u0131 ili\u015fkilerindeki en \u00f6nemli g\u00fcndem maddelerinden biridir. Bu s\u00fcre\u00e7te yap\u0131lan \u00e7al\u0131\u015fmalar, T\u00fcrkiye&#8217;nin AB standartlar\u0131na uyum sa\u011flamas\u0131n\u0131 ve ilerlemesini hedeflemektedir. \u0130\u015fte T\u00fcrkiye&#8217;nin AB&#8217;ye tam \u00fcyeli\u011fi s\u00fcrecinde yap\u0131lan \u00e7al\u0131\u015fmalar\u0131n ilerleme s\u00fcrecine etkileri:<\/p>\n<p>1. Hukuki ve Kurumsal Reformlar: T\u00fcrkiye, AB \u00fcyeli\u011fi i\u00e7in mevzuat\u0131n\u0131n AB normlar\u0131na uyumlu hale getirilmesi konusunda \u00f6nemli ad\u0131mlar atm\u0131\u015ft\u0131r. Bu kapsamda, T\u00fcrk Ceza Kanunu ve T\u00fcrk Ticaret Kanunu gibi bir\u00e7ok yasa AB&#8217;ye uyumlu hale getirilmi\u015ftir. Ayr\u0131ca, kamu y\u00f6netimi, adalet sistemi ve insan haklar\u0131 alan\u0131nda reformlar ger\u00e7ekle\u015ftirilerek kurumsal kapasite g\u00fc\u00e7lendirilmi\u015ftir.<\/p>\n<p><center><img decoding=\"async\" src=\"https:\/\/www.sorumatix.com\/blog\/wp-content\/uploads\/2023\/09\/uploaded-image-turkiyenin-abye-tam-uyeligi-surecinde-yapilan-calismalarin-ilerleme-surecine-etkileri-1693981931354.jpg\" title=\"T\u00fcrkiye\u2019nin AB\u2019ye tam \u00fcyeli\u011fi s\u00fcrecinde yap\u0131lan \u00e7al\u0131\u015fmalar\u0131n ilerleme s\u00fcrecine etkileri \" alt=\"T\u00fcrkiye\u2019nin AB\u2019ye tam \u00fcyeli\u011fi s\u00fcrecinde yap\u0131lan \u00e7al\u0131\u015fmalar\u0131n ilerleme s\u00fcrecine etkileri \"><\/center><\/p>\n<p>2. Ekonomik Uyum: AB \u00fcyeli\u011fi s\u00fcrecinde T\u00fcrkiye, ekonomik entegrasyonu sa\u011flamak i\u00e7in bir dizi reform ger\u00e7ekle\u015ftirmi\u015ftir. G\u00fcmr\u00fck birli\u011fi ve serbest ticaret anla\u015fmalar\u0131yla AB ile olan ekonomik ili\u015fkiler derinle\u015ftirilmi\u015ftir. Ayr\u0131ca, AB m\u00fcktesebat\u0131na uyumlu ekonomik d\u00fczenlemeler yap\u0131larak rekabet\u00e7ilik art\u0131r\u0131lm\u0131\u015f ve piyasa reformlar\u0131 ger\u00e7ekle\u015ftirilmi\u015ftir.<\/p>\n<p>3. Demokratikle\u015fme ve \u0130nsan Haklar\u0131: T\u00fcrkiye, AB \u00fcyeli\u011fi s\u00fcrecinde demokratik kurumlar\u0131n g\u00fc\u00e7lendirilmesi ve insan haklar\u0131n\u0131n korunmas\u0131 konusunda \u00f6nemli ad\u0131mlar atm\u0131\u015ft\u0131r. Yarg\u0131 ba\u011f\u0131ms\u0131zl\u0131\u011f\u0131, ifade \u00f6zg\u00fcrl\u00fc\u011f\u00fc, bas\u0131n \u00f6zg\u00fcrl\u00fc\u011f\u00fc gibi alanlarda reformlar yap\u0131larak demokratik standartlar y\u00fckseltilmi\u015ftir.<\/p>\n<p>4. B\u00f6lgesel Uyum: T\u00fcrkiye&#8217;nin AB&#8217;ye tam \u00fcyeli\u011fi s\u00fcreci, b\u00f6lgesel kalk\u0131nma ve i\u015fbirli\u011fi i\u00e7in de f\u0131rsatlar sunmu\u015ftur. AB fonlar\u0131ndan destek alarak, T\u00fcrkiye&#8217;nin do\u011fu b\u00f6lgelerinin kalk\u0131nmas\u0131 ve rekabet g\u00fcc\u00fcn\u00fcn art\u0131r\u0131lmas\u0131 hedeflenmi\u015ftir. Ayr\u0131ca, AB projeleri ve programlar\u0131 sayesinde sivil toplum kurulu\u015flar\u0131 ve yerel y\u00f6netimler aras\u0131nda i\u015fbirli\u011fi geli\u015ftirilerek b\u00f6lgesel entegrasyon sa\u011flanm\u0131\u015ft\u0131r.<\/p>\n<p>5. K\u00fclt\u00fcrel De\u011fi\u015fim ve Diyalog: AB \u00fcyeli\u011fi s\u00fcreci, T\u00fcrkiye&#8217;nin k\u00fclt\u00fcrel a\u00e7\u0131dan Avrupa de\u011ferleriyle daha yak\u0131nla\u015fmas\u0131n\u0131 sa\u011flam\u0131\u015ft\u0131r. \u00c7e\u015fitli k\u00fclt\u00fcrel de\u011fi\u015fim programlar\u0131 ve gen\u00e7lik projeleri sayesinde T\u00fcrk ve Avrupal\u0131 gen\u00e7ler aras\u0131nda k\u00fclt\u00fcrel diyalog ve anlay\u0131\u015f artm\u0131\u015ft\u0131r. Bu da toplumlar aras\u0131 ili\u015fkilerin g\u00fc\u00e7lenmesine katk\u0131 sa\u011flam\u0131\u015ft\u0131r.<\/p>\n<p>T\u00fcrkiye&#8217;nin AB&#8217;ye tam \u00fcyeli\u011fi s\u00fcrecinde yap\u0131lan \u00e7al\u0131\u015fmalar, \u00fclkemizin bir\u00e7ok alanda ilerleme kaydetmesini sa\u011flam\u0131\u015ft\u0131r. Ancak, bu s\u00fcre\u00e7te baz\u0131 zorluklarla da kar\u015f\u0131la\u015f\u0131lm\u0131\u015ft\u0131r. Tam \u00fcyelik m\u00fczakerelerinin uzamas\u0131, siyasi engeller ve i\u00e7 reformlar\u0131n tamamlanmas\u0131 gibi fakt\u00f6rler ilerlemeyi etkileyebilir.<\/p>\n<p>Sonu\u00e7 olarak, T\u00fcrkiye&#8217;nin AB&#8217;ye tam \u00fcyeli\u011fi s\u00fcrecinde yap\u0131lan \u00e7al\u0131\u015fmalar\u0131n ilerleme s\u00fcrecine olumlu etkileri olmu\u015ftur. Hukuki<\/p>\n<p><\/body><\/html><\/p>\n","protected":false},"excerpt":{"rendered":"<p>T\u00fcrkiye&#8217;nin AB&#8217;ye Tam \u00dcyeli\u011fi S\u00fcrecinde Yap\u0131lan \u00c7al\u0131\u015fmalar\u0131n \u0130lerleme S\u00fcrecine Etkileri T\u00fcrkiye&#8217;nin Avrupa Birli\u011fi&#8217;ne (AB) tam \u00fcyeli\u011fi s\u00fcreci, \u00fclkemizin uluslararas\u0131 ili\u015fkilerindeki<\/p>\n","protected":false},"author":1,"featured_media":2864,"comment_status":"open","ping_status":"open","sticky":false,"template":"","format":"standard","meta":{"colormag_page_container_layout":"default_layout","colormag_page_sidebar_layout":"default_layout","footnotes":""},"categories":[8],"tags":[],"class_list":["post-2874","post","type-post","status-publish","format-standard","has-post-thumbnail","hentry","category-ekonomi-ve-finans-dersleri"],"_links":{"self":[{"href":"https:\/\/www.sorumatix.com\/blog\/wp-json\/wp\/v2\/posts\/2874","targetHints":{"allow":["GET"]}}],"collection":[{"href":"https:\/\/www.sorumatix.com\/blog\/wp-json\/wp\/v2\/posts"}],"about":[{"href":"https:\/\/www.sorumatix.com\/blog\/wp-json\/wp\/v2\/types\/post"}],"author":[{"embeddable":true,"href":"https:\/\/www.sorumatix.com\/blog\/wp-json\/wp\/v2\/users\/1"}],"replies":[{"embeddable":true,"href":"https:\/\/www.sorumatix.com\/blog\/wp-json\/wp\/v2\/comments?post=2874"}],"version-history":[{"count":1,"href":"https:\/\/www.sorumatix.com\/blog\/wp-json\/wp\/v2\/posts\/2874\/revisions"}],"predecessor-version":[{"id":5066,"href":"https:\/\/www.sorumatix.com\/blog\/wp-json\/wp\/v2\/posts\/2874\/revisions\/5066"}],"wp:featuredmedia":[{"embeddable":true,"href":"https:\/\/www.sorumatix.com\/blog\/wp-json\/wp\/v2\/media\/2864"}],"wp:attachment":[{"href":"https:\/\/www.sorumatix.com\/blog\/wp-json\/wp\/v2\/media?parent=2874"}],"wp:term":[{"taxonomy":"category","embeddable":true,"href":"https:\/\/www.sorumatix.com\/blog\/wp-json\/wp\/v2\/categories?post=2874"},{"taxonomy":"post_tag","embeddable":true,"href":"https:\/\/www.sorumatix.com\/blog\/wp-json\/wp\/v2\/tags?post=2874"}],"curies":[{"name":"wp","href":"https:\/\/api.w.org\/{rel}","templated":true}]}}