{"id":2943,"date":"2024-01-02T02:00:24","date_gmt":"2024-01-02T02:00:24","guid":{"rendered":"https:\/\/www.sorumatix.com\/blog\/?p=2943"},"modified":"2024-01-02T02:00:24","modified_gmt":"2024-01-02T02:00:24","slug":"mo-6-yuzyil-ms-2-yuzyil-felsefesinin-karakteristik-ozellikleri","status":"publish","type":"post","link":"https:\/\/www.sorumatix.com\/blog\/mo-6-yuzyil-ms-2-yuzyil-felsefesinin-karakteristik-ozellikleri.html","title":{"rendered":"M\u00d6 6. y\u00fczy\u0131l-MS 2. y\u00fczy\u0131l felsefesinin karakteristik \u00f6zellikleri"},"content":{"rendered":"<p><center><iframe loading=\"lazy\" width=\"560\" height=\"315\" src=\"https:\/\/www.youtube.com\/embed\/XBgCO7rVKHo\" title=\"YouTube video player\" frameborder=\"0\" allow=\"accelerometer; autoplay; clipboard-write; encrypted-media; gyroscope; picture-in-picture; web-share\" allowfullscreen><\/iframe><\/center><html><head><\/head><body><\/p>\n<p>M\u00d6 6. y\u00fczy\u0131l-MS 2. y\u00fczy\u0131l Felsefesinin Karakteristik \u00d6zellikleri<\/p>\n<p>Merhaba!<\/p>\n<p>Bu makalede, tarihte \u00f6nemli bir d\u00f6nem olan M\u00d6 6. y\u00fczy\u0131l-MS 2. y\u00fczy\u0131l felsefesinin karakteristik \u00f6zelliklerini ele alaca\u011f\u0131z. Heyecan verici bir yolculu\u011fa haz\u0131r m\u0131s\u0131n\u0131z? \u00d6yleyse hemen ba\u015flayal\u0131m!<\/p>\n<p>1. Do\u011fa Felsefesi:<\/p>\n<p>Bu d\u00f6nemdeki filozoflar, do\u011fay\u0131 ve do\u011fal olaylar\u0131 anlamaya \u00e7al\u0131\u015ft\u0131lar. Onlara g\u00f6re evrenin temel yap\u0131s\u0131 ve i\u015fleyi\u015fi \u00fczerine odaklanmak, insanl\u0131k i\u00e7in b\u00fcy\u00fck bir \u00f6neme sahipti. Hayal g\u00fc\u00e7lerini kullanarak d\u00fcnya etraf\u0131ndaki do\u011fal s\u00fcre\u00e7leri a\u00e7\u0131klamaya \u00e7al\u0131\u015ft\u0131lar.<\/p>\n<p><center><img decoding=\"async\" src=\"https:\/\/www.sorumatix.com\/blog\/wp-content\/uploads\/2023\/09\/uploaded-image-mo-6-yuzyil-ms-2-yuzyil-felsefesinin-karakteristik-ozellikleri-1693983924696.jpg\" title=\"M\u00d6 6. y\u00fczy\u0131l-MS 2. y\u00fczy\u0131l felsefesinin karakteristik \u00f6zellikleri \" alt=\"M\u00d6 6. y\u00fczy\u0131l-MS 2. y\u00fczy\u0131l felsefesinin karakteristik \u00f6zellikleri \"><\/center><\/p>\n<p>2. Mant\u0131k ve Rasyonalite:<\/p>\n<p>Bu d\u00f6nemdeki filozoflar, mant\u0131k ve rasyonaliteye b\u00fcy\u00fck bir vurgu yapt\u0131lar. Ak\u0131l yoluyla ger\u00e7e\u011fi ke\u015ffetmeye ve mant\u0131ksal \u00e7\u0131kar\u0131mlarla do\u011fru sonu\u00e7lara ula\u015fmaya \u00e7al\u0131\u015ft\u0131lar. Ger\u00e7eklikle ilgili sorulara cevap ararken, ak\u0131l ve mant\u0131\u011f\u0131 kulland\u0131klar\u0131 \u00f6\u011fretildi.<\/p>\n<p>3. Etik ve Ahlak:<\/p>\n<p>Bu d\u00f6nemdeki d\u00fc\u015f\u00fcn\u00fcrler, insan davran\u0131\u015flar\u0131n\u0131n etiksel boyutunu incelediler. \u0130yi ve k\u00f6t\u00fc aras\u0131ndaki ahlaki de\u011ferleri anlamaya \u00e7al\u0131\u015ft\u0131lar. \u0130nsanlar\u0131n do\u011fruyu yapma sorumlulu\u011funu ve adaleti \u00f6ne \u00e7\u0131kard\u0131lar. Ahlak\u0131n g\u00fc\u00e7l\u00fc bir temele dayand\u0131\u011f\u0131n\u0131 savunarak, bireylerin toplum i\u00e7inde nas\u0131l ya\u015famas\u0131 gerekti\u011fini a\u00e7\u0131klad\u0131lar.<\/p>\n<p>4. Epistemoloji:<\/p>\n<p>Epistemoloji, bilginin do\u011fas\u0131n\u0131 ve kayna\u011f\u0131n\u0131 inceleyen felsefi bir disiplindir. Bu d\u00f6nemdeki filozoflar, bilginin do\u011frulu\u011funu ve ge\u00e7erlili\u011fini tart\u0131\u015ft\u0131lar. Do\u011fru bilgiye ula\u015fman\u0131n yollar\u0131n\u0131 ke\u015ffetmeye \u00e7al\u0131\u015ft\u0131lar ve ger\u00e7e\u011fin pe\u015finden gitmek i\u00e7in sorgulamay\u0131 te\u015fvik ettiler.<\/p>\n<p>5. Platon ve Aristoteles:<\/p>\n<p>Bu d\u00f6nemde iki b\u00fcy\u00fck filozof, Platon ve Aristoteles, felsefe tarihinde \u00f6nemli bir rol oynad\u0131lar. Platon, ideal bir d\u00fcnyay\u0131 ve ger\u00e7ekli\u011fi ara\u015ft\u0131r\u0131rken, Aristoteles pratik konulara odakland\u0131. Bu iki d\u00fc\u015f\u00fcn\u00fcr\u00fcn fikirleri, gelecek nesiller \u00fczerinde derin bir etki b\u0131rakt\u0131.<\/p>\n<p>Sonu\u00e7 olarak, M\u00d6 6. y\u00fczy\u0131l-MS 2. y\u00fczy\u0131l felsefesi, insan d\u00fc\u015f\u00fcncesinin geli\u015fiminde \u00f6nemli bir d\u00f6neme i\u015faret eder. Do\u011fa, mant\u0131k, etik, epistemoloji ve b\u00fcy\u00fck filozoflar bu d\u00f6nemin temel \u00f6zellikleridir. Bu d\u00f6neme ait felsef\u00ee d\u00fc\u015f\u00fcnceler, g\u00fcn\u00fcm\u00fczde hala de\u011ferli ve ilgi \u00e7ekicidir.<\/p>\n<p>Umar\u0131m bu makale, sizi M\u00d6 6. y\u00fczy\u0131l-MS 2. y\u00fczy\u0131l felsefesinin heyecanl\u0131 d\u00fcnyas\u0131na g\u00f6t\u00fcrd\u00fc. E\u011flenceli bir \u015fekilde \u00f6\u011frenmek i\u00e7in daha fazla ke\u015fif yapmaya devam edin!<\/p>\n<p><\/body><\/html><\/p>\n","protected":false},"excerpt":{"rendered":"<p>M\u00d6 6. y\u00fczy\u0131l-MS 2. y\u00fczy\u0131l Felsefesinin Karakteristik \u00d6zellikleri Merhaba! Bu makalede, tarihte \u00f6nemli bir d\u00f6nem olan M\u00d6 6. y\u00fczy\u0131l-MS 2.<\/p>\n","protected":false},"author":1,"featured_media":2940,"comment_status":"open","ping_status":"open","sticky":false,"template":"","format":"standard","meta":{"colormag_page_container_layout":"default_layout","colormag_page_sidebar_layout":"default_layout","footnotes":""},"categories":[15],"tags":[],"class_list":["post-2943","post","type-post","status-publish","format-standard","has-post-thumbnail","hentry","category-sosyal-bilimler-dersleri"],"_links":{"self":[{"href":"https:\/\/www.sorumatix.com\/blog\/wp-json\/wp\/v2\/posts\/2943","targetHints":{"allow":["GET"]}}],"collection":[{"href":"https:\/\/www.sorumatix.com\/blog\/wp-json\/wp\/v2\/posts"}],"about":[{"href":"https:\/\/www.sorumatix.com\/blog\/wp-json\/wp\/v2\/types\/post"}],"author":[{"embeddable":true,"href":"https:\/\/www.sorumatix.com\/blog\/wp-json\/wp\/v2\/users\/1"}],"replies":[{"embeddable":true,"href":"https:\/\/www.sorumatix.com\/blog\/wp-json\/wp\/v2\/comments?post=2943"}],"version-history":[{"count":1,"href":"https:\/\/www.sorumatix.com\/blog\/wp-json\/wp\/v2\/posts\/2943\/revisions"}],"predecessor-version":[{"id":5237,"href":"https:\/\/www.sorumatix.com\/blog\/wp-json\/wp\/v2\/posts\/2943\/revisions\/5237"}],"wp:featuredmedia":[{"embeddable":true,"href":"https:\/\/www.sorumatix.com\/blog\/wp-json\/wp\/v2\/media\/2940"}],"wp:attachment":[{"href":"https:\/\/www.sorumatix.com\/blog\/wp-json\/wp\/v2\/media?parent=2943"}],"wp:term":[{"taxonomy":"category","embeddable":true,"href":"https:\/\/www.sorumatix.com\/blog\/wp-json\/wp\/v2\/categories?post=2943"},{"taxonomy":"post_tag","embeddable":true,"href":"https:\/\/www.sorumatix.com\/blog\/wp-json\/wp\/v2\/tags?post=2943"}],"curies":[{"name":"wp","href":"https:\/\/api.w.org\/{rel}","templated":true}]}}