{"id":2972,"date":"2024-01-20T16:12:24","date_gmt":"2024-01-20T16:12:24","guid":{"rendered":"https:\/\/www.sorumatix.com\/blog\/?p=2972"},"modified":"2024-01-20T16:12:24","modified_gmt":"2024-01-20T16:12:24","slug":"15-yuzyil-17-yuzyil-felsefesini-hazirlayan-dusunce-ortami","status":"publish","type":"post","link":"https:\/\/www.sorumatix.com\/blog\/15-yuzyil-17-yuzyil-felsefesini-hazirlayan-dusunce-ortami.html","title":{"rendered":"15. y\u00fczy\u0131l-17. y\u00fczy\u0131l felsefesini haz\u0131rlayan d\u00fc\u015f\u00fcnce ortam\u0131"},"content":{"rendered":"<p><center><iframe loading=\"lazy\" width=\"560\" height=\"315\" src=\"https:\/\/www.youtube.com\/embed\/IJxJ6apuQfI\" title=\"YouTube video player\" frameborder=\"0\" allow=\"accelerometer; autoplay; clipboard-write; encrypted-media; gyroscope; picture-in-picture; web-share\" allowfullscreen><\/iframe><\/center><html><head><\/head><body><\/p>\n<p>15. Y\u00fczy\u0131l-17. Y\u00fczy\u0131l Felsefesini Haz\u0131rlayan D\u00fc\u015f\u00fcnce Ortam\u0131<\/p>\n<p>Merhaba gen\u00e7 d\u00fc\u015f\u00fcn\u00fcrler! Bug\u00fcn sizlere 15. y\u00fczy\u0131l ile 17. y\u00fczy\u0131l aras\u0131ndaki bir d\u00f6nemde ya\u015fanan felsefi geli\u015fmelerden bahsetmek istiyorum. Bu d\u00f6neme damgas\u0131n\u0131 vuran d\u00fc\u015f\u00fcnce ortam\u0131, modern d\u00fc\u015f\u00fcncenin do\u011fu\u015funa zemin haz\u0131rlam\u0131\u015ft\u0131r. Haydi, e\u011flenceli bir yolculu\u011fa \u00e7\u0131karak bu tarihi d\u00f6nemi ke\u015ffedelim!<\/p>\n<p>1. R\u00f6nesans\u0131n Canl\u0131l\u0131\u011f\u0131:<\/p>\n<p>R\u00f6nesans d\u00f6nemi, sanat, bilim ve edebiyatta b\u00fcy\u00fck at\u0131l\u0131mlar\u0131n ya\u015fand\u0131\u011f\u0131 bir d\u00f6nemdir. Avrupa&#8217;n\u0131n d\u00f6rt bir yan\u0131nda sanat\u00e7\u0131lar, bilim insanlar\u0131 ve yazarlar, eski Yunan ve Roma k\u00fclt\u00fcrlerine olan ilgiyi canland\u0131rm\u0131\u015ft\u0131r. Do\u011fa g\u00f6zlemleri, matematik ve geometri, insan anatomisi gibi konular \u00fczerinde yap\u0131lan \u00e7al\u0131\u015fmalar, yeni fikirlerin do\u011fmas\u0131na vesile olmu\u015ftur.<\/p>\n<p>2. Reform Hareketleri:<\/p>\n<p>16. y\u00fczy\u0131l\u0131n ba\u015f\u0131nda, Katolik Kilisesi&#8217;ne kar\u015f\u0131 reform hareketleri ortaya \u00e7\u0131km\u0131\u015ft\u0131r. Martin Luther ve Jean Calvin gibi d\u00fc\u015f\u00fcn\u00fcrler, kilisenin dogmalar\u0131n\u0131 sorgulam\u0131\u015f ve bireysel inanc\u0131n \u00f6nemini vurgulam\u0131\u015ft\u0131r. Bu hareketler, felsefi ve dini a\u00e7\u0131dan yeni tart\u0131\u015fmalar\u0131n kap\u0131s\u0131n\u0131 aralam\u0131\u015ft\u0131r.<\/p>\n<p><center><img decoding=\"async\" src=\"https:\/\/www.sorumatix.com\/blog\/wp-content\/uploads\/2023\/09\/uploaded-image-15-yuzyil-17-yuzyil-felsefesini-hazirlayan-dusunce-ortami-1693983931931.jpg\" title=\"15. y\u00fczy\u0131l-17. y\u00fczy\u0131l felsefesini haz\u0131rlayan d\u00fc\u015f\u00fcnce ortam\u0131 \" alt=\"15. y\u00fczy\u0131l-17. y\u00fczy\u0131l felsefesini haz\u0131rlayan d\u00fc\u015f\u00fcnce ortam\u0131 \"><\/center><\/p>\n<p>3. Bilimsel Devrimin Patlamas\u0131:<\/p>\n<p>17. y\u00fczy\u0131l\u0131n ba\u015f\u0131nda, bilimde b\u00fcy\u00fck bir devrim ya\u015fanm\u0131\u015ft\u0131r. Galileo Galilei&#8217;nin g\u00f6zlem ve deneylere dayal\u0131 yakla\u015f\u0131m\u0131, Isaac Newton&#8217;un evrensel \u00e7ekim kanunlar\u0131 gibi ke\u015fifler, eski d\u00fc\u015f\u00fcnce sistemlerini sarsm\u0131\u015ft\u0131r. Do\u011fa olaylar\u0131n\u0131n rasyonel olarak a\u00e7\u0131klanabilece\u011fi fikri, felsefi d\u00fc\u015f\u00fcncenin temelini olu\u015fturmu\u015ftur.<\/p>\n<p>4. Ayd\u0131nlanma Fikirleri:<\/p>\n<p>17. y\u00fczy\u0131l\u0131n sonunda ve 18. y\u00fczy\u0131l\u0131n ba\u015f\u0131nda, Ayd\u0131nlanma \u00e7a\u011f\u0131 olarak adland\u0131r\u0131lan bir d\u00f6nem ya\u015fanm\u0131\u015ft\u0131r. Bu d\u00f6nemde, ak\u0131l ve bilimin rehberli\u011finde insanlar\u0131n \u00f6zg\u00fcrle\u015fece\u011fi d\u00fc\u015f\u00fcncesi yayg\u0131nla\u015fm\u0131\u015ft\u0131r. Montesquieu, Voltaire, Rousseau ve Kant gibi filozoflar, insan haklar\u0131na, \u00f6zg\u00fcrl\u00fc\u011fe ve e\u015fitli\u011fe vurgu yapm\u0131\u015ft\u0131r.<\/p>\n<p>Bu heyecan verici d\u00f6nemde, d\u00fc\u015f\u00fcnce \u00f6zg\u00fcrl\u00fc\u011f\u00fcne verilen de\u011fer ve ak\u0131l merkezli yakla\u015f\u0131mlar, modern felsefenin temellerini atm\u0131\u015ft\u0131r. R\u00f6nesans, reform hareketleri, bilimsel devrim ve Ayd\u0131nlanma d\u00fc\u015f\u00fcncesi birbirini tamamlayan unsurlard\u0131r ve g\u00fcn\u00fcm\u00fcz d\u00fcnyas\u0131n\u0131n temel felsefi de\u011ferlerine katk\u0131da bulunmu\u015ftur.<\/p>\n<p>Gen\u00e7 dostlar, felsefe tarihindeki bu d\u00f6nemleri anlamak, d\u00fc\u015f\u00fcnme becerilerinizi geli\u015ftirmeniz a\u00e7\u0131s\u0131ndan \u00f6nemlidir. Sorgulay\u0131c\u0131 olmak, bilimsel y\u00f6ntemlere g\u00fcvenmek ve \u00f6zg\u00fcr d\u00fc\u015f\u00fcnceye de\u011fer vermek, size ilham verecek ve hayata farkl\u0131 bir bak\u0131\u015f a\u00e7\u0131s\u0131yla yakla\u015fman\u0131z\u0131 sa\u011flayacakt\u0131r.<\/p>\n<p>Unutmay\u0131n, sizler de d\u00fc\u015f\u00fcnce tarihinin gelece\u011fisiniz!<\/p>\n<p><\/body><\/html><\/p>\n","protected":false},"excerpt":{"rendered":"<p>15. Y\u00fczy\u0131l-17. Y\u00fczy\u0131l Felsefesini Haz\u0131rlayan D\u00fc\u015f\u00fcnce Ortam\u0131 Merhaba gen\u00e7 d\u00fc\u015f\u00fcn\u00fcrler! Bug\u00fcn sizlere 15. y\u00fczy\u0131l ile 17. y\u00fczy\u0131l aras\u0131ndaki bir d\u00f6nemde<\/p>\n","protected":false},"author":1,"featured_media":2970,"comment_status":"open","ping_status":"open","sticky":false,"template":"","format":"standard","meta":{"colormag_page_container_layout":"default_layout","colormag_page_sidebar_layout":"default_layout","footnotes":""},"categories":[15],"tags":[],"class_list":["post-2972","post","type-post","status-publish","format-standard","has-post-thumbnail","hentry","category-sosyal-bilimler-dersleri"],"_links":{"self":[{"href":"https:\/\/www.sorumatix.com\/blog\/wp-json\/wp\/v2\/posts\/2972","targetHints":{"allow":["GET"]}}],"collection":[{"href":"https:\/\/www.sorumatix.com\/blog\/wp-json\/wp\/v2\/posts"}],"about":[{"href":"https:\/\/www.sorumatix.com\/blog\/wp-json\/wp\/v2\/types\/post"}],"author":[{"embeddable":true,"href":"https:\/\/www.sorumatix.com\/blog\/wp-json\/wp\/v2\/users\/1"}],"replies":[{"embeddable":true,"href":"https:\/\/www.sorumatix.com\/blog\/wp-json\/wp\/v2\/comments?post=2972"}],"version-history":[{"count":1,"href":"https:\/\/www.sorumatix.com\/blog\/wp-json\/wp\/v2\/posts\/2972\/revisions"}],"predecessor-version":[{"id":5347,"href":"https:\/\/www.sorumatix.com\/blog\/wp-json\/wp\/v2\/posts\/2972\/revisions\/5347"}],"wp:featuredmedia":[{"embeddable":true,"href":"https:\/\/www.sorumatix.com\/blog\/wp-json\/wp\/v2\/media\/2970"}],"wp:attachment":[{"href":"https:\/\/www.sorumatix.com\/blog\/wp-json\/wp\/v2\/media?parent=2972"}],"wp:term":[{"taxonomy":"category","embeddable":true,"href":"https:\/\/www.sorumatix.com\/blog\/wp-json\/wp\/v2\/categories?post=2972"},{"taxonomy":"post_tag","embeddable":true,"href":"https:\/\/www.sorumatix.com\/blog\/wp-json\/wp\/v2\/tags?post=2972"}],"curies":[{"name":"wp","href":"https:\/\/api.w.org\/{rel}","templated":true}]}}